{"id":65517,"date":"2025-06-04T16:27:40","date_gmt":"2025-06-04T15:27:40","guid":{"rendered":"https:\/\/www.africanchallenges.com\/?p=65517"},"modified":"2025-06-04T16:37:36","modified_gmt":"2025-06-04T15:37:36","slug":"tunisie-le-chef-de-letat-ordonne-lintegration-de-tous-les-agents-de-la-societe-itissalia-services","status":"publish","type":"post","link":"https:\/\/www.africanchallenges.com\/?p=65517","title":{"rendered":"Tunisie : Le chef de l&rsquo;Etat ordonne l\u2019int\u00e9gration de tous les agents de la soci\u00e9t\u00e9 Itissalia Services"},"content":{"rendered":"\n<p class=\"wp-block-paragraph\">Le pr\u00e9sident de la R\u00e9publique, Ka\u00efs Sa\u00efed, a re\u00e7u dans l\u2019apr\u00e8s-midi du 3 juin 2025 au palais de Carthage Issam Lahmar, ministre des Affaires sociales, ainsi que Sofiene Hemissi, ministre des Technologies de la communication.<\/p>\n\n\n\n<p class=\"wp-block-paragraph\">Au d\u00e9but de cette r\u00e9union, le pr\u00e9sident de la R\u00e9publique a r\u00e9affirm\u00e9 que les solutions, dans tous les domaines, doivent \u00eatre globales et s\u2019inscrire dans une approche nationale visant \u00e0 satisfaire les attentes du peuple dans toutes les r\u00e9gions et tous les secteurs.<\/p>\n\n\n\n<p class=\"wp-block-paragraph\">Dans ce cadre, le chef de l\u2019\u00c9tat a pr\u00e9cis\u00e9 qu\u2019il s\u2019assure que le projet de d\u00e9cret concernant l\u2019interdiction de ce que l\u2019on appelle commun\u00e9ment la sous-traitance dans le secteur public soit un texte qui rompe d\u00e9finitivement \u2014 comme cela a \u00e9t\u00e9 le cas apr\u00e8s la derni\u00e8re r\u00e9vision du Code du travail \u2014 avec cette forme d\u2019esclavage d\u00e9guis\u00e9, fond\u00e9e sur une fausse l\u00e9gitimit\u00e9 injuste, pour la remplacer par une l\u00e9gitimit\u00e9 authentique, reposant sur le respect de la dignit\u00e9 humaine.<\/p>\n\n\n\n<p class=\"wp-block-paragraph\">Le pr\u00e9sident de la R\u00e9publique a ainsi d\u00e9cid\u00e9 que le projet de d\u00e9cret comprendra la dissolution de la soci\u00e9t\u00e9 Itissalia Services et l\u2019int\u00e9gration de ses agents. Il a \u00e9galement d\u00e9cid\u00e9 d\u2019int\u00e9grer les agents employ\u00e9s dans le cadre de ce type de contrats dans les derniers postes o\u00f9 ils exer\u00e7aient leurs fonctions, au sein des structures b\u00e9n\u00e9ficiaires, conform\u00e9ment \u00e0 leurs statuts fondamentaux et en coh\u00e9rence avec les dispositions \u00e9nonc\u00e9es dans la r\u00e9cente r\u00e9vision du Code du travail.<\/p>\n\n\n\n<p class=\"wp-block-paragraph\">Le chef de l\u2019\u00c9tat a \u00e9galement soulign\u00e9 que lorsque l\u2019agent se sent en situation stable, qu\u2019il n\u2019est plus soumis \u00e0 l\u2019injustice et que des perspectives s\u2019ouvrent devant lui, il s\u2019approprie l\u2019institution dans laquelle il travaille, redouble d\u2019efforts et de productivit\u00e9, et sa relation avec cette institution se transforme compl\u00e8tement.<\/p>\n\n\n\n<p class=\"wp-block-paragraph\">De plus, le pr\u00e9sident de la R\u00e9publique a soulign\u00e9 que toute personne exer\u00e7ant des pressions sur les travailleurs ou tentant d&rsquo;\u00e9chapper \u00e0 l&rsquo;application de la loi pour les priver de leurs droits ne pourra pas \u00e9chapper \u00e0 la responsabilit\u00e9 juridique. Les lois de l&rsquo;\u00c9tat, une fois adopt\u00e9es, doivent \u00eatre mises en \u0153uvre, et quiconque les enfreint doit en subir les cons\u00e9quences, conform\u00e9ment \u00e0 la l\u00e9gislation en vigueur.<\/p>\n\n\n\n<p class=\"wp-block-paragraph\"> Le pr\u00e9sident a termin\u00e9 en indiquant que l&rsquo;intention n&rsquo;est pas de nuire \u00e0 quiconque, mais plut\u00f4t de mettre un terme d\u00e9finitif \u00e0 l&rsquo;injustice et aux abus. Lorsque la justice pr\u00e9vaut et que la stabilit\u00e9 est garantie, la richesse se d\u00e9veloppe et chacun en tire profit, selon le communiqu\u00e9.<\/p>\n","protected":false},"excerpt":{"rendered":"<p>Le pr\u00e9sident de la R\u00e9publique, Ka\u00efs Sa\u00efed, a re\u00e7u dans l\u2019apr\u00e8s-midi du 3 juin 2025 au palais de Carthage Issam Lahmar, ministre des Affaires sociales, ainsi que Sofiene Hemissi, ministre des Technologies de la communication. Au d\u00e9but de cette r\u00e9union, le pr\u00e9sident de la R\u00e9publique a r\u00e9affirm\u00e9 que les solutions, dans tous les domaines, doivent [&hellip;]<\/p>\n","protected":false},"author":4,"featured_media":65518,"comment_status":"open","ping_status":"closed","sticky":false,"template":"","format":"standard","meta":{"content-type":"","jnews-multi-image_gallery":[],"jnews_single_post":{"format":"standard"},"jnews_primary_category":[],"jnews_override_bookmark_settings":[],"jnews_review":[],"enable_review":"","type":"","name":"","summary":"","brand":"","sku":"","good":[],"bad":[],"score_override":"","override_value":"","rating":[],"price":[],"jnews_post_split":[],"footnotes":""},"categories":[2],"tags":[1080,15680,3712],"class_list":["post-65517","post","type-post","status-publish","format-standard","has-post-thumbnail","hentry","category-news-politique","tag-integration","tag-itissalia-services","tag-kais-saied-2"],"_links":{"self":[{"href":"https:\/\/www.africanchallenges.com\/index.php?rest_route=\/wp\/v2\/posts\/65517","targetHints":{"allow":["GET"]}}],"collection":[{"href":"https:\/\/www.africanchallenges.com\/index.php?rest_route=\/wp\/v2\/posts"}],"about":[{"href":"https:\/\/www.africanchallenges.com\/index.php?rest_route=\/wp\/v2\/types\/post"}],"author":[{"embeddable":true,"href":"https:\/\/www.africanchallenges.com\/index.php?rest_route=\/wp\/v2\/users\/4"}],"replies":[{"embeddable":true,"href":"https:\/\/www.africanchallenges.com\/index.php?rest_route=%2Fwp%2Fv2%2Fcomments&post=65517"}],"version-history":[{"count":3,"href":"https:\/\/www.africanchallenges.com\/index.php?rest_route=\/wp\/v2\/posts\/65517\/revisions"}],"predecessor-version":[{"id":65525,"href":"https:\/\/www.africanchallenges.com\/index.php?rest_route=\/wp\/v2\/posts\/65517\/revisions\/65525"}],"wp:featuredmedia":[{"embeddable":true,"href":"https:\/\/www.africanchallenges.com\/index.php?rest_route=\/wp\/v2\/media\/65518"}],"wp:attachment":[{"href":"https:\/\/www.africanchallenges.com\/index.php?rest_route=%2Fwp%2Fv2%2Fmedia&parent=65517"}],"wp:term":[{"taxonomy":"category","embeddable":true,"href":"https:\/\/www.africanchallenges.com\/index.php?rest_route=%2Fwp%2Fv2%2Fcategories&post=65517"},{"taxonomy":"post_tag","embeddable":true,"href":"https:\/\/www.africanchallenges.com\/index.php?rest_route=%2Fwp%2Fv2%2Ftags&post=65517"}],"curies":[{"name":"wp","href":"https:\/\/api.w.org\/{rel}","templated":true}]}}