{"id":65363,"date":"2025-05-20T17:19:55","date_gmt":"2025-05-20T16:19:55","guid":{"rendered":"https:\/\/www.africanchallenges.com\/?p=65363"},"modified":"2025-05-29T17:24:16","modified_gmt":"2025-05-29T16:24:16","slug":"tunisie-le-ministre-de-la-defense-nationale-recoit-lambassadeur-de-suisse-en-tunisie-josef-renggli","status":"publish","type":"post","link":"https:\/\/www.africanchallenges.com\/?p=65363","title":{"rendered":"Tunisie: Le ministre de la D\u00e9fense nationale re\u00e7oit \u00a0l&rsquo;ambassadeur de Suisse en Tunisie, Josef Renggli"},"content":{"rendered":"\n<p class=\"wp-block-paragraph\">Le ministre de la D\u00e9fense Nationale, M. Khaled &nbsp;Shili, a re\u00e7u, le mardi 20 mai 2025, au si\u00e8ge du minist\u00e8re, M. Joseph Renggli, ambassadeur de Suisse en Tunisie. Cette rencontre a \u00e9t\u00e9 l&rsquo;occasion de faire le point sur le niveau de coop\u00e9ration militaire entre les deux parties et d&rsquo;explorer les moyens de l&rsquo;am\u00e9liorer au plus haut niveau.<\/p>\n\n\n\n<p class=\"wp-block-paragraph\">Le ministre de la D\u00e9fense nationale a exprim\u00e9 sa satisfaction quant \u00e0 la qualit\u00e9 des relations d&rsquo;amiti\u00e9 et de coop\u00e9ration entre la Tunisie et la Suisse, en appelant \u00e0 la cr\u00e9ation de cadres juridiques pour favoriser son d\u00e9veloppement et \u00e0 l&rsquo;\u00e9tablissement d&rsquo;un partenariat durable dans les domaines de la formation et de l&rsquo;\u00e9change d&rsquo;exp\u00e9riences.<\/p>\n\n\n\n<p class=\"wp-block-paragraph\">Il a \u00e9galement soulign\u00e9 que les institutions militaires tunisiennes et suisses partagent des valeurs de paix et de solidarit\u00e9 humaine, ce qui ouvre de nouvelles perspectives de coop\u00e9ration dans divers domaines, tels que la formation dans les \u00e9coles et centres militaires suisses, en tirant parti de leur expertise dans les missions de maintien de la paix \u00e0 l&rsquo;\u00e9chelle mondiale, le droit international humanitaire, le d\u00e9veloppement des capacit\u00e9s en mati\u00e8re de gouvernance et d&rsquo;int\u00e9grit\u00e9 dans les secteurs de la s\u00e9curit\u00e9 et de la d\u00e9fense, ainsi que la transparence.<\/p>\n\n\n\n<p class=\"wp-block-paragraph\">De son c\u00f4t\u00e9, l&rsquo;ambassadeur de Suisse a mis en avant les relations solides qui unissent les deux peuples amis, en soulignant la volont\u00e9 de son pays de renforcer davantage la coop\u00e9ration militaire avec la Tunisie et d&rsquo;\u00e9largir ses domaines d&rsquo;action pour atteindre les objectifs communs des deux nations dans ce secteur.<\/p>\n","protected":false},"excerpt":{"rendered":"<p>Le ministre de la D\u00e9fense Nationale, M. Khaled &nbsp;Shili, a re\u00e7u, le mardi 20 mai 2025, au si\u00e8ge du minist\u00e8re, M. Joseph Renggli, ambassadeur de Suisse en Tunisie. Cette rencontre a \u00e9t\u00e9 l&rsquo;occasion de faire le point sur le niveau de coop\u00e9ration militaire entre les deux parties et d&rsquo;explorer les moyens de l&rsquo;am\u00e9liorer au plus [&hellip;]<\/p>\n","protected":false},"author":4,"featured_media":65365,"comment_status":"open","ping_status":"closed","sticky":false,"template":"","format":"standard","meta":{"content-type":"","jnews-multi-image_gallery":[],"jnews_single_post":{"format":"standard"},"jnews_primary_category":[],"jnews_override_bookmark_settings":[],"jnews_review":[],"enable_review":"","type":"","name":"","summary":"","brand":"","sku":"","good":[],"bad":[],"score_override":"","override_value":"","rating":[],"price":[],"jnews_post_split":[],"footnotes":""},"categories":[2],"tags":[1764,15361,15626,6863,54],"class_list":["post-65363","post","type-post","status-publish","format-standard","has-post-thumbnail","hentry","category-news-politique","tag-cooperation-militaire","tag-josef-renggli","tag-khled-shili","tag-suisse","tag-tunisie"],"_links":{"self":[{"href":"https:\/\/www.africanchallenges.com\/index.php?rest_route=\/wp\/v2\/posts\/65363","targetHints":{"allow":["GET"]}}],"collection":[{"href":"https:\/\/www.africanchallenges.com\/index.php?rest_route=\/wp\/v2\/posts"}],"about":[{"href":"https:\/\/www.africanchallenges.com\/index.php?rest_route=\/wp\/v2\/types\/post"}],"author":[{"embeddable":true,"href":"https:\/\/www.africanchallenges.com\/index.php?rest_route=\/wp\/v2\/users\/4"}],"replies":[{"embeddable":true,"href":"https:\/\/www.africanchallenges.com\/index.php?rest_route=%2Fwp%2Fv2%2Fcomments&post=65363"}],"version-history":[{"count":1,"href":"https:\/\/www.africanchallenges.com\/index.php?rest_route=\/wp\/v2\/posts\/65363\/revisions"}],"predecessor-version":[{"id":65364,"href":"https:\/\/www.africanchallenges.com\/index.php?rest_route=\/wp\/v2\/posts\/65363\/revisions\/65364"}],"wp:featuredmedia":[{"embeddable":true,"href":"https:\/\/www.africanchallenges.com\/index.php?rest_route=\/wp\/v2\/media\/65365"}],"wp:attachment":[{"href":"https:\/\/www.africanchallenges.com\/index.php?rest_route=%2Fwp%2Fv2%2Fmedia&parent=65363"}],"wp:term":[{"taxonomy":"category","embeddable":true,"href":"https:\/\/www.africanchallenges.com\/index.php?rest_route=%2Fwp%2Fv2%2Fcategories&post=65363"},{"taxonomy":"post_tag","embeddable":true,"href":"https:\/\/www.africanchallenges.com\/index.php?rest_route=%2Fwp%2Fv2%2Ftags&post=65363"}],"curies":[{"name":"wp","href":"https:\/\/api.w.org\/{rel}","templated":true}]}}