{"id":65276,"date":"2025-05-27T20:40:36","date_gmt":"2025-05-27T19:40:36","guid":{"rendered":"https:\/\/www.africanchallenges.com\/?p=65276"},"modified":"2025-05-27T20:48:14","modified_gmt":"2025-05-27T19:48:14","slug":"tunisie-la1ere-edition-de-jazzit-festival-un-souffle-despoir-a-travers-la-musique-du-29-mai-au-31-mai","status":"publish","type":"post","link":"https:\/\/www.africanchallenges.com\/?p=65276","title":{"rendered":"Tunisie : La1\u00e8re \u00e9dition de\u00a0Jazz\u2019it festival, un souffle d&rsquo;espoir \u00e0 travers la musique du 29 mai au 31 mai\u00a0"},"content":{"rendered":"\n<p class=\"wp-block-paragraph\">Pr\u00e9parez-vous \u00e0 vivre une exp\u00e9rience artistique hors du commun du 29 mai au 31 mai 2025, \u00e0 la Cit\u00e9 de la Culture, au Th\u00e9\u00e2tre des Jeunes Cr\u00e9ateurs ! Le Jazz\u2019it Festival vous invite \u00e0 plonger dans un univers o\u00f9 se m\u00ealent excellence, d\u00e9couvertes et moments de pure magie. Plus qu\u2019un simple festival, cet \u00e9v\u00e9nement est une c\u00e9l\u00e9bration de la musique dans sa forme la plus pure, o\u00f9 chaque note, chaque souffle, chaque silence r\u00e9sonne comme un hymne \u00e0 la libert\u00e9 et \u00e0 la cr\u00e9ativit\u00e9.<\/p>\n\n\n\n<p class=\"wp-block-paragraph\">Une invitation \u00e0 laisser la musique vous guider, \u00e0 vibrer aux rythmes du jazz, \u00e0 explorer ses multiples facettes et \u00e0 partager des instants de magie avec des artistes passionn\u00e9s.<\/p>\n\n\n\n<p class=\"wp-block-paragraph\">Au programme, des moments inoubliables avec des artistes de renomm\u00e9e mondiale qui repoussent sans cesse les fronti\u00e8res du genre. <\/p>\n\n\n\n<p class=\"wp-block-paragraph\">L\u2019ouverture sera sign\u00e9e par le saxophoniste belge Pierre Vaiana, fid\u00e8le \u00e0 son univers unique, pr\u00e9sentera \u00e9galement son nouveau disque Camera Obscura parue sur le label partenaire Igloo Records. Une \u0153uvre riche d\u2019\u00e9motions et de virtuosit\u00e9 qui rend hommage \u00e0 sa patrie d\u2019origine la Sicile ,<\/p>\n\n\n\n<p class=\"wp-block-paragraph\">Le jeudi 29 en deuxi\u00e8me partie de soir\u00e9e, nous avons l\u2019honneur d\u2019accueillir pour la premi\u00e8re fois en Tunisie Seamus Blake, saxophoniste de talent, qui partagera son univers singulier avec nous, aux c\u00f4t\u00e9s de Moncef Genoud, pianiste reconnu comme l\u2019une des figures majeures du jazz europ\u00e9en.<\/p>\n\n\n\n<p class=\"wp-block-paragraph\">Le festival sera \u00e9galement l&rsquo;occasion de d\u00e9couvrir des projets discographiques in\u00e9dits \u00e0 travers une une soir\u00e9e d\u00e9di\u00e9e aux sorties de disques en vinyles sur le label Jazzit Records h\u00f4te du festival. Le premier est celui du batteur Mourad Benhammou, ma\u00eetre du swing et de l\u2019improvisation, pr\u00e9sentera son dernier album Silk &amp; Soul le vendredi 30 mai.<\/p>\n\n\n\n<p class=\"wp-block-paragraph\">Le deuxi\u00e8me album Tunisian Vibes de Kyle Schafer, pianiste am\u00e9ricain, nous invite \u00e0 un voyage musical fascinant en r\u00e9interpr\u00e9tant les standards de la musique tunisienne, dans une fusion audacieuse des cultures<\/p>\n\n\n\n<p class=\"wp-block-paragraph\">Et ce n\u2019est pas tout ! Pour la premi\u00e8re fois \u00e0 Tunis, nous aurons le privil\u00e8ge d\u2019accueillir Mark Whitfield, une l\u00e9gende vivante du jazz moderne. Sa ma\u00eetrise technique et son sens in\u00e9gal\u00e9 de l\u2019expression font de lui un artiste incontournable. Mark Whitfield se produira en concert exceptionnel lors de cette premi\u00e8re \u00e9dition, un \u00e9v\u00e9nement \u00e0 ne pas manquer pour tous les passionn\u00e9s de jazz.<\/p>\n\n\n\n<p class=\"wp-block-paragraph\">Le Jazz\u2019it Festival, c\u2019est aussi un tremplin pour la jeune sc\u00e8ne tunisienne avec des workshops et masterclasses anim\u00e9s par les artistes invit\u00e9s permettront au public et aux musiciens en herbe d&rsquo;approfondir leur connaissance du jazz et de ses diff\u00e9rentes facettes. Ces moments d&rsquo;\u00e9change seront l&rsquo;occasion unique d&rsquo;apprendre aux c\u00f4t\u00e9s de figures majeures du genre, tout en partageant la passion commune pour cette musique vivante et intemporelle.<\/p>\n\n\n\n<p class=\"wp-block-paragraph\">Le Jazzit Club, espace d\u00e9di\u00e9 aux after-concerts, offrira quant \u00e0 lui des soir\u00e9es musicales intimistes et conviviales, o\u00f9 les artistes et le public pourront se retrouver autour d&rsquo;un verre et prolonger l&rsquo;exp\u00e9rience du festival dans une atmosph\u00e8re d\u00e9tendue et chaleureuse.<\/p>\n\n\n\n<p class=\"wp-block-paragraph\">Cet \u00e9v\u00e9nement incarne \u00e9galement un acte de r\u00e9sistance et d\u2019espoir. Dans un contexte o\u00f9 la culture devient plus que jamais un vecteur de lumi\u00e8re dans l\u2019obscurit\u00e9, le Jazz\u2019it Festival se veut un message de paix et de solidarit\u00e9. Gr\u00e2ce au soutien de l&rsquo;Institut Fran\u00e7ais de Tunisie, de l&rsquo;Ambassade du Canada, de la D\u00e9l\u00e9gation Wallonie-Bruxelles et de nos nombreux partenaires, nous avons pu concr\u00e9tiser ce projet qui, nous l\u2019esp\u00e9rons, marquera le d\u00e9but d\u2019une belle et longue aventure.<\/p>\n\n\n\n<p class=\"wp-block-paragraph\">Bienvenue \u00e0 cette premi\u00e8re \u00e9dition du Jazz\u2019it Festival, bienvenue dans l\u2019univers du jazz. Let\u2019s Jazzit<\/p>\n\n\n\n<p class=\"wp-block-paragraph\"><strong><em>Programme : <\/em><\/strong><\/p>\n\n\n\n<figure class=\"wp-block-image size-full\"><img fetchpriority=\"high\" decoding=\"async\" width=\"615\" height=\"862\" src=\"https:\/\/www.africanchallenges.com\/wp-content\/uploads\/2025\/05\/programme.jpg\" alt=\"\" class=\"wp-image-65281\" srcset=\"https:\/\/www.africanchallenges.com\/wp-content\/uploads\/2025\/05\/programme.jpg 615w, https:\/\/www.africanchallenges.com\/wp-content\/uploads\/2025\/05\/programme-214x300.jpg 214w, https:\/\/www.africanchallenges.com\/wp-content\/uploads\/2025\/05\/programme-360x504.jpg 360w\" sizes=\"(max-width: 615px) 100vw, 615px\" \/><\/figure>\n\n\n\n<p class=\"wp-block-paragraph\"><\/p>\n","protected":false},"excerpt":{"rendered":"<p>Pr\u00e9parez-vous \u00e0 vivre une exp\u00e9rience artistique hors du commun du 29 mai au 31 mai 2025, \u00e0 la Cit\u00e9 de la Culture, au Th\u00e9\u00e2tre des Jeunes Cr\u00e9ateurs ! Le Jazz\u2019it Festival vous invite \u00e0 plonger dans un univers o\u00f9 se m\u00ealent excellence, d\u00e9couvertes et moments de pure magie. Plus qu\u2019un simple festival, cet \u00e9v\u00e9nement est [&hellip;]<\/p>\n","protected":false},"author":4,"featured_media":65284,"comment_status":"open","ping_status":"closed","sticky":false,"template":"","format":"standard","meta":{"content-type":"","jnews-multi-image_gallery":[],"jnews_single_post":{"format":"standard"},"jnews_primary_category":[],"jnews_override_bookmark_settings":[],"jnews_review":[],"enable_review":"","type":"","name":"","summary":"","brand":"","sku":"","good":[],"bad":[],"score_override":"","override_value":"","rating":[],"price":[],"jnews_post_split":[],"footnotes":""},"categories":[17],"tags":[12237,15592,1261,15594,15593],"class_list":["post-65276","post","type-post","status-publish","format-standard","has-post-thumbnail","hentry","category-entertainment","tag-creativite","tag-jazzit-festival","tag-liberte","tag-moncef-genoud","tag-pierre-vaiana"],"_links":{"self":[{"href":"https:\/\/www.africanchallenges.com\/index.php?rest_route=\/wp\/v2\/posts\/65276","targetHints":{"allow":["GET"]}}],"collection":[{"href":"https:\/\/www.africanchallenges.com\/index.php?rest_route=\/wp\/v2\/posts"}],"about":[{"href":"https:\/\/www.africanchallenges.com\/index.php?rest_route=\/wp\/v2\/types\/post"}],"author":[{"embeddable":true,"href":"https:\/\/www.africanchallenges.com\/index.php?rest_route=\/wp\/v2\/users\/4"}],"replies":[{"embeddable":true,"href":"https:\/\/www.africanchallenges.com\/index.php?rest_route=%2Fwp%2Fv2%2Fcomments&post=65276"}],"version-history":[{"count":2,"href":"https:\/\/www.africanchallenges.com\/index.php?rest_route=\/wp\/v2\/posts\/65276\/revisions"}],"predecessor-version":[{"id":65282,"href":"https:\/\/www.africanchallenges.com\/index.php?rest_route=\/wp\/v2\/posts\/65276\/revisions\/65282"}],"wp:featuredmedia":[{"embeddable":true,"href":"https:\/\/www.africanchallenges.com\/index.php?rest_route=\/wp\/v2\/media\/65284"}],"wp:attachment":[{"href":"https:\/\/www.africanchallenges.com\/index.php?rest_route=%2Fwp%2Fv2%2Fmedia&parent=65276"}],"wp:term":[{"taxonomy":"category","embeddable":true,"href":"https:\/\/www.africanchallenges.com\/index.php?rest_route=%2Fwp%2Fv2%2Fcategories&post=65276"},{"taxonomy":"post_tag","embeddable":true,"href":"https:\/\/www.africanchallenges.com\/index.php?rest_route=%2Fwp%2Fv2%2Ftags&post=65276"}],"curies":[{"name":"wp","href":"https:\/\/api.w.org\/{rel}","templated":true}]}}