{"id":65221,"date":"2025-05-27T12:59:23","date_gmt":"2025-05-27T11:59:23","guid":{"rendered":"https:\/\/www.africanchallenges.com\/?p=65221"},"modified":"2025-05-27T12:59:25","modified_gmt":"2025-05-27T11:59:25","slug":"la-tunisie-participe-a-la-celebration-de-la-journee-de-lafrique","status":"publish","type":"post","link":"https:\/\/www.africanchallenges.com\/?p=65221","title":{"rendered":"La Tunisie participe \u00e0 la c\u00e9l\u00e9bration de la Journ\u00e9e de l&rsquo;Afrique"},"content":{"rendered":"\n<p class=\"wp-block-paragraph\">Dans le cadre des activit\u00e9s de la c\u00e9l\u00e9bration de la Journ\u00e9e de l&rsquo;Afrique, dans la soir\u00e9e du 26 mai 2025, M. Mohamed Ali NAFTI, Ministre des Affaires \u00c9trang\u00e8res, de la Migration et des Tunisiens de l&rsquo;\u00e9tranger, a particip\u00e9 \u00e0 une r\u00e9ception officielle organis\u00e9e par le groupe des ambassadeurs africains en Tunisie, en pr\u00e9sence de l&rsquo;ambassadeur de la R\u00e9publique de Guin\u00e9e \u00c9quatoriale, doyen du groupe des ambassadeurs africains, et des membres du corps diplomatique \u00e9tranger accr\u00e9dit\u00e9s dans notre pays.<\/p>\n\n\n\n<p class=\"wp-block-paragraph\">Dans son discours, le ministre a r\u00e9affirm\u00e9 la fiert\u00e9 de la Tunisie de son appartenance africaine et son engagement permanent et ind\u00e9fectible \u00e0 renforcer les relations fraternelles de longue date et la forte coop\u00e9ration qui l&rsquo;unit \u00e0 tous les pays africains fr\u00e8res sur la base d&rsquo;une solidarit\u00e9 active, d&rsquo;int\u00e9r\u00eats communs et de b\u00e9n\u00e9fices mutuels, soulignant la d\u00e9termination de notre pays \u00e0 faire entendre la voix de l&rsquo;Afrique au sein des organisations continentales et internationales et \u00e0 d\u00e9fendre avec constance les aspirations l\u00e9gitimes des pays du continent en mati\u00e8re de s\u00e9curit\u00e9, de stabilit\u00e9 et de d\u00e9veloppement durable.<\/p>\n\n\n\n<p class=\"wp-block-paragraph\">Il a soulign\u00e9 l&rsquo;importance du slogan adopt\u00e9 par l&rsquo;Union africaine pour l&rsquo;ann\u00e9e 2025 \u00ab\u00a0justice et indemnisation pour les Africains et les personnes d&rsquo;ascendance africaine\u00a0\u00bb, qui s&rsquo;inscrit dans le prolongement des luttes historiques et h\u00e9ro\u00efques que notre continent a men\u00e9es contre des injustices s\u00e9culaires et souligne la n\u00e9cessit\u00e9 de travailler ensemble pour un avenir fond\u00e9 sur la dignit\u00e9, la justice, le respect de la souverainet\u00e9 nationale et le d\u00e9veloppement solidaire.<\/p>\n\n\n\n<p class=\"wp-block-paragraph\">Le ministre a \u00e9galement rappel\u00e9 l&rsquo;affirmation de notre pays lors du r\u00e9cent sommet de l&rsquo;Union Africaine (Addis Abeba, f\u00e9vrier 2025), de la r\u00e9union des ministres des Affaires \u00e9trang\u00e8res de l&rsquo;Union Africaine et de l&rsquo;Union Europ\u00e9enne (Bruxelles, 21 mai 2025) et du Futur Sommet (New York, septembre 2024), affirmant qu&rsquo;il a \u00e9t\u00e9 et continuera d&rsquo;\u00eatre un pont entre l&rsquo;Afrique, le monde arabe et la M\u00e9diterran\u00e9e. Il a \u00e9galement soulign\u00e9 que l&rsquo;Afrique, riche en ressources naturelles et en jeunes talents, poss\u00e8de toutes les opportunit\u00e9s n\u00e9cessaires pour atteindre la croissance et la prosp\u00e9rit\u00e9.<\/p>\n\n\n\n<p class=\"wp-block-paragraph\">Dans ce contexte, il a mis en avant les efforts de notre pays pour promouvoir la coop\u00e9ration africaine avec divers blocs r\u00e9gionaux et continentaux, dans le cadre d&rsquo;un partenariat bas\u00e9 sur le respect mutuel et les int\u00e9r\u00eats communs. Il a \u00e9galement soulign\u00e9 la participation attendue de notre pays \u00e0 plusieurs r\u00e9unions de haut niveau \u00e0 venir, y compris le Forum de coop\u00e9ration Chine-Afrique (Changsha, Chine, 10-12 juin 2025) et la neuvi\u00e8me Conf\u00e9rence internationale de Tokyo sur le D\u00e9veloppement de l&rsquo;Afrique (TICAD 9) (Yokohama, Japon, 20-22 ao\u00fbt 2025).<\/p>\n\n\n\n<p class=\"wp-block-paragraph\">M. Mohamed Ali NAFTI a r\u00e9affirm\u00e9 le soutien ind\u00e9fectible et inconditionnel de la Tunisie envers le peuple palestinien fr\u00e8re, en pr\u00e9cisant que cet engagement en faveur de la juste cause palestinienne est en accord avec la devise de l&rsquo;Union africaine, car il repr\u00e9sente une solidarit\u00e9 historique et morale entre tous les peuples opprim\u00e9s, unis dans leurs luttes contre l&rsquo;injustice, le colonialisme, l&rsquo;apartheid et la privation des droits fondamentaux inali\u00e9nables.<\/p>\n\n\n\n<p class=\"wp-block-paragraph\">Le ministre a \u00e9galement soulign\u00e9 l&rsquo;importance de r\u00e9aliser les nobles principes et valeurs qui ont \u00e9t\u00e9 \u00e0 l&rsquo;origine de la cr\u00e9ation de l&rsquo;Organisation de l&rsquo;unit\u00e9 africaine, en travaillant sans rel\u00e2che pour trouver des solutions afro-africaines innovantes capables de relever les multiples d\u00e9fis actuels auxquels notre continent est confront\u00e9, dans le cadre de la mise en \u0153uvre de l&rsquo;Agenda 2063.<\/p>\n","protected":false},"excerpt":{"rendered":"<p>Dans le cadre des activit\u00e9s de la c\u00e9l\u00e9bration de la Journ\u00e9e de l&rsquo;Afrique, dans la soir\u00e9e du 26 mai 2025, M. Mohamed Ali NAFTI, Ministre des Affaires \u00c9trang\u00e8res, de la Migration et des Tunisiens de l&rsquo;\u00e9tranger, a particip\u00e9 \u00e0 une r\u00e9ception officielle organis\u00e9e par le groupe des ambassadeurs africains en Tunisie, en pr\u00e9sence de l&rsquo;ambassadeur [&hellip;]<\/p>\n","protected":false},"author":4,"featured_media":65222,"comment_status":"open","ping_status":"closed","sticky":false,"template":"","format":"standard","meta":{"content-type":"","jnews-multi-image_gallery":[],"jnews_single_post":{"format":"standard"},"jnews_primary_category":[],"jnews_override_bookmark_settings":[],"jnews_review":[],"enable_review":"","type":"","name":"","summary":"","brand":"","sku":"","good":[],"bad":[],"score_override":"","override_value":"","rating":[],"price":[],"jnews_post_split":[],"footnotes":""},"categories":[2],"tags":[],"class_list":["post-65221","post","type-post","status-publish","format-standard","has-post-thumbnail","hentry","category-news-politique"],"_links":{"self":[{"href":"https:\/\/www.africanchallenges.com\/index.php?rest_route=\/wp\/v2\/posts\/65221","targetHints":{"allow":["GET"]}}],"collection":[{"href":"https:\/\/www.africanchallenges.com\/index.php?rest_route=\/wp\/v2\/posts"}],"about":[{"href":"https:\/\/www.africanchallenges.com\/index.php?rest_route=\/wp\/v2\/types\/post"}],"author":[{"embeddable":true,"href":"https:\/\/www.africanchallenges.com\/index.php?rest_route=\/wp\/v2\/users\/4"}],"replies":[{"embeddable":true,"href":"https:\/\/www.africanchallenges.com\/index.php?rest_route=%2Fwp%2Fv2%2Fcomments&post=65221"}],"version-history":[{"count":2,"href":"https:\/\/www.africanchallenges.com\/index.php?rest_route=\/wp\/v2\/posts\/65221\/revisions"}],"predecessor-version":[{"id":65224,"href":"https:\/\/www.africanchallenges.com\/index.php?rest_route=\/wp\/v2\/posts\/65221\/revisions\/65224"}],"wp:featuredmedia":[{"embeddable":true,"href":"https:\/\/www.africanchallenges.com\/index.php?rest_route=\/wp\/v2\/media\/65222"}],"wp:attachment":[{"href":"https:\/\/www.africanchallenges.com\/index.php?rest_route=%2Fwp%2Fv2%2Fmedia&parent=65221"}],"wp:term":[{"taxonomy":"category","embeddable":true,"href":"https:\/\/www.africanchallenges.com\/index.php?rest_route=%2Fwp%2Fv2%2Fcategories&post=65221"},{"taxonomy":"post_tag","embeddable":true,"href":"https:\/\/www.africanchallenges.com\/index.php?rest_route=%2Fwp%2Fv2%2Ftags&post=65221"}],"curies":[{"name":"wp","href":"https:\/\/api.w.org\/{rel}","templated":true}]}}