{"id":65206,"date":"2025-05-27T11:31:57","date_gmt":"2025-05-27T10:31:57","guid":{"rendered":"https:\/\/www.africanchallenges.com\/?p=65206"},"modified":"2025-05-27T11:33:10","modified_gmt":"2025-05-27T10:33:10","slug":"tunisie-le-president-de-la-republique-appelle-a-la-creation-de-nouvelles-strategies-pour-financer-le-budget-de-letat","status":"publish","type":"post","link":"https:\/\/www.africanchallenges.com\/?p=65206","title":{"rendered":"Tunisie : Le pr\u00e9sident de la R\u00e9publique appelle \u00e0 la cr\u00e9ation de nouvelles strat\u00e9gies pour financer le budget de l&rsquo;\u00c9tat"},"content":{"rendered":"\n<p class=\"wp-block-paragraph\">Le pr\u00e9sident de la R\u00e9publique, Ka\u00efs Sa\u00efed, a re\u00e7u hier lundi 26 mai au palais de Carthage la cheffe du gouvernement, Sarra Za\u00e2frani Zenzri, ainsi que la ministre des Finances, Michket Slama Khaldi. Cette r\u00e9union a permis au chef de l\u2019\u00c9tat de souligner l&rsquo;importance de r\u00e9\u00e9valuer les \u00e9quilibres financiers du pays en tenant compte des sp\u00e9cificit\u00e9s nationales, tout en renfor\u00e7ant l&rsquo;aspect social dans la politique budg\u00e9taire de l&rsquo;\u00c9tat.<\/p>\n\n\n\n<p class=\"wp-block-paragraph\">Ka\u00efs Sa\u00efed a fortement critiqu\u00e9 les d\u00e9cisions \u00e9conomiques ant\u00e9rieures, qu\u2019il consid\u00e8re comme responsables de l\u2019appauvrissement d&rsquo;une grande partie de la population. \u00ab Le peuple tunisien en subit aujourd&rsquo;hui les cons\u00e9quences \u00bb, a-t-il affirm\u00e9, d\u00e9non\u00e7ant des emprunts contract\u00e9s au fil des ans dont les int\u00e9r\u00eats continuent \u00e0 peser lourdement sur les finances publiques, sans que la collectivit\u00e9 nationale n\u2019en ait r\u00e9ellement b\u00e9n\u00e9fici\u00e9.<\/p>\n\n\n\n<p class=\"wp-block-paragraph\">Dans ce contexte, le pr\u00e9sident a appel\u00e9 \u00e0 la cr\u00e9ation de nouvelles strat\u00e9gies pour financer le budget de l&rsquo;\u00c9tat. Il a \u00e9galement donn\u00e9 des instructions pour relancer les recrutements dans plusieurs secteurs publics, estimant qu&rsquo;il est temps de r\u00e9gulariser de nombreuses situations laiss\u00e9es en suspens en raison de politiques qu&rsquo;il qualifie \u00ab d&rsquo;exclusionnaires \u00bb.<\/p>\n\n\n\n<p class=\"wp-block-paragraph\">Sur un autre plan, Ka\u00efs Sa\u00efed a ordonn\u00e9 une tol\u00e9rance z\u00e9ro envers les responsables administratifs qui se d\u00e9robent \u00e0 leur devoir de servir les citoyens, en invoquant divers pr\u00e9textes pour ne pas fournir les services dans les meilleures conditions. Il a une nouvelle fois d\u00e9nonc\u00e9 ce qu&rsquo;il appelle \u00ab l&rsquo;\u00c9tat profond \u00bb, qu&rsquo;il consid\u00e8re comme un dysfonctionnement manifeste qu&rsquo;il faut \u00e9liminer. \u00ab Il n&rsquo;y a qu&rsquo;un seul \u00c9tat, celui choisi librement par le peuple et repr\u00e9sent\u00e9 par ses institutions l\u00e9gitimes \u00bb, a-t-il affirm\u00e9.<\/p>\n","protected":false},"excerpt":{"rendered":"<p>Le pr\u00e9sident de la R\u00e9publique, Ka\u00efs Sa\u00efed, a re\u00e7u hier lundi 26 mai au palais de Carthage la cheffe du gouvernement, Sarra Za\u00e2frani Zenzri, ainsi que la ministre des Finances, Michket Slama Khaldi. Cette r\u00e9union a permis au chef de l\u2019\u00c9tat de souligner l&rsquo;importance de r\u00e9\u00e9valuer les \u00e9quilibres financiers du pays en tenant compte des [&hellip;]<\/p>\n","protected":false},"author":4,"featured_media":65207,"comment_status":"open","ping_status":"closed","sticky":false,"template":"","format":"standard","meta":{"content-type":"","jnews-multi-image_gallery":[],"jnews_single_post":{"format":"standard"},"jnews_primary_category":[],"jnews_override_bookmark_settings":[],"jnews_review":[],"enable_review":"","type":"","name":"","summary":"","brand":"","sku":"","good":[],"bad":[],"score_override":"","override_value":"","rating":[],"price":[],"jnews_post_split":[],"footnotes":""},"categories":[2],"tags":[10982,15564,3694,8966],"class_list":["post-65206","post","type-post","status-publish","format-standard","has-post-thumbnail","hentry","category-news-politique","tag-budget-de-letat","tag-decisions-economiques","tag-kais-saied","tag-strategies"],"_links":{"self":[{"href":"https:\/\/www.africanchallenges.com\/index.php?rest_route=\/wp\/v2\/posts\/65206","targetHints":{"allow":["GET"]}}],"collection":[{"href":"https:\/\/www.africanchallenges.com\/index.php?rest_route=\/wp\/v2\/posts"}],"about":[{"href":"https:\/\/www.africanchallenges.com\/index.php?rest_route=\/wp\/v2\/types\/post"}],"author":[{"embeddable":true,"href":"https:\/\/www.africanchallenges.com\/index.php?rest_route=\/wp\/v2\/users\/4"}],"replies":[{"embeddable":true,"href":"https:\/\/www.africanchallenges.com\/index.php?rest_route=%2Fwp%2Fv2%2Fcomments&post=65206"}],"version-history":[{"count":2,"href":"https:\/\/www.africanchallenges.com\/index.php?rest_route=\/wp\/v2\/posts\/65206\/revisions"}],"predecessor-version":[{"id":65209,"href":"https:\/\/www.africanchallenges.com\/index.php?rest_route=\/wp\/v2\/posts\/65206\/revisions\/65209"}],"wp:featuredmedia":[{"embeddable":true,"href":"https:\/\/www.africanchallenges.com\/index.php?rest_route=\/wp\/v2\/media\/65207"}],"wp:attachment":[{"href":"https:\/\/www.africanchallenges.com\/index.php?rest_route=%2Fwp%2Fv2%2Fmedia&parent=65206"}],"wp:term":[{"taxonomy":"category","embeddable":true,"href":"https:\/\/www.africanchallenges.com\/index.php?rest_route=%2Fwp%2Fv2%2Fcategories&post=65206"},{"taxonomy":"post_tag","embeddable":true,"href":"https:\/\/www.africanchallenges.com\/index.php?rest_route=%2Fwp%2Fv2%2Ftags&post=65206"}],"curies":[{"name":"wp","href":"https:\/\/api.w.org\/{rel}","templated":true}]}}