{"id":65149,"date":"2025-05-26T10:48:24","date_gmt":"2025-05-26T09:48:24","guid":{"rendered":"https:\/\/www.africanchallenges.com\/?p=65149"},"modified":"2025-05-26T10:49:38","modified_gmt":"2025-05-26T09:49:38","slug":"65149-2","status":"publish","type":"post","link":"https:\/\/www.africanchallenges.com\/?p=65149","title":{"rendered":"La Tunisie adopte un nouveau plan de d\u00e9veloppement ax\u00e9 sur l\u2019investissement, la justice sociale et la transition \u00e9nerg\u00e9tique"},"content":{"rendered":"\n<p class=\"wp-block-paragraph\"><strong>La Pr\u00e9sidence du gouvernement a annonc\u00e9 \u00a0les grandes lignes du programme \u00e9conomique et social de l&rsquo;\u00c9tat, suite \u00e0 la r\u00e9union, samedi au Palais du gouvernement \u00e0 la Kasbah, d&rsquo;un conseil minist\u00e9riel pr\u00e9sid\u00e9 par la Cheffe du gouvernement Sarra Zaafrani Zenzri.<\/strong><\/p>\n\n\n\n<p class=\"wp-block-paragraph\">Selon un communiqu\u00e9 publi\u00e9 par la Pr\u00e9sidence du gouvernement, ce programme \u00e9conomique et social de l\u2019Etat comporte plusieurs axes qui concernent tous les secteurs, dont la sant\u00e9, la finance, l\u2019\u00e9ducation, la science, l\u2019industrie, l\u2019\u00e9nergie, la jeunesse, le sport, la culture, l\u2019administration et les diff\u00e9rents services publics.<\/p>\n\n\n\n<p class=\"wp-block-paragraph\"><strong>Promouvoir l\u2019emploi et am\u00e9liorer le niveau de vie<\/strong><\/p>\n\n\n\n<p class=\"wp-block-paragraph\">Les axes du programme s\u2019appuie principalement sur l\u2019emploi, l\u2019am\u00e9lioration du niveau de vie, le renforcement du syst\u00e8me de la protection sociale et la valorisation du capital humain, notamment, \u00e0 travers le d\u00e9veloppement des politiques sociales pour atteindre l\u2019\u00e9quit\u00e9 sociale, et en adoptant plusieurs mesures pour pr\u00e9server le pouvoir d\u2019achat des cat\u00e9gories \u00e0 faibles et moyens revenus.<\/p>\n\n\n\n<p class=\"wp-block-paragraph\">Il s\u2019agit \u00e9galement de mieux renforcer l\u2019encadrement social des cat\u00e9gories pr\u00e9caires, ainsi que l\u2019encadrement et l\u2019accompagnement pour la cr\u00e9ation de projets.<\/p>\n\n\n\n<p class=\"wp-block-paragraph\">Ces axes ciblent, en outre, l\u2019acc\u00e9l\u00e9ration de l\u2019ex\u00e9cution des proc\u00e9dures en lien avec l\u2019am\u00e9lioration de revenu, le renforcement des m\u00e9canismes d\u2019int\u00e9gration \u00e9conomique et sociale, la cr\u00e9ation d\u2019emplois, la mobilisation des conditions d\u2019un travail d\u00e9cent, la rupture avec les ph\u00e9nom\u00e8nes du travail pr\u00e9caire, en plus de la facilitation de l\u2019acc\u00e8s \u00e0 un logement, le renforcement de l\u2019attachement social, l\u2019am\u00e9lioration des services publics et le d\u00e9veloppement du syst\u00e8me de la s\u00e9curit\u00e9 et de la couverture sociale.<\/p>\n\n\n\n<p class=\"wp-block-paragraph\"><strong>R\u00e9formes l\u00e9gislatives<\/strong><\/p>\n\n\n\n<p class=\"wp-block-paragraph\">Le programme comporte des r\u00e9formes l\u00e9gislatives qui concr\u00e9tisent l\u2019approche \u00e9conomique et sociale et garantissent l\u2019ad\u00e9quation du cadre l\u00e9gal avec les d\u00e9fis de la prochaine \u00e9tape, souligne la m\u00eame source.<\/p>\n\n\n\n<p class=\"wp-block-paragraph\"><strong>R\u00e9former le syst\u00e8me \u00e9ducatif<\/strong><\/p>\n\n\n\n<p class=\"wp-block-paragraph\">Le programme est bas\u00e9 sur le concept de r\u00e9forme et de d\u00e9veloppement du syst\u00e8me \u00e9ducatif, de l\u2019enseignement sup\u00e9rieur et de la formation professionnelle afin de r\u00e9pondre aux demandes du march\u00e9 de travail et de hisser le syst\u00e8me de sant\u00e9.<\/p>\n\n\n\n<p class=\"wp-block-paragraph\">Il s\u2019agit, \u00e9galement, de renforcer les activit\u00e9s culturelles et sportives et de booster l\u2019investissement dans le cadre d\u2019une approche globale bas\u00e9e sur la lib\u00e9ralisation de l\u2019initiative priv\u00e9e et l\u2019am\u00e9lioration du climat d\u2019affaires.<\/p>\n\n\n\n<p class=\"wp-block-paragraph\">Cette approche repose \u00e9galement sur l\u2019impulsion de l\u2019investissement dans le cadre d\u2019une d\u00e9marche globale bas\u00e9e sur la lib\u00e9ralisation de l\u2019initiative priv\u00e9e, la diffusion de la culture de l\u2019entrepreneuriat, l\u2019am\u00e9lioration du climat des affaires, la valorisation du r\u00e9serve foncier, la r\u00e9alisation des projets publics, outre la modernisation de l\u2019infrastructure de transport, la mise \u00e0 niveau des ports et des a\u00e9roports, le renforcement des r\u00e9seaux de transport ferroviaire, le d\u00e9veloppement du r\u00e9seau routier, l\u2019\u00e9volution du commerce et le d\u00e9veloppement territorial.<\/p>\n\n\n\n<p class=\"wp-block-paragraph\">Le m\u00eame programme vise \u00e0 assurer la garantie de la s\u00e9curit\u00e9 alimentaire, le d\u00e9veloppement de l\u2019industrie et du tourisme, la num\u00e9risation des services publics, la protection du tissu \u00e9conomique.<\/p>\n\n\n\n<p class=\"wp-block-paragraph\">Il s\u2019agit \u00e9galement de maitriser la gestion des importations, tout en soutenant les exportations, de simplifier et d\u2019acc\u00e9l\u00e9rer les op\u00e9rations douani\u00e8res et d\u2019appliquer les lois de d\u00e9fense commerciale.<\/p>\n\n\n\n<p class=\"wp-block-paragraph\">Le programme de l\u2019\u00c9tat comprend \u00e9galement l\u2019acc\u00e9l\u00e9ration de la transition \u00e9nerg\u00e9tique et le d\u00e9veloppement du taux de production d\u2019\u00e9lectricit\u00e9 \u00e0 partir d\u2019\u00e9nergies renouvelables pour r\u00e9pondre aux d\u00e9fis climatiques et \u00e9nerg\u00e9tiques croissants, ainsi que la protection du littoral et le renforcement de l\u2019\u00e9conomie circulaire.<\/p>\n\n\n\n<p class=\"wp-block-paragraph\"><strong>Promouvoir le d\u00e9veloppement r\u00e9gional<\/strong><\/p>\n\n\n\n<p class=\"wp-block-paragraph\">Il s\u2019appuie sur une approche de d\u00e9veloppement r\u00e9gional fond\u00e9e sur des principes constitutionnels pour impulser le processus de d\u00e9veloppement dans les r\u00e9gions qui contribuera \u00e0 formuler leurs priorit\u00e9s selon une nouvelle m\u00e9thodologie participative \u00e9manant des propositions du programmes et des projets au niveau du conseil local, ensuite le conseil r\u00e9gional, puis le conseil des districts, enfin au niveau national, sur la base duquel sera \u00e9labor\u00e9 le plan de d\u00e9veloppement pour la p\u00e9riode 2026-2030, en plus de soutenir le syst\u00e8me d\u2019entreprises communautaires, selon la m\u00eame source.<\/p>\n\n\n\n<p class=\"wp-block-paragraph\"><strong>Consacrer la transition num\u00e9rique de l\u2019administration<\/strong><\/p>\n\n\n\n<p class=\"wp-block-paragraph\">Le m\u00eame programme inclue la transition num\u00e9rique de l\u2019administration tout en acc\u00e9l\u00e9rant l\u2019interconnexion, qui sera un levier axial pour le programme \u00e9conomique et social de l\u2019Etat en tant qu\u2019outil de modernisation de l\u2019administration, consacrant la transparence, facilitant les transactions, ouvrant des horizons plus larges pour soutenir l\u2019\u00e9conomie num\u00e9rique, stimuler les initiatives des jeunes tout en d\u00e9veloppant des services administratifs \u00e0 distance. Il s\u2019agit \u00e9galement de faire progresser l\u2019\u00e9conomie num\u00e9rique, prot\u00e9ger le cyberespace national et renforcer la confiance digitale.<\/p>\n\n\n\n<p class=\"wp-block-paragraph\">La pr\u00e9sidence du gouvernement a soulign\u00e9 qu\u2019une m\u00e9thodologie d\u00e9velopp\u00e9e sera adopt\u00e9e pour suivre la mise en \u0153uvre de toutes les proc\u00e9dures, ainsi que les projets inclus dans le cadre de l\u2019ex\u00e9cution du programme \u00e9conomique et social, sur la base d\u2019indicateurs de mesure du rendement, en les reliant avec des objectifs sp\u00e9cifiques dans le temps, et avec l\u2019exploitation de m\u00e9canismes technologiques modernes pour le suivi, ce qui permettra de surmonter les difficult\u00e9s de mani\u00e8re proactive, \u00e0 m\u00eame de garantir la concr\u00e9tisation de ces proc\u00e9dures et projets, dans les d\u00e9lais impartis, selon le communiqu\u00e9.<\/p>\n\n\n\n<p class=\"wp-block-paragraph\"><\/p>\n","protected":false},"excerpt":{"rendered":"<p>La Pr\u00e9sidence du gouvernement a annonc\u00e9 \u00a0les grandes lignes du programme \u00e9conomique et social de l&rsquo;\u00c9tat, suite \u00e0 la r\u00e9union, samedi au Palais du gouvernement \u00e0 la Kasbah, d&rsquo;un conseil minist\u00e9riel pr\u00e9sid\u00e9 par la Cheffe du gouvernement Sarra Zaafrani Zenzri. Selon un communiqu\u00e9 publi\u00e9 par la Pr\u00e9sidence du gouvernement, ce programme \u00e9conomique et social de [&hellip;]<\/p>\n","protected":false},"author":4,"featured_media":65150,"comment_status":"open","ping_status":"closed","sticky":false,"template":"","format":"standard","meta":{"content-type":"","jnews-multi-image_gallery":[],"jnews_single_post":{"format":"standard"},"jnews_primary_category":[],"jnews_override_bookmark_settings":[],"jnews_review":[],"enable_review":"","type":"","name":"","summary":"","brand":"","sku":"","good":[],"bad":[],"score_override":"","override_value":"","rating":[],"price":[],"jnews_post_split":[],"footnotes":""},"categories":[2],"tags":[4595,15537,15536,54],"class_list":["post-65149","post","type-post","status-publish","format-standard","has-post-thumbnail","hentry","category-news-politique","tag-conseil-ministeriel","tag-programme-economique-et-social","tag-sarra-zaafrani-zenzri-2","tag-tunisie"],"_links":{"self":[{"href":"https:\/\/www.africanchallenges.com\/index.php?rest_route=\/wp\/v2\/posts\/65149","targetHints":{"allow":["GET"]}}],"collection":[{"href":"https:\/\/www.africanchallenges.com\/index.php?rest_route=\/wp\/v2\/posts"}],"about":[{"href":"https:\/\/www.africanchallenges.com\/index.php?rest_route=\/wp\/v2\/types\/post"}],"author":[{"embeddable":true,"href":"https:\/\/www.africanchallenges.com\/index.php?rest_route=\/wp\/v2\/users\/4"}],"replies":[{"embeddable":true,"href":"https:\/\/www.africanchallenges.com\/index.php?rest_route=%2Fwp%2Fv2%2Fcomments&post=65149"}],"version-history":[{"count":2,"href":"https:\/\/www.africanchallenges.com\/index.php?rest_route=\/wp\/v2\/posts\/65149\/revisions"}],"predecessor-version":[{"id":65153,"href":"https:\/\/www.africanchallenges.com\/index.php?rest_route=\/wp\/v2\/posts\/65149\/revisions\/65153"}],"wp:featuredmedia":[{"embeddable":true,"href":"https:\/\/www.africanchallenges.com\/index.php?rest_route=\/wp\/v2\/media\/65150"}],"wp:attachment":[{"href":"https:\/\/www.africanchallenges.com\/index.php?rest_route=%2Fwp%2Fv2%2Fmedia&parent=65149"}],"wp:term":[{"taxonomy":"category","embeddable":true,"href":"https:\/\/www.africanchallenges.com\/index.php?rest_route=%2Fwp%2Fv2%2Fcategories&post=65149"},{"taxonomy":"post_tag","embeddable":true,"href":"https:\/\/www.africanchallenges.com\/index.php?rest_route=%2Fwp%2Fv2%2Ftags&post=65149"}],"curies":[{"name":"wp","href":"https:\/\/api.w.org\/{rel}","templated":true}]}}