{"id":65042,"date":"2025-05-21T19:01:38","date_gmt":"2025-05-21T18:01:38","guid":{"rendered":"https:\/\/www.africanchallenges.com\/?p=65042"},"modified":"2025-05-21T21:14:33","modified_gmt":"2025-05-21T20:14:33","slug":"bruxelles-le-ministre-des-affaires-etrangeres-preside-la-delegation-tunisienne-participant-a-la-troisieme-reunion-ministerielle-et-a-la-premiere-session-du-comite-ministeriel-de-suivi-union-africain","status":"publish","type":"post","link":"https:\/\/www.africanchallenges.com\/?p=65042","title":{"rendered":"Bruxelles : Le Ministre des Affaires Etrang\u00e8res pr\u00e9side la d\u00e9l\u00e9gation tunisienne participant \u00e0 la Troisi\u00e8me R\u00e9union Minist\u00e9rielle et \u00e0 la Premi\u00e8re Session du Comit\u00e9 Minist\u00e9riel de Suivi Union Africaine &#8211; Union Europ\u00e9enne"},"content":{"rendered":"\n<p class=\"wp-block-paragraph\">M. Mohamed Ali Nafti, Ministre des Affaires Etrang\u00e8res, de la Migration et des Tunisiens \u00e0 l&rsquo;Etranger, a pr\u00e9sid\u00e9 la d\u00e9l\u00e9gation tunisienne participant \u00e0 la Troisi\u00e8me R\u00e9union Minist\u00e9rielle et \u00e0 la Premi\u00e8re Session du Comit\u00e9 Minist\u00e9riel de Suivi Union Africaine &#8211; Union Europ\u00e9enne, tenues \u00e0 Bruxelles le 21 mai 2025, avec la participation des Ministres des Affaires \u00c9trang\u00e8res de ces deux groupements r\u00e9gionaux, du Pr\u00e9sident de la Commission de l&rsquo;Union Africaine, de la Haute Repr\u00e9sentante de l&rsquo;Union Europ\u00e9enne pour les Affaires \u00c9trang\u00e8res et la Politique de S\u00e9curit\u00e9, du Commissaire Europ\u00e9en pour la M\u00e9diterran\u00e9e et de Hauts Fonctionnaires.<\/p>\n\n\n\n<p class=\"wp-block-paragraph\">Les Sessions Minist\u00e9rielles ont \u00e9t\u00e9 consacr\u00e9es \u00e0 l&rsquo;\u00e9valuation des progr\u00e8s dans la mise en \u0153uvre des r\u00e9sultats du Sixi\u00e8me Sommet UA-UE de 2022, auquel Son Excellence Monsieur le Pr\u00e9sident de la R\u00e9publique avait particip\u00e9, et \u00e0 la discussion d&rsquo;un certain nombre de questions et de d\u00e9fis communs dans les domaines de la paix et de la s\u00e9curit\u00e9, du syst\u00e8me multilat\u00e9ral, du d\u00e9veloppement, de la migration et de la mobilit\u00e9.<\/p>\n\n\n\n<p class=\"wp-block-paragraph\">Dans l&rsquo;allocution qu&rsquo;il a prononc\u00e9e \u00e0 cette occasion, M. le Ministre a affirm\u00e9 l&rsquo;engagement de la Tunisie et son soutien in\u00e9branlable au multilat\u00e9ralisme et aux principes de la Charte des Nations Unies, ce qui s&rsquo;est traduit par la d\u00e9claration de l&rsquo;ann\u00e9e 2025 comme ann\u00e9e du renforcement du multilat\u00e9ralisme et de l&rsquo;ouverture sur des partenariats internationaux et onusiens durables.<\/p>\n\n\n\n<p class=\"wp-block-paragraph\">Le Ministre a salu\u00e9 l\u2019engagement des deux continents, 25 ans apr\u00e8s le lancement de ce partenariat, \u00e0 renforcer davantage leur coop\u00e9ration et leur concertation autour des d\u00e9fis communs. Il a soulign\u00e9 que la Tunisie n&rsquo;a \u00e9pargn\u00e9 aucun effort pour encourager ces deux espaces \u00e0 avancer dans la construction d\u2019une relation p\u00e9renne, solide et mutuellement b\u00e9n\u00e9fique, fond\u00e9e sur les principes de respect, d\u2019\u00e9galit\u00e9 et de d\u00e9veloppement \u00e9quitable.<\/p>\n\n\n\n<p class=\"wp-block-paragraph\">Le Ministre a \u00e9galement insist\u00e9 sur le fait que, fid\u00e8les \u00e0 leur engagement envers les objectifs et principes de la Charte des Nations Unies, les pays africains n\u2019ont cess\u00e9 de r\u00e9clamer une place digne de leur r\u00f4le au sein de l\u2019ONU, qui a historiquement constitu\u00e9 un pilier essentiel de leur lib\u00e9ration. Il a poursuivi en affirmant que, malgr\u00e9 les acquis r\u00e9alis\u00e9s au cours des 80 ann\u00e9es depuis la cr\u00e9ation de l\u2019Organisation au profit de l\u2019humanit\u00e9 tout enti\u00e8re, y compris des peuples africains, notre monde est toujours confront\u00e9 \u00e0 des in\u00e9galit\u00e9s et trag\u00e9dies croissantes, comme en t\u00e9moignent l&rsquo;injustice flagrante et le g\u00e9nocide perp\u00e9tr\u00e9s par l&rsquo;entit\u00e9 occupante contre le peuple palestinien dans la Bande de Gaza, au m\u00e9pris total des principes fondamentaux du droit humanitaire international et face au silence suspect et \u00e0 l&rsquo;impuissance de la communaut\u00e9 internationale.<\/p>\n\n\n\n<p class=\"wp-block-paragraph\">A cet \u00e9gard, le Ministre a appel\u00e9 \u00e0 traduire en actions concr\u00e8tes les engagements du \u00ab Sommet de l&rsquo;Avenir \u201c qui s&rsquo;est tenu \u00e0 New York en septembre 2024, notamment le slogan du Sommet \u201dNe laisser personne pour compte \u00bb, r\u00e9former les outils de la gouvernance mondiale, acc\u00e9l\u00e9rer la mise en \u0153uvre des Objectifs de D\u00e9veloppement Durable, combler le d\u00e9ficit de financement de ces objectifs, r\u00e9former l&rsquo;architecture financi\u00e8re internationale, \u00e9radiquer la pauvret\u00e9, lutter contre les effets du changement climatique et assurer la s\u00e9curit\u00e9 alimentaire, hydrique et \u00e9nerg\u00e9tique des peuples des deux continents. Il a soulign\u00e9 que la question de la r\u00e9cup\u00e9ration des fonds et des biens spoli\u00e9s aux peuples africains est une priorit\u00e9 absolue pour nos pays.<\/p>\n\n\n\n<p class=\"wp-block-paragraph\">Le Ministre a \u00e9galement exprim\u00e9 son espoir que la Quatri\u00e8me Session de la Conf\u00e9rence Internationale sur le Financement du D\u00e9veloppement, qui aura lieu dans quelques semaines en Espagne, r\u00e9ussira \u00e0 construire sur l&rsquo;\u00e9lan g\u00e9n\u00e9r\u00e9 par le Plan d&rsquo;Action d&rsquo;Addis-Abeba et \u00e0 mettre en valeur les recommandations de cette r\u00e9union Minist\u00e9rielle Afro-Europ\u00e9enne.<\/p>\n\n\n\n<p class=\"wp-block-paragraph\">Il a \u00e9galement pr\u00e9sent\u00e9 les avanc\u00e9es enregistr\u00e9es \u00e0 l\u2019\u00e9chelle africaine en mati\u00e8re de r\u00e9solution des conflits, de maintien de la paix et de la s\u00e9curit\u00e9, de l\u2019initiative \u00ab\u00a0faire taire les armes\u00a0\u00bb, ainsi que du soutien \u00e0 l\u2019int\u00e9gration continentale, tout en mettant en avant les aspirations de la jeunesse et des femmes africaines dans cette dynamique d\u2019unit\u00e9 et de compl\u00e9mentarit\u00e9.<\/p>\n\n\n\n<p class=\"wp-block-paragraph\">Dans ce contexte, le Ministre a exprim\u00e9 la fiert\u00e9 de la Tunisie pour son h\u00e9ritage Afro-M\u00e9diterran\u00e9en et son aspiration \u00e0 demeurer toujours un pont culturel entre l\u2019Afrique, le Moyen-Orient et l\u2019Europe, tout en r\u00e9affirmant sa d\u00e9termination \u00e0 contribuer activement \u00e0 la promotion du r\u00f4le et de la participation des femmes et des jeunes dans les efforts de d\u00e9veloppement et de construction dans les deux continents, y compris \u00e0 travers une migration r\u00e9guli\u00e8re et respectueuse de la dignit\u00e9 humaine, au service de la prosp\u00e9rit\u00e9 partag\u00e9e et de la coexistence pacifique entre les peuples africains et europ\u00e9ens.<\/p>\n","protected":false},"excerpt":{"rendered":"<p>M. Mohamed Ali Nafti, Ministre des Affaires Etrang\u00e8res, de la Migration et des Tunisiens \u00e0 l&rsquo;Etranger, a pr\u00e9sid\u00e9 la d\u00e9l\u00e9gation tunisienne participant \u00e0 la Troisi\u00e8me R\u00e9union Minist\u00e9rielle et \u00e0 la Premi\u00e8re Session du Comit\u00e9 Minist\u00e9riel de Suivi Union Africaine &#8211; Union Europ\u00e9enne, tenues \u00e0 Bruxelles le 21 mai 2025, avec la participation des Ministres des [&hellip;]<\/p>\n","protected":false},"author":4,"featured_media":65043,"comment_status":"open","ping_status":"closed","sticky":false,"template":"","format":"standard","meta":{"content-type":"","jnews-multi-image_gallery":[],"jnews_single_post":{"format":"standard"},"jnews_primary_category":[],"jnews_override_bookmark_settings":[],"jnews_review":[],"enable_review":"","type":"","name":"","summary":"","brand":"","sku":"","good":[],"bad":[],"score_override":"","override_value":"","rating":[],"price":[],"jnews_post_split":[],"footnotes":""},"categories":[2],"tags":[2269,3100,12972],"class_list":["post-65042","post","type-post","status-publish","format-standard","has-post-thumbnail","hentry","category-news-politique","tag-lunion-europeenne","tag-lunion-africaine","tag-mohamed-ali-ali-nafti"],"_links":{"self":[{"href":"https:\/\/www.africanchallenges.com\/index.php?rest_route=\/wp\/v2\/posts\/65042","targetHints":{"allow":["GET"]}}],"collection":[{"href":"https:\/\/www.africanchallenges.com\/index.php?rest_route=\/wp\/v2\/posts"}],"about":[{"href":"https:\/\/www.africanchallenges.com\/index.php?rest_route=\/wp\/v2\/types\/post"}],"author":[{"embeddable":true,"href":"https:\/\/www.africanchallenges.com\/index.php?rest_route=\/wp\/v2\/users\/4"}],"replies":[{"embeddable":true,"href":"https:\/\/www.africanchallenges.com\/index.php?rest_route=%2Fwp%2Fv2%2Fcomments&post=65042"}],"version-history":[{"count":1,"href":"https:\/\/www.africanchallenges.com\/index.php?rest_route=\/wp\/v2\/posts\/65042\/revisions"}],"predecessor-version":[{"id":65044,"href":"https:\/\/www.africanchallenges.com\/index.php?rest_route=\/wp\/v2\/posts\/65042\/revisions\/65044"}],"wp:featuredmedia":[{"embeddable":true,"href":"https:\/\/www.africanchallenges.com\/index.php?rest_route=\/wp\/v2\/media\/65043"}],"wp:attachment":[{"href":"https:\/\/www.africanchallenges.com\/index.php?rest_route=%2Fwp%2Fv2%2Fmedia&parent=65042"}],"wp:term":[{"taxonomy":"category","embeddable":true,"href":"https:\/\/www.africanchallenges.com\/index.php?rest_route=%2Fwp%2Fv2%2Fcategories&post=65042"},{"taxonomy":"post_tag","embeddable":true,"href":"https:\/\/www.africanchallenges.com\/index.php?rest_route=%2Fwp%2Fv2%2Ftags&post=65042"}],"curies":[{"name":"wp","href":"https:\/\/api.w.org\/{rel}","templated":true}]}}