{"id":65011,"date":"2025-05-20T19:54:37","date_gmt":"2025-05-20T18:54:37","guid":{"rendered":"https:\/\/www.africanchallenges.com\/?p=65011"},"modified":"2025-05-20T19:54:38","modified_gmt":"2025-05-20T18:54:38","slug":"les-etats-unis-vont-restreindre-les-conditions-dacces-aux-vaccins-contre-le-covid-19","status":"publish","type":"post","link":"https:\/\/www.africanchallenges.com\/?p=65011","title":{"rendered":"Les \u00c9tats-Unis vont restreindre les conditions d&rsquo;acc\u00e8s aux vaccins contre le Covid-19"},"content":{"rendered":"\n<p class=\"wp-block-paragraph\">Les \u00c9tats-Unis vont restreindre les conditions d&rsquo;acc\u00e8s aux vaccins contre le Covid-19, ne les recommandant d\u00e9sormais plus que pour les personnes \u00e2g\u00e9es de 65 ans et plus, ou celles \u00e0 risque, ont annonc\u00e9 mardi deux hauts responsables.<\/p>\n\n\n\n<p class=\"wp-block-paragraph\">Ce changement de politique vise \u00e0 aligner les directives am\u00e9ricaines sur celles d&rsquo;autres grands pays d\u00e9velopp\u00e9s, dont ceux de l&rsquo;Union europ\u00e9enne, ont justifi\u00e9 deux hauts responsables de l&rsquo;Agence am\u00e9ricaine du m\u00e9dicament (FDA), Marty Makary et Vinayak Prasad, dans un \u00e9ditorial.<\/p>\n\n\n\n<p class=\"wp-block-paragraph\"><em>\u00ab Alors que tous les autres pays riches limitent les recommandations vaccinales aux adultes \u00e2g\u00e9s (en g\u00e9n\u00e9ral, les personnes de plus de 65 ans), ou aux personnes pr\u00e9sentant un risque \u00e9lev\u00e9 de d\u00e9velopper une forme grave du Covid-19, les \u00c9tats-Unis ont adopt\u00e9 une approche uniforme pour tous les groupes d&rsquo;\u00e2ge \u00bb,<\/em>&nbsp;ont-ils d\u00e9clar\u00e9 dans ce texte, publi\u00e9 dans la revue m\u00e9dicale&nbsp;<em>The New England Journal of Medicine<\/em>.<\/p>\n\n\n\n<p class=\"wp-block-paragraph\">L&rsquo;Agence am\u00e9ricaine du m\u00e9dicament ne recommandera ainsi d\u00e9sormais la vaccination contre le Covid-19 qu\u2019aux personnes \u00e2g\u00e9es de 65 ans et plus, ou \u00e0 celles \u00e2g\u00e9es entre six mois et 64 ans pr\u00e9sentant au moins un facteur de risque de d\u00e9velopper une forme grave de la maladie.<\/p>\n\n\n\n<p class=\"wp-block-paragraph\">La d\u00e9finition de ces facteurs de risque est toutefois tr\u00e8s large, allant de l\u2019asthme au sida, en passant par le diab\u00e8te, l&rsquo;ob\u00e9sit\u00e9, la schizophr\u00e9nie, ou encore le fait de fumer ou de ne pas avoir d&rsquo;activit\u00e9 physique.<\/p>\n\n\n\n<p class=\"wp-block-paragraph\">Autre grande nouveaut\u00e9 : la FDA va demander aux laboratoires pharmaceutiques de mener des essais cliniques sur les b\u00e9n\u00e9fices des vaccins pour les personnes en bonne sant\u00e9 de moins de 65 ans, ont pr\u00e9cis\u00e9 les responsables, \u00e9voquant la possibilit\u00e9 pour le groupe de contr\u00f4le de recevoir une solution saline en guise de<em>&nbsp;\u00ab placebo \u00bb.<\/em><\/p>\n\n\n\n<p class=\"wp-block-paragraph\"><\/p>\n","protected":false},"excerpt":{"rendered":"<p>Les \u00c9tats-Unis vont restreindre les conditions d&rsquo;acc\u00e8s aux vaccins contre le Covid-19, ne les recommandant d\u00e9sormais plus que pour les personnes \u00e2g\u00e9es de 65 ans et plus, ou celles \u00e0 risque, ont annonc\u00e9 mardi deux hauts responsables. Ce changement de politique vise \u00e0 aligner les directives am\u00e9ricaines sur celles d&rsquo;autres grands pays d\u00e9velopp\u00e9s, dont ceux [&hellip;]<\/p>\n","protected":false},"author":4,"featured_media":37452,"comment_status":"open","ping_status":"closed","sticky":false,"template":"","format":"standard","meta":{"content-type":"","jnews-multi-image_gallery":[],"jnews_single_post":{"format":"standard"},"jnews_primary_category":[],"jnews_override_bookmark_settings":[],"jnews_review":[],"enable_review":"","type":"","name":"","summary":"","brand":"","sku":"","good":[],"bad":[],"score_override":"","override_value":"","rating":[],"price":[],"jnews_post_split":[],"footnotes":""},"categories":[6],"tags":[4304,4130,4731],"class_list":["post-65011","post","type-post","status-publish","format-standard","has-post-thumbnail","hentry","category-world","tag-covid-19-2","tag-les-etats-unis","tag-vaccins"],"_links":{"self":[{"href":"https:\/\/www.africanchallenges.com\/index.php?rest_route=\/wp\/v2\/posts\/65011","targetHints":{"allow":["GET"]}}],"collection":[{"href":"https:\/\/www.africanchallenges.com\/index.php?rest_route=\/wp\/v2\/posts"}],"about":[{"href":"https:\/\/www.africanchallenges.com\/index.php?rest_route=\/wp\/v2\/types\/post"}],"author":[{"embeddable":true,"href":"https:\/\/www.africanchallenges.com\/index.php?rest_route=\/wp\/v2\/users\/4"}],"replies":[{"embeddable":true,"href":"https:\/\/www.africanchallenges.com\/index.php?rest_route=%2Fwp%2Fv2%2Fcomments&post=65011"}],"version-history":[{"count":1,"href":"https:\/\/www.africanchallenges.com\/index.php?rest_route=\/wp\/v2\/posts\/65011\/revisions"}],"predecessor-version":[{"id":65012,"href":"https:\/\/www.africanchallenges.com\/index.php?rest_route=\/wp\/v2\/posts\/65011\/revisions\/65012"}],"wp:featuredmedia":[{"embeddable":true,"href":"https:\/\/www.africanchallenges.com\/index.php?rest_route=\/wp\/v2\/media\/37452"}],"wp:attachment":[{"href":"https:\/\/www.africanchallenges.com\/index.php?rest_route=%2Fwp%2Fv2%2Fmedia&parent=65011"}],"wp:term":[{"taxonomy":"category","embeddable":true,"href":"https:\/\/www.africanchallenges.com\/index.php?rest_route=%2Fwp%2Fv2%2Fcategories&post=65011"},{"taxonomy":"post_tag","embeddable":true,"href":"https:\/\/www.africanchallenges.com\/index.php?rest_route=%2Fwp%2Fv2%2Ftags&post=65011"}],"curies":[{"name":"wp","href":"https:\/\/api.w.org\/{rel}","templated":true}]}}