{"id":64966,"date":"2025-05-19T14:32:03","date_gmt":"2025-05-19T13:32:03","guid":{"rendered":"https:\/\/www.africanchallenges.com\/?p=64966"},"modified":"2025-05-19T14:45:33","modified_gmt":"2025-05-19T13:45:33","slug":"tunisie-mata3refnich-le-premier-duo-reunissant-le-chanteur-tunisien-walid-salhi-et-blingos","status":"publish","type":"post","link":"https:\/\/www.africanchallenges.com\/?p=64966","title":{"rendered":"Tunisie\u00a0: \u00ab Mata3refnich \u00bb : le premier duo r\u00e9unissant le chanteur Tunisien, Walid Salhi et Blingos"},"content":{"rendered":"\n<p class=\"wp-block-paragraph\">Dans une d\u00e9marche artistique in\u00e9dite, l&rsquo;artiste Walid Salhi a pr\u00e9sent\u00e9, le samedi 17 mai 2025, sur sa cha\u00eene YouTube, un duo musical en collaboration avec le rappeur Blingos, intitul\u00e9 \u00ab Mata3refnich \u00bb. Ce duo, tr\u00e8s attendu par les admirateurs des deux artistes, se distingue par un style musical original, alliant la musique tunisienne \u00e0 des sonorit\u00e9s afro enrichies de touches contemporaines.<\/p>\n\n\n\n<p class=\"wp-block-paragraph\">Cette fusion conf\u00e8re \u00e0 l&rsquo;\u0153uvre une identit\u00e9 musicale unique, combinant harmonieusement des rythmes traditionnels et modernes. Les paroles de la chanson, \u00e9crites par Moez Eddadsi, traitent de divers th\u00e8mes, tels que la satisfaction, l&rsquo;amiti\u00e9, l&rsquo;amour de la vie, la paix int\u00e9rieure, la pers\u00e9v\u00e9rance, ainsi que d&rsquo;autres sujets sociaux refl\u00e9tant les pr\u00e9occupations et les aspirations de la rue tunisienne. Ce n&rsquo;est pas une nouveaut\u00e9 pour Salhi, qui, au fil des ann\u00e9es, s&rsquo;est illustr\u00e9 par sa capacit\u00e9 \u00e0 traduire les pr\u00e9occupations du peuple tunisien en paroles et m\u00e9lodies touchant l&rsquo;\u00e2me, d\u00e9peignant avec sinc\u00e9rit\u00e9 et cr\u00e9ativit\u00e9 la r\u00e9alit\u00e9 de la soci\u00e9t\u00e9 tunisienne. <\/p>\n\n\n\n<p class=\"wp-block-paragraph\">La composition musicale, supervis\u00e9 par  Ahmed Badr Eddine Bou Ali, se caract\u00e9rise par une fluidit\u00e9 rythmique harmonieuse, qui rehausse la beaut\u00e9 de la chanson et met en valeur sa diversit\u00e9 musicale. Quant au clip vid\u00e9o, produit sous la direction du studio Joker, il offre une vision visuelle \u00e9poustouflante, m\u00ealant chor\u00e9graphies \u00e9l\u00e9gantes et rythmes entra\u00eenants, en parfaite symbiose avec les paroles et les m\u00e9lodies compos\u00e9es par Walid Salhi. <\/p>\n\n\n\n<p class=\"wp-block-paragraph\">Depuis sa sortie, la chanson \u00ab Mata3refnich \u00bb a rencontr\u00e9 un succ\u00e8s retentissant, recevant de nombreux \u00e9loges tant du public que des critiques, confirmant ainsi la place de Walid Salhi parmi les artistes tunisiens contemporains les plus \u00e9minents.<\/p>\n\n\n\n<p class=\"wp-block-paragraph\">Par ailleurs, Salhi a annonc\u00e9 avoir pr\u00e9sent\u00e9 une proposition pour un spectacle artistique majeur lors du Festival international de Carthage, exprimant son espoir que ce projet, qui met en avant l&rsquo;art populaire tunisien \u00e0 travers une approche moderne tout en respectant l&rsquo;identit\u00e9 nationale et l&rsquo;h\u00e9ritage culturel, soit accept\u00e9.<\/p>\n\n\n\n<p class=\"wp-block-paragraph\">&nbsp;Il a \u00e9galement soulign\u00e9 qu&rsquo;au cours de sa carri\u00e8re, il souhaite innover et cr\u00e9er, contribuant ainsi de mani\u00e8re significative \u00e0 la sc\u00e8ne artistique avec un projet national r\u00e9formateur.<\/p>\n\n\n\n<p class=\"wp-block-paragraph\">Dans ce cadre, Salhi a mentionn\u00e9 avoir fait plusieurs demandes officielles au minist\u00e8re des Affaires culturelles pour pr\u00e9senter directement son projet \u00e0 la ministre Amina Srarfi.<\/p>\n\n\n\n<p class=\"wp-block-paragraph\">Il a pr\u00e9cis\u00e9 que sa proposition avait \u00e9t\u00e9 envoy\u00e9e au d\u00e9partement de la musique et de la danse pour \u00e9valuation.<\/p>\n\n\n\n<p class=\"wp-block-paragraph\">Salhi a r\u00e9it\u00e9r\u00e9 son souhait de rencontrer directement la ministre pour discuter de son projet culturel, qui pourrait non seulement profiter \u00e0 la sc\u00e8ne artistique, mais aussi \u00e0 la Tunisie sur le plan international.<\/p>\n\n\n\n<p class=\"wp-block-paragraph\"><strong>Avec Communiqu\u00e9<\/strong><\/p>\n","protected":false},"excerpt":{"rendered":"<p>Dans une d\u00e9marche artistique in\u00e9dite, l&rsquo;artiste Walid Salhi a pr\u00e9sent\u00e9, le samedi 17 mai 2025, sur sa cha\u00eene YouTube, un duo musical en collaboration avec le rappeur Blingos, intitul\u00e9 \u00ab Mata3refnich \u00bb. Ce duo, tr\u00e8s attendu par les admirateurs des deux artistes, se distingue par un style musical original, alliant la musique tunisienne \u00e0 des [&hellip;]<\/p>\n","protected":false},"author":4,"featured_media":64967,"comment_status":"open","ping_status":"closed","sticky":false,"template":"","format":"standard","meta":{"content-type":"","jnews-multi-image_gallery":[],"jnews_single_post":{"format":"standard"},"jnews_primary_category":[],"jnews_override_bookmark_settings":[],"jnews_review":[],"enable_review":"","type":"","name":"","summary":"","brand":"","sku":"","good":[],"bad":[],"score_override":"","override_value":"","rating":[],"price":[],"jnews_post_split":[],"footnotes":""},"categories":[17],"tags":[12887,15482,15483,3277,1040,11110,54,15398],"class_list":["post-64966","post","type-post","status-publish","format-standard","has-post-thumbnail","hentry","category-entertainment","tag-amina-srarfi","tag-blingos","tag-duo","tag-festival-international-de-carthage-2","tag-projet","tag-proposition","tag-tunisie","tag-walid-salhi"],"_links":{"self":[{"href":"https:\/\/www.africanchallenges.com\/index.php?rest_route=\/wp\/v2\/posts\/64966","targetHints":{"allow":["GET"]}}],"collection":[{"href":"https:\/\/www.africanchallenges.com\/index.php?rest_route=\/wp\/v2\/posts"}],"about":[{"href":"https:\/\/www.africanchallenges.com\/index.php?rest_route=\/wp\/v2\/types\/post"}],"author":[{"embeddable":true,"href":"https:\/\/www.africanchallenges.com\/index.php?rest_route=\/wp\/v2\/users\/4"}],"replies":[{"embeddable":true,"href":"https:\/\/www.africanchallenges.com\/index.php?rest_route=%2Fwp%2Fv2%2Fcomments&post=64966"}],"version-history":[{"count":4,"href":"https:\/\/www.africanchallenges.com\/index.php?rest_route=\/wp\/v2\/posts\/64966\/revisions"}],"predecessor-version":[{"id":64972,"href":"https:\/\/www.africanchallenges.com\/index.php?rest_route=\/wp\/v2\/posts\/64966\/revisions\/64972"}],"wp:featuredmedia":[{"embeddable":true,"href":"https:\/\/www.africanchallenges.com\/index.php?rest_route=\/wp\/v2\/media\/64967"}],"wp:attachment":[{"href":"https:\/\/www.africanchallenges.com\/index.php?rest_route=%2Fwp%2Fv2%2Fmedia&parent=64966"}],"wp:term":[{"taxonomy":"category","embeddable":true,"href":"https:\/\/www.africanchallenges.com\/index.php?rest_route=%2Fwp%2Fv2%2Fcategories&post=64966"},{"taxonomy":"post_tag","embeddable":true,"href":"https:\/\/www.africanchallenges.com\/index.php?rest_route=%2Fwp%2Fv2%2Ftags&post=64966"}],"curies":[{"name":"wp","href":"https:\/\/api.w.org\/{rel}","templated":true}]}}