{"id":64849,"date":"2025-05-19T07:40:00","date_gmt":"2025-05-19T06:40:00","guid":{"rendered":"https:\/\/www.africanchallenges.com\/?p=64849"},"modified":"2025-05-18T01:53:27","modified_gmt":"2025-05-18T00:53:27","slug":"sommet-de-bagdad-la-tunisie-reitere-son-engagement-a-soutenir-toutes-les-initiatives-et-projets-qui-servent-les-interets-des-peuples-arabes","status":"publish","type":"post","link":"https:\/\/www.africanchallenges.com\/?p=64849","title":{"rendered":"Sommet de Bagdad: La Tunisie  r\u00e9it\u00e8re son engagement \u00e0 soutenir toutes les initiatives et projets qui servent les int\u00e9r\u00eats des peuples arabes"},"content":{"rendered":"\n<p class=\"wp-block-paragraph\">M. Mohamed Ali Nafti, Ministre des Affaires Etrang\u00e8res, de la Migration et des Tunisiens \u00e0 l\u2019Etranger, a pr\u00e9sid\u00e9 la D\u00e9l\u00e9gation Tunisienne qui participe au 5e Sommet Arabe sur le D\u00e9veloppement Economique et Social, tenu \u00e0 Bagdad le 17 mai 2025.<\/p>\n\n\n\n<p class=\"wp-block-paragraph\">Le Ministre s&rsquo;est adress\u00e9 au Sommet en pronon\u00e7ant le discours de Son Excellence le Pr\u00e9sident de la R\u00e9publique, M. Ka\u00efs Sa\u00efed, dans lequel il a soulign\u00e9 l\u2019importance que la Tunisie accorde aux questions li\u00e9es au d\u00e9veloppement dans toutes ses dimensions, en tant que moyen le plus efficace pour faire face aux d\u00e9fis s\u00e9curitaires et sociaux actuels.<\/p>\n\n\n\n<p class=\"wp-block-paragraph\">La Tunisie a appel\u00e9 \u00e0 redoubler les efforts \u00e0 l\u2019\u00e9chelle arabe pour r\u00e9duire les \u00e9carts de d\u00e9veloppement, de connaissances et de technologie, et pour augmenter le volume du commerce interarabe, qui demeure inf\u00e9rieur aux ambitions et aux capacit\u00e9s disponibles, puisqu\u2019il ne d\u00e9passe pas 13 % du commerce ext\u00e9rieur total des pays arabes.<\/p>\n\n\n\n<p class=\"wp-block-paragraph\">La Tunisie a \u00e9galement insist\u00e9 sur l\u2019importance d\u2019\u00e9laborer des strat\u00e9gies efficaces pour renforcer la s\u00e9curit\u00e9 alimentaire, att\u00e9nuer les effets de la raret\u00e9 de l\u2019eau et limiter les risques li\u00e9s aux d\u00e9s\u00e9quilibres environnementaux.<\/p>\n\n\n\n<p class=\"wp-block-paragraph\">Elle a exhort\u00e9 \u00e0 soutenir les plans de besoins de d\u00e9veloppement dans les secteurs des infrastructures, du transport, de l\u2019\u00e9lectricit\u00e9, du d\u00e9veloppement des villes intelligentes, ainsi qu\u2019\u00e0 la mise en place d\u2019une Grande Zone Arabe de Libre-Echange et au passage vers une Union Douani\u00e8re Arabe, afin de renforcer la comp\u00e9titivit\u00e9 de nos \u00e9conomies nationales.<\/p>\n\n\n\n<p class=\"wp-block-paragraph\">Elle a \u00e9galement appel\u00e9 \u00e0 une red\u00e9finition des priorit\u00e9s du d\u00e9veloppement dans l\u2019espace arabe selon une vision commune et innovante centr\u00e9e sur le citoyen arabe, ayant comme objectif de r\u00e9pondre \u00e0 ses besoins et \u00e0 ses aspirations \u00e9conomiques et sociales.<\/p>\n\n\n\n<p class=\"wp-block-paragraph\">Notre pays a soulign\u00e9 la n\u00e9cessit\u00e9 de renforcer les valeurs de r\u00e9forme, de bonne gouvernance et de r\u00e9partition \u00e9quitable des richesses nationales, afin de promouvoir l\u2019\u00e9galit\u00e9, de garantir la protection sociale et de renforcer la capacit\u00e9 \u00e9conomique, notamment pour les cat\u00e9gories vuln\u00e9rables, consid\u00e9rant qu\u2019il ne peut y avoir de v\u00e9ritable d\u00e9veloppement sans justice sociale.<\/p>\n\n\n\n<p class=\"wp-block-paragraph\">Dans ce contexte, la Tunisie a r\u00e9affirm\u00e9 son engagement \u00e0 soutenir le Programme R\u00e9gional d\u2019Autonomisation Economique et Sociale des Femmes, \u00e0 renforcer leur participation au march\u00e9 du travail et \u00e0 la prise de d\u00e9cision, et \u00e0 mettre en place un environnement l\u00e9gislatif favorable \u00e0 l\u2019\u00e9galit\u00e9 et \u00e0 l\u2019autonomisation. Elle a exprim\u00e9 son souhait de voir une participation arabe active \u00e0 la r\u00e9union r\u00e9gionale pr\u00e9paratoire du deuxi\u00e8me Sommet Mondial sur le D\u00e9veloppement Social, que la Tunisie accueillera les 30 juin et 1er juillet 2025.<\/p>\n\n\n\n<p class=\"wp-block-paragraph\">La Tunisie a r\u00e9it\u00e9r\u00e9 son engagement \u00e0 soutenir toutes les initiatives et projets qui servent les int\u00e9r\u00eats des peuples arabes. Elle a encourag\u00e9 l\u2019activation des partenariats entre les pays arabes et les diff\u00e9rents regroupements r\u00e9gionaux, internationaux et mondiaux, et a appel\u00e9 \u00e0 transformer les recommandations du Sommet en programmes concrets et r\u00e9alisables.<\/p>\n","protected":false},"excerpt":{"rendered":"<p>M. Mohamed Ali Nafti, Ministre des Affaires Etrang\u00e8res, de la Migration et des Tunisiens \u00e0 l\u2019Etranger, a pr\u00e9sid\u00e9 la D\u00e9l\u00e9gation Tunisienne qui participe au 5e Sommet Arabe sur le D\u00e9veloppement Economique et Social, tenu \u00e0 Bagdad le 17 mai 2025. Le Ministre s&rsquo;est adress\u00e9 au Sommet en pronon\u00e7ant le discours de Son Excellence le Pr\u00e9sident [&hellip;]<\/p>\n","protected":false},"author":4,"featured_media":64850,"comment_status":"open","ping_status":"closed","sticky":false,"template":"","format":"standard","meta":{"content-type":"","jnews-multi-image_gallery":[],"jnews_single_post":{"format":"standard"},"jnews_primary_category":[],"jnews_override_bookmark_settings":[],"jnews_review":[],"enable_review":"","type":"","name":"","summary":"","brand":"","sku":"","good":[],"bad":[],"score_override":"","override_value":"","rating":[],"price":[],"jnews_post_split":[],"footnotes":""},"categories":[2],"tags":[5361,2251,11034,15452,54],"class_list":["post-64849","post","type-post","status-publish","format-standard","has-post-thumbnail","hentry","category-news-politique","tag-bagdad","tag-developpement-2","tag-securite-alimentaire","tag-sommet-arabe-sur-le-developpement-economique-et-social","tag-tunisie"],"_links":{"self":[{"href":"https:\/\/www.africanchallenges.com\/index.php?rest_route=\/wp\/v2\/posts\/64849","targetHints":{"allow":["GET"]}}],"collection":[{"href":"https:\/\/www.africanchallenges.com\/index.php?rest_route=\/wp\/v2\/posts"}],"about":[{"href":"https:\/\/www.africanchallenges.com\/index.php?rest_route=\/wp\/v2\/types\/post"}],"author":[{"embeddable":true,"href":"https:\/\/www.africanchallenges.com\/index.php?rest_route=\/wp\/v2\/users\/4"}],"replies":[{"embeddable":true,"href":"https:\/\/www.africanchallenges.com\/index.php?rest_route=%2Fwp%2Fv2%2Fcomments&post=64849"}],"version-history":[{"count":1,"href":"https:\/\/www.africanchallenges.com\/index.php?rest_route=\/wp\/v2\/posts\/64849\/revisions"}],"predecessor-version":[{"id":64851,"href":"https:\/\/www.africanchallenges.com\/index.php?rest_route=\/wp\/v2\/posts\/64849\/revisions\/64851"}],"wp:featuredmedia":[{"embeddable":true,"href":"https:\/\/www.africanchallenges.com\/index.php?rest_route=\/wp\/v2\/media\/64850"}],"wp:attachment":[{"href":"https:\/\/www.africanchallenges.com\/index.php?rest_route=%2Fwp%2Fv2%2Fmedia&parent=64849"}],"wp:term":[{"taxonomy":"category","embeddable":true,"href":"https:\/\/www.africanchallenges.com\/index.php?rest_route=%2Fwp%2Fv2%2Fcategories&post=64849"},{"taxonomy":"post_tag","embeddable":true,"href":"https:\/\/www.africanchallenges.com\/index.php?rest_route=%2Fwp%2Fv2%2Ftags&post=64849"}],"curies":[{"name":"wp","href":"https:\/\/api.w.org\/{rel}","templated":true}]}}