{"id":64840,"date":"2025-05-19T07:20:00","date_gmt":"2025-05-19T06:20:00","guid":{"rendered":"https:\/\/www.africanchallenges.com\/?p=64840"},"modified":"2025-05-18T01:57:13","modified_gmt":"2025-05-18T00:57:13","slug":"tunisie-le-secretaire-detat-charge-de-la-transition-energetique-m-wael-chouchane-participe-au-forum-international-vers-le-sud-a-sorrente-en-italie","status":"publish","type":"post","link":"https:\/\/www.africanchallenges.com\/?p=64840","title":{"rendered":"Tunisie\u00a0: Le secr\u00e9taire d&rsquo;Etat charg\u00e9 de la transition \u00e9nerg\u00e9tique M. Wael Chouchane participe au \u00a0Forum international\u00a0\u201cVers le Sud\u201d \u00e0\u00a0Sorrente, en\u00a0Italie"},"content":{"rendered":"\n<p class=\"wp-block-paragraph\">Le secr\u00e9taire d&rsquo;\u00c9tat \u00e0 la transition \u00e9nerg\u00e9tique, M. Wael Chouchane, a pris part au forum international qui s&rsquo;est tenu \u00e0 Sorrente, en Italie, les 16 et 17 mai, sous le th\u00e8me \u00ab\u00a0Vers le sud : la strat\u00e9gie europ\u00e9enne pour une nouvelle \u00e8re g\u00e9opolitique, \u00e9conomique, sociale et culturelle dans la r\u00e9gion m\u00e9diterran\u00e9enne\u00a0\u00bb, en pr\u00e9sence de l&rsquo;ambassadeur de Tunisie en Italie, M. Mourad Bourhela, et du consul de Tunisie \u00e0 Naples, M. Khaled Fekih. <\/p>\n\n\n\n<p class=\"wp-block-paragraph\">Ce forum a rassembl\u00e9 de nombreux responsables, dont le ministre italien de l&rsquo;Agriculture, de la Souverainet\u00e9 Alimentaire et des For\u00eats, M. Francesco Lollobrigida, le ministre italien de la Protection Civile et des Politiques Maritimes, M. Nello Musumeci, le ministre espagnol de l&rsquo;Agriculture, de la P\u00eache et de la Nutrition, M. Luis Planas Puchades, ainsi que le ministre alg\u00e9rien de l&rsquo;\u00c9nergie, des Mines et des \u00c9nergies Renouvelables, M. Mohamed Arqab. \u00c9taient \u00e9galement pr\u00e9sents le vice-pr\u00e9sident ex\u00e9cutif de la Commission Europ\u00e9enne, M. Raffaele Fitto, le Secr\u00e9taire G\u00e9n\u00e9ral de l&rsquo;Union pour la M\u00e9diterran\u00e9e, M. Nasser Kamal, ainsi qu&rsquo;un grand nombre de hauts fonctionnaires, de repr\u00e9sentants d&rsquo;institutions r\u00e9gionales, d&rsquo;institutions financi\u00e8res internationales, de d\u00e9cideurs influents et d&rsquo;experts. <\/p>\n\n\n\n<p class=\"wp-block-paragraph\">Le secr\u00e9taire d&rsquo;\u00c9tat a \u00e9galement particip\u00e9 \u00e0 une s\u00e9ance de dialogue en marge du forum, ax\u00e9e sur \u00ab\u00a0le r\u00f4le strat\u00e9gique de la mer M\u00e9diterran\u00e9e dans la transition \u00e9nerg\u00e9tique internationale : r\u00e9alisations et strat\u00e9gies\u00a0\u00bb. M. Wael Chouchane a mis en avant l&rsquo;importance de ce forum, qui aborde le r\u00f4le central de la r\u00e9gion m\u00e9diterran\u00e9enne dans le soutien \u00e0 la transition vers une \u00e9nergie durable et la volont\u00e9 collective d&rsquo;\u00e9tablir une nouvelle strat\u00e9gie, surtout face aux d\u00e9fis majeurs que le monde doit relever, tels que l&rsquo;instabilit\u00e9 des march\u00e9s de l&rsquo;\u00e9nergie et le d\u00e9veloppement industriel. <\/p>\n\n\n\n<p class=\"wp-block-paragraph\">Il a affirm\u00e9 que la r\u00e9ussite de la transition \u00e9nerg\u00e9tique d\u00e9pendra du soutien du partenariat m\u00e9diterran\u00e9en devenu aujourd&rsquo;hui une n\u00e9cessit\u00e9 pressante, en d\u00e9clarant que la Tunisie est pr\u00eate \u00e0 assumer son r\u00f4le et \u00e0 partager son exp\u00e9rience pour b\u00e2tir un avenir \u00e9nerg\u00e9tique durable et garantir l&rsquo;approvisionnement \u00e9nerg\u00e9tique tant au niveau national que r\u00e9gional. <\/p>\n\n\n\n<p class=\"wp-block-paragraph\">Dans son discours, il a examin\u00e9 la Strat\u00e9gie \u00c9nerg\u00e9tique Nationale \u00e0 l&rsquo;horizon 2035, qui consid\u00e8re la transition \u00e9nerg\u00e9tique comme un levier de d\u00e9veloppement et qui s&rsquo;aligne sur les objectifs strat\u00e9giques des deux rives de la M\u00e9diterran\u00e9e, mettant en avant les r\u00e9formes majeures initi\u00e9es par le minist\u00e8re pour soutenir cette strat\u00e9gie, visant \u00e0 atteindre l&rsquo;efficacit\u00e9 \u00e9nerg\u00e9tique, diversifier le mix \u00e9nerg\u00e9tique, promouvoir la connectivit\u00e9 r\u00e9gionale et adopter des technologies innovantes, dans le but de r\u00e9duire la consommation d&rsquo;\u00e9nergie tout en augmentant la part des \u00e9nergies renouvelables dans la production d&rsquo;\u00e9lectricit\u00e9. <\/p>\n\n\n\n<p class=\"wp-block-paragraph\">Il a \u00e9galement soulign\u00e9 l&rsquo;ensemble ambitieux de projets en cours, tels que ceux en Afrique. Cela facilitera \u00e9galement l&rsquo;int\u00e9gration de la Tunisie sur le march\u00e9 europ\u00e9en de l&rsquo;\u00e9lectricit\u00e9 et refl\u00e8te la coop\u00e9ration fructueuse avec l&rsquo;Union europ\u00e9enne, qui est un partenaire strat\u00e9gique pour la Tunisie dans de nombreux domaines. Dans ce cadre, le secr\u00e9taire d&rsquo;\u00c9tat a appel\u00e9 \u00e0 unir les efforts, \u00e0 mobiliser des ressources financi\u00e8res et \u00e0 \u00e9changer des comp\u00e9tences techniques pour r\u00e9aliser de nouveaux projets qui \u00e9largiront les horizons des \u00e9changes \u00e9nerg\u00e9tiques, cr\u00e9eront de nouvelles opportunit\u00e9s d&#8217;emploi et favoriseront une croissance \u00e9conomique durable, tout en soulignant le potentiel consid\u00e9rable de la r\u00e9gion m\u00e9diterran\u00e9enne pour atteindre les objectifs vis\u00e9s.<\/p>\n\n\n\n<p class=\"wp-block-paragraph\">Il a soulign\u00e9 que tous les pays devraient adopter un mod\u00e8le \u00e9nerg\u00e9tique fond\u00e9 sur l&rsquo;utilisation responsable de nos ressources, capable de satisfaire les besoins \u00e9nerg\u00e9tiques tout en facilitant la transition vers une \u00e9conomie \u00e0 faibles \u00e9missions de carbone et en construisant un avenir \u00e9nerg\u00e9tique plus stable et \u00e9quilibr\u00e9 dans la r\u00e9gion m\u00e9diterran\u00e9enne. <\/p>\n\n\n\n<p class=\"wp-block-paragraph\">Par ailleurs, la participation de M. Wael Chouchane \u00e0 la quatri\u00e8me \u00e9dition du forum a \u00e9t\u00e9 l&rsquo;occasion de rencontrer le Ministre alg\u00e9rien de l&rsquo;\u00c9nergie, des Mines et des \u00e9nergies renouvelables, M. Mohamed Arqab, accompagn\u00e9 du pr\u00e9sident-directeur g\u00e9n\u00e9ral de Sonatrach, M. Rachid Hachichi, ainsi que du pr\u00e9sident-directeur g\u00e9n\u00e9ral de Sonelgaz, M. Mourad Ajal. <\/p>\n\n\n\n<p class=\"wp-block-paragraph\">Ils ont discut\u00e9 des relations historiques entre la Tunisie et l&rsquo;Alg\u00e9rie, notamment dans le secteur de l&rsquo;\u00e9nergie, ainsi que de la coop\u00e9ration fructueuse entre la compagnie tunisienne d&rsquo;\u00e9lectricit\u00e9 et de gaz et Sonatrach, ainsi que des complexes gaziers de Sonelgaz. Ils ont \u00e9galement abord\u00e9 les perspectives de d\u00e9veloppement de projets communs, en particulier le renforcement de la liaison \u00e9lectrique tripartite entre la Tunisie, l&rsquo;Alg\u00e9rie et la Libye. <\/p>\n\n\n\n<p class=\"wp-block-paragraph\">De plus, il a rencontr\u00e9 le directeur g\u00e9n\u00e9ral du complexe \u00e9lectrique italien Edison, M. Nicola Monti, o\u00f9 le secr\u00e9taire d&rsquo;\u00c9tat a examin\u00e9 les principaux axes du Programme national de Transition \u00e9nerg\u00e9tique et les diff\u00e9rents syst\u00e8mes qui le caract\u00e9risent, en soulignant la n\u00e9cessit\u00e9 d&rsquo;\u00e9largir les domaines de partenariat pour inclure l&rsquo;innovation dans le secteur de l&rsquo;\u00e9nergie propre et promouvoir les investissements bilat\u00e9raux, permettant ainsi d&rsquo;atteindre la s\u00e9curit\u00e9 \u00e9nerg\u00e9tique et le d\u00e9veloppement durable entre les deux pays.<\/p>\n\n\n\n<p class=\"wp-block-paragraph\">Ce forum a \u00e9t\u00e9 organis\u00e9 \u00e0 l&rsquo;initiative de la Maison Europ\u00e9enne &#8211; Fondation Ambrosetti\u00a0\u00bb, mettant en \u00e9vidence des sujets d&rsquo;int\u00e9r\u00eat commun dans la r\u00e9gion m\u00e9diterran\u00e9enne, tels que la nouvelle vision de l&rsquo;\u00e9nergie en Europe du Sud et dans la r\u00e9gion m\u00e9diterran\u00e9enne et le r\u00f4le de la r\u00e9gion dans la mise en \u0153uvre de la nouvelle vision europ\u00e9enne de la coop\u00e9ration avec l&rsquo;Afrique. Ce forum a abouti \u00e0 la publication de la quatri\u00e8me \u00e9dition du Livre blanc \u00ab\u00a0vers le Sud\u00a0\u00bb, qui comprenait 10 messages cl\u00e9s, y compris le r\u00f4le central de la r\u00e9gion m\u00e9diterran\u00e9enne face aux d\u00e9fis g\u00e9o\u00e9conomiques.<\/p>\n\n\n\n<p class=\"wp-block-paragraph\"><\/p>\n","protected":false},"excerpt":{"rendered":"<p>Le secr\u00e9taire d&rsquo;\u00c9tat \u00e0 la transition \u00e9nerg\u00e9tique, M. Wael Chouchane, a pris part au forum international qui s&rsquo;est tenu \u00e0 Sorrente, en Italie, les 16 et 17 mai, sous le th\u00e8me \u00ab\u00a0Vers le sud : la strat\u00e9gie europ\u00e9enne pour une nouvelle \u00e8re g\u00e9opolitique, \u00e9conomique, sociale et culturelle dans la r\u00e9gion m\u00e9diterran\u00e9enne\u00a0\u00bb, en pr\u00e9sence de l&rsquo;ambassadeur [&hellip;]<\/p>\n","protected":false},"author":4,"featured_media":64841,"comment_status":"open","ping_status":"closed","sticky":false,"template":"","format":"standard","meta":{"content-type":"","jnews-multi-image_gallery":[],"jnews_single_post":{"format":"standard"},"jnews_primary_category":[],"jnews_override_bookmark_settings":[],"jnews_review":[],"enable_review":"","type":"","name":"","summary":"","brand":"","sku":"","good":[],"bad":[],"score_override":"","override_value":"","rating":[],"price":[],"jnews_post_split":[],"footnotes":""},"categories":[2],"tags":[12128,3599,15453,11464],"class_list":["post-64840","post","type-post","status-publish","format-standard","has-post-thumbnail","hentry","category-news-politique","tag-forum-international-vers-le-sud","tag-italie","tag-sorrente","tag-wael-chouchane"],"_links":{"self":[{"href":"https:\/\/www.africanchallenges.com\/index.php?rest_route=\/wp\/v2\/posts\/64840","targetHints":{"allow":["GET"]}}],"collection":[{"href":"https:\/\/www.africanchallenges.com\/index.php?rest_route=\/wp\/v2\/posts"}],"about":[{"href":"https:\/\/www.africanchallenges.com\/index.php?rest_route=\/wp\/v2\/types\/post"}],"author":[{"embeddable":true,"href":"https:\/\/www.africanchallenges.com\/index.php?rest_route=\/wp\/v2\/users\/4"}],"replies":[{"embeddable":true,"href":"https:\/\/www.africanchallenges.com\/index.php?rest_route=%2Fwp%2Fv2%2Fcomments&post=64840"}],"version-history":[{"count":1,"href":"https:\/\/www.africanchallenges.com\/index.php?rest_route=\/wp\/v2\/posts\/64840\/revisions"}],"predecessor-version":[{"id":64842,"href":"https:\/\/www.africanchallenges.com\/index.php?rest_route=\/wp\/v2\/posts\/64840\/revisions\/64842"}],"wp:featuredmedia":[{"embeddable":true,"href":"https:\/\/www.africanchallenges.com\/index.php?rest_route=\/wp\/v2\/media\/64841"}],"wp:attachment":[{"href":"https:\/\/www.africanchallenges.com\/index.php?rest_route=%2Fwp%2Fv2%2Fmedia&parent=64840"}],"wp:term":[{"taxonomy":"category","embeddable":true,"href":"https:\/\/www.africanchallenges.com\/index.php?rest_route=%2Fwp%2Fv2%2Fcategories&post=64840"},{"taxonomy":"post_tag","embeddable":true,"href":"https:\/\/www.africanchallenges.com\/index.php?rest_route=%2Fwp%2Fv2%2Ftags&post=64840"}],"curies":[{"name":"wp","href":"https:\/\/api.w.org\/{rel}","templated":true}]}}