{"id":64775,"date":"2025-05-16T10:15:08","date_gmt":"2025-05-16T09:15:08","guid":{"rendered":"https:\/\/www.africanchallenges.com\/?p=64775"},"modified":"2025-05-16T10:15:09","modified_gmt":"2025-05-16T09:15:09","slug":"canada-quebec-berceau-de-la-francophonie-en-amerique-du-nord-accueillera-la-5e-conference-des-ministres-de-la-culture-de-la-francophonie-du-22-au-24-mai","status":"publish","type":"post","link":"https:\/\/www.africanchallenges.com\/?p=64775","title":{"rendered":"Canada: Qu\u00e9bec, berceau de la francophonie en Am\u00e9rique du Nord, accueillera la 5e Conf\u00e9rence des ministres de la Culture de la Francophonie, du 22 au 24 mai"},"content":{"rendered":"\n<p class=\"wp-block-paragraph\">Le gouvernement du Qu\u00e9bec accueillera du 22 au 24 mai dans la ville de Qu\u00e9bec, berceau de la francophonie en Am\u00e9rique du Nord, la 5e Conf\u00e9rence des ministres de la Culture de la Francophonie.<\/p>\n\n\n\n<p class=\"wp-block-paragraph\">Le gouvernement du Qu\u00e9bec et l\u2019Organisation internationale de la Francophonie&nbsp;(OIF) coorganisent cette conf\u00e9rence internationale qui r\u00e9unira les ministres responsables de la Culture des \u00c9tats et gouvernements membres de plein droit de l\u2019OIF, de ses membres associ\u00e9s et de ses observateurs.<\/p>\n\n\n\n<p class=\"wp-block-paragraph\">Durant cet \u00e9v\u00e9nement pr\u00e9sent\u00e9 \u00e0 huis clos, les ministres de la Culture de la Francophonie r\u00e9fl\u00e9chiront ensemble \u00e0 l\u2019avenir de leurs cultures et de la langue fran\u00e7aise \u00e0 l\u2019\u00e8re num\u00e9rique, afin notamment&nbsp;:<\/p>\n\n\n\n<ul class=\"wp-block-list\">\n<li>de d\u00e9finir un plaidoyer commun concernant la d\u00e9couvrabilit\u00e9 des contenus culturels francophones;<\/li>\n\n\n\n<li>d\u2019\u00e9changer sur les exp\u00e9riences et les meilleures pratiques en mati\u00e8re de politiques culturelles \u00e0 l\u2019\u00e8re du num\u00e9rique;<\/li>\n\n\n\n<li>d\u2019affirmer la souverainet\u00e9 culturelle des gouvernements, c\u2019est-\u00e0-dire cette capacit\u00e9 \u00e0 agir, de fa\u00e7on autonome, pour pr\u00e9server la langue fran\u00e7aise et les cultures nationales.<\/li>\n<\/ul>\n\n\n\n<p class=\"wp-block-paragraph\">Le saviez-vous? La d\u00e9couvrabilit\u00e9 d\u2019un contenu se r\u00e9f\u00e8re \u00e0 sa disponibilit\u00e9 en ligne et \u00e0 sa capacit\u00e9 \u00e0 \u00eatre rep\u00e9r\u00e9 parmi un vaste ensemble d\u2019autres contenus, notamment par une personne qui n\u2019en faisait pas pr\u00e9cis\u00e9ment la recherche.<\/p>\n\n\n\n<h4 class=\"wp-block-heading\"><strong>Programme de la conf\u00e9rence<\/strong><\/h4>\n\n\n\n<p class=\"wp-block-paragraph\">Les participantes et participants seront invit\u00e9s \u00e0 assister \u00e0 des panels, suivis de tables rondes. Une s\u00e9ance pl\u00e9ni\u00e8re permettra ensuite aux ministres de se pr\u00e9parer \u00e0 l\u2019examen et \u00e0 l\u2019adoption de la d\u00e9claration de la&nbsp;5<sup>e<\/sup>&nbsp;Conf\u00e9rence des ministres de la Culture de la Francophonie.<\/p>\n\n\n\n<h4 class=\"wp-block-heading\"><strong>Bilan et perspectives sur la diversit\u00e9 culturelle \u00e0 l\u2019\u00e8re num\u00e9rique<\/strong><\/h4>\n\n\n\n<p class=\"wp-block-paragraph\">Ce panel vise \u00e0 dresser un \u00e9tat de situation de la culture \u00e0 l\u2019\u00e8re du num\u00e9rique depuis la&nbsp;4<sup>e<\/sup>&nbsp;Conf\u00e9rence, tenue \u00e0 Abidjan.<\/p>\n\n\n\n<h4 class=\"wp-block-heading\"><strong>Les arts et la culture \u00e0 l\u2019\u00e8re num\u00e9rique\u00a0: inspirations et trajectoires en mati\u00e8re de d\u00e9couvrabilit\u00e9<\/strong><\/h4>\n\n\n\n<p class=\"wp-block-paragraph\">Ce panel vise les \u00e9changes sur les exp\u00e9riences et les meilleures pratiques en mati\u00e8re de d\u00e9couvrabilit\u00e9 des contenus culturels francophones.<\/p>\n\n\n\n<h4 class=\"wp-block-heading\"><strong>Affirmer notre souverainet\u00e9 culturelle\u00a0: strat\u00e9gies et outils pour un environnement num\u00e9rique francophone dynamique et inclusif<\/strong><\/h4>\n\n\n\n<p class=\"wp-block-paragraph\">Ce panel examinera les diff\u00e9rents leviers et strat\u00e9gies \u00e0 la disposition des \u00c9tats pour assurer la vitalit\u00e9 et la richesse des contenus culturels francophones \u00e0 l\u2019\u00e8re du num\u00e9rique.<\/p>\n\n\n\n<h4 class=\"wp-block-heading\"><strong>Unir nos forces\u00a0: coop\u00e9ration et partenariats pour la diversit\u00e9 des contenus culturels dans l\u2019environnement num\u00e9rique<\/strong><\/h4>\n\n\n\n<p class=\"wp-block-paragraph\">Cette s\u00e9ance pl\u00e9ni\u00e8re mettra en lumi\u00e8re l\u2019importance de la coop\u00e9ration entre les \u00c9tats, les gouvernements, les institutions et les acteurs du secteur culturel, pour renforcer la diversit\u00e9 culturelle et assurer la mise en \u0153uvre d\u2019actions concr\u00e8tes.<\/p>\n\n\n\n<p class=\"wp-block-paragraph\"><\/p>\n","protected":false},"excerpt":{"rendered":"<p>Le gouvernement du Qu\u00e9bec accueillera du 22 au 24 mai dans la ville de Qu\u00e9bec, berceau de la francophonie en Am\u00e9rique du Nord, la 5e Conf\u00e9rence des ministres de la Culture de la Francophonie. Le gouvernement du Qu\u00e9bec et l\u2019Organisation internationale de la Francophonie&nbsp;(OIF) coorganisent cette conf\u00e9rence internationale qui r\u00e9unira les ministres responsables de la [&hellip;]<\/p>\n","protected":false},"author":4,"featured_media":64776,"comment_status":"open","ping_status":"closed","sticky":false,"template":"","format":"standard","meta":{"content-type":"","jnews-multi-image_gallery":[],"jnews_single_post":{"format":"standard"},"jnews_primary_category":[],"jnews_override_bookmark_settings":[],"jnews_review":[],"enable_review":"","type":"","name":"","summary":"","brand":"","sku":"","good":[],"bad":[],"score_override":"","override_value":"","rating":[],"price":[],"jnews_post_split":[],"footnotes":""},"categories":[17],"tags":[15434,1461,8289],"class_list":["post-64775","post","type-post","status-publish","format-standard","has-post-thumbnail","hentry","category-entertainment","tag-conference-des-ministres-de-la-culture-de-la-francophonie","tag-oif","tag-quebec"],"_links":{"self":[{"href":"https:\/\/www.africanchallenges.com\/index.php?rest_route=\/wp\/v2\/posts\/64775","targetHints":{"allow":["GET"]}}],"collection":[{"href":"https:\/\/www.africanchallenges.com\/index.php?rest_route=\/wp\/v2\/posts"}],"about":[{"href":"https:\/\/www.africanchallenges.com\/index.php?rest_route=\/wp\/v2\/types\/post"}],"author":[{"embeddable":true,"href":"https:\/\/www.africanchallenges.com\/index.php?rest_route=\/wp\/v2\/users\/4"}],"replies":[{"embeddable":true,"href":"https:\/\/www.africanchallenges.com\/index.php?rest_route=%2Fwp%2Fv2%2Fcomments&post=64775"}],"version-history":[{"count":1,"href":"https:\/\/www.africanchallenges.com\/index.php?rest_route=\/wp\/v2\/posts\/64775\/revisions"}],"predecessor-version":[{"id":64777,"href":"https:\/\/www.africanchallenges.com\/index.php?rest_route=\/wp\/v2\/posts\/64775\/revisions\/64777"}],"wp:featuredmedia":[{"embeddable":true,"href":"https:\/\/www.africanchallenges.com\/index.php?rest_route=\/wp\/v2\/media\/64776"}],"wp:attachment":[{"href":"https:\/\/www.africanchallenges.com\/index.php?rest_route=%2Fwp%2Fv2%2Fmedia&parent=64775"}],"wp:term":[{"taxonomy":"category","embeddable":true,"href":"https:\/\/www.africanchallenges.com\/index.php?rest_route=%2Fwp%2Fv2%2Fcategories&post=64775"},{"taxonomy":"post_tag","embeddable":true,"href":"https:\/\/www.africanchallenges.com\/index.php?rest_route=%2Fwp%2Fv2%2Ftags&post=64775"}],"curies":[{"name":"wp","href":"https:\/\/api.w.org\/{rel}","templated":true}]}}