{"id":64739,"date":"2025-05-15T10:37:00","date_gmt":"2025-05-15T09:37:00","guid":{"rendered":"https:\/\/www.africanchallenges.com\/?p=64739"},"modified":"2025-05-15T13:38:19","modified_gmt":"2025-05-15T12:38:19","slug":"tunisie-saied-il-est-primordial-que-les-responsables-soient-a-la-hauteur-des-defis-auxquels-le-pays-fait-face","status":"publish","type":"post","link":"https:\/\/www.africanchallenges.com\/?p=64739","title":{"rendered":"Tunisie- Saied : \u00ab\u00a0Il est primordial que les Responsables soient \u00e0 la hauteur des d\u00e9fis  auxquels le pays fait face\u00a0\u00bb  \u00a0"},"content":{"rendered":"\n<p class=\"wp-block-paragraph\"><\/p>\n\n\n\n<p class=\"wp-block-paragraph\">Le \u00a0pr\u00e9sident de la R\u00e9publique, Ka\u00ees Sa\u00efed, a re\u00e7u , hier mercredi 15 mai 2025, la cheffe du gouvernement, Sarah Za\u00e2frani Zenzri, au Palais de Carthage.<\/p>\n\n\n\n<p class=\"wp-block-paragraph\">&nbsp;Lors de cette rencontre, ils ont \u00e9voqu\u00e9 l&rsquo;importance pour certains responsables d&rsquo;\u00eatre \u00e0 la hauteur des d\u00e9fis auxquels le pays est confront\u00e9.<\/p>\n\n\n\n<p class=\"wp-block-paragraph\">\u00ab Pour r\u00e9ussir la transition, les dirigeants doivent adopter une attitude militante, se lib\u00e9rer des vestiges du pass\u00e9 et de l&rsquo;ind\u00e9cision, et montrer du courage ainsi que de la promptitude dans leurs d\u00e9cisions \u00bb, a-t-il argument\u00e9.<\/p>\n\n\n\n<p class=\"wp-block-paragraph\">Selon lui, le dirigeant doit \u00eatre port\u00e9 par l&rsquo;ardeur d&rsquo;un soldat engag\u00e9 dans la lutte pour la lib\u00e9ration nationale &#8211; un combat qui exige non seulement une refonte l\u00e9gislative, mais \u00e9galement une r\u00e9volution dans la fa\u00e7on dont elle est appliqu\u00e9e.<\/p>\n\n\n\n<p class=\"wp-block-paragraph\">Il a insist\u00e9 sur le fait que les jeunes, d\u00e9sireux de travailler et port\u00e9s par un engagement militant, doivent \u00eatre accueillis \u00e0 bras ouverts pour assumer la responsabilit\u00e9 et remplacer ceux qui n&rsquo;ont pas su r\u00e9pondre \u00e0 l&rsquo;attente de leurs responsabilit\u00e9s.<\/p>\n\n\n\n<p class=\"wp-block-paragraph\">Le pr\u00e9sident a soulign\u00e9 qu&rsquo;un fonctionnaire qui pense que le canap\u00e9 sur lequel il est assis repr\u00e9sente une fin en soi, et qui s&rsquo;y installe comme dans une salle d&rsquo;attente, devrait plut\u00f4t attendre \u00e0 l&rsquo;ext\u00e9rieur des institutions de l&rsquo;\u00c9tat. Sa place sera alors occup\u00e9e par une personne pour qui cette chaise n&rsquo;a pas de signification, mais qui consid\u00e8re que la responsabilit\u00e9 est une lourde charge qu&rsquo;elle assumera avec une int\u00e9grit\u00e9 constante, r\u00e9pondant ainsi aux attentes de son peuple et \u00e0 la fiert\u00e9 de sa patrie.<\/p>\n\n\n\n<p class=\"wp-block-paragraph\"><\/p>\n","protected":false},"excerpt":{"rendered":"<p>Le \u00a0pr\u00e9sident de la R\u00e9publique, Ka\u00ees Sa\u00efed, a re\u00e7u , hier mercredi 15 mai 2025, la cheffe du gouvernement, Sarah Za\u00e2frani Zenzri, au Palais de Carthage. &nbsp;Lors de cette rencontre, ils ont \u00e9voqu\u00e9 l&rsquo;importance pour certains responsables d&rsquo;\u00eatre \u00e0 la hauteur des d\u00e9fis auxquels le pays est confront\u00e9. \u00ab Pour r\u00e9ussir la transition, les dirigeants [&hellip;]<\/p>\n","protected":false},"author":4,"featured_media":64740,"comment_status":"open","ping_status":"closed","sticky":false,"template":"","format":"standard","meta":{"content-type":"","jnews-multi-image_gallery":[],"jnews_single_post":{"format":"standard"},"jnews_primary_category":[],"jnews_override_bookmark_settings":[],"jnews_review":[],"enable_review":"","type":"","name":"","summary":"","brand":"","sku":"","good":[],"bad":[],"score_override":"","override_value":"","rating":[],"price":[],"jnews_post_split":[],"footnotes":""},"categories":[2],"tags":[7324,4972,3694,15414,15412],"class_list":["post-64739","post","type-post","status-publish","format-standard","has-post-thumbnail","hentry","category-news-politique","tag-combat","tag-institutions-de-letat","tag-kais-saied","tag-responsabilite","tag-sarah-zaafrani-zenzri"],"_links":{"self":[{"href":"https:\/\/www.africanchallenges.com\/index.php?rest_route=\/wp\/v2\/posts\/64739","targetHints":{"allow":["GET"]}}],"collection":[{"href":"https:\/\/www.africanchallenges.com\/index.php?rest_route=\/wp\/v2\/posts"}],"about":[{"href":"https:\/\/www.africanchallenges.com\/index.php?rest_route=\/wp\/v2\/types\/post"}],"author":[{"embeddable":true,"href":"https:\/\/www.africanchallenges.com\/index.php?rest_route=\/wp\/v2\/users\/4"}],"replies":[{"embeddable":true,"href":"https:\/\/www.africanchallenges.com\/index.php?rest_route=%2Fwp%2Fv2%2Fcomments&post=64739"}],"version-history":[{"count":2,"href":"https:\/\/www.africanchallenges.com\/index.php?rest_route=\/wp\/v2\/posts\/64739\/revisions"}],"predecessor-version":[{"id":64742,"href":"https:\/\/www.africanchallenges.com\/index.php?rest_route=\/wp\/v2\/posts\/64739\/revisions\/64742"}],"wp:featuredmedia":[{"embeddable":true,"href":"https:\/\/www.africanchallenges.com\/index.php?rest_route=\/wp\/v2\/media\/64740"}],"wp:attachment":[{"href":"https:\/\/www.africanchallenges.com\/index.php?rest_route=%2Fwp%2Fv2%2Fmedia&parent=64739"}],"wp:term":[{"taxonomy":"category","embeddable":true,"href":"https:\/\/www.africanchallenges.com\/index.php?rest_route=%2Fwp%2Fv2%2Fcategories&post=64739"},{"taxonomy":"post_tag","embeddable":true,"href":"https:\/\/www.africanchallenges.com\/index.php?rest_route=%2Fwp%2Fv2%2Ftags&post=64739"}],"curies":[{"name":"wp","href":"https:\/\/api.w.org\/{rel}","templated":true}]}}