{"id":64736,"date":"2025-05-15T13:05:43","date_gmt":"2025-05-15T12:05:43","guid":{"rendered":"https:\/\/www.africanchallenges.com\/?p=64736"},"modified":"2025-05-15T14:22:38","modified_gmt":"2025-05-15T13:22:38","slug":"tunisie-le-chef-de-letat-plaide-pour-une-nouvelle-planification-economique-fondee-sur-les-regions","status":"publish","type":"post","link":"https:\/\/www.africanchallenges.com\/?p=64736","title":{"rendered":"Tunisie : Le chef de l&rsquo;Etat plaide pour une nouvelle planification \u00e9conomique fond\u00e9e sur les r\u00e9gions"},"content":{"rendered":"\n<p class=\"wp-block-paragraph\">Le 14 mai 2025, au Palais de Carthage, le chef d&rsquo;\u00c9tat Ka\u00efs Sa\u00efed a rencontr\u00e9 Samir Abdelhafidh, le ministre de l&rsquo;\u00c9conomie et de la Planification. Cette r\u00e9union s&rsquo;est focalis\u00e9e sur l&rsquo;analyse des rencontres r\u00e9centes r\u00e9alis\u00e9es avec les membres des conseils r\u00e9gionaux, dans le contexte de la pr\u00e9paration des projets de plans de d\u00e9veloppement.<\/p>\n\n\n\n<p class=\"wp-block-paragraph\">Le pr\u00e9sident a mis l&rsquo;accent sur le fait que ces sch\u00e9mas r\u00e9gionaux serviront de fondation pour les projets de d\u00e9veloppement \u00e0 venir, destin\u00e9s \u00e0 se transformer en r\u00e9f\u00e9rences essentielles dans la poursuite d&rsquo;une v\u00e9ritable justice socio-\u00e9conomique. Il a soulign\u00e9 l&rsquo;importance de se d\u00e9tacher des d\u00e9cisions politiques et \u00e9conomiques pass\u00e9es, consid\u00e9r\u00e9es comme \u00e0 l&rsquo;origine des disparit\u00e9s pr\u00e9sentes.<\/p>\n\n\n\n<p class=\"wp-block-paragraph\">Dans cette perspective, Ka\u00efs Sa\u00efed a donn\u00e9 des directives pour garantir une attention minutieuse aux suggestions des repr\u00e9sentants des conseils r\u00e9gionaux. Il a pr\u00e9conis\u00e9 l&rsquo;int\u00e9gration de ces diff\u00e9rentes perspectives dans un rapport final, qui constituera la base d&rsquo;un \u00e9ventuel projet de loi. \u00ab Les initiatives et les projets ne doivent pas \u00eatre impos\u00e9s depuis le quartier g\u00e9n\u00e9ral comme s&rsquo;ils \u00e9taient des faveurs ou des dons, mais ils doivent d\u00e9couler des aspirations de ceux qui ont \u00e9t\u00e9 touch\u00e9s par l&rsquo;exclusion, la marginalisation et la pauvret\u00e9 \u00bb, a-t-il d\u00e9clar\u00e9.<\/p>\n\n\n\n<p class=\"wp-block-paragraph\">De plus, le chef de l&rsquo;\u00c9tat a mentionn\u00e9 l&rsquo;\u00e9tablissement du Secr\u00e9tariat d&rsquo;\u00c9tat \u00e0 la Planification en 1961, qui avait conduit \u00e0 des progr\u00e8s significatifs dans les domaines \u00e9conomique et social. Cependant, selon son point de vue, la notion de planification devrait maintenant d\u00e9passer sa d\u00e9finition classique. Elle doit repr\u00e9senter une aspiration \u00e0 la transformation structurelle en accord avec l&rsquo;esprit du soul\u00e8vement populaire du 17 d\u00e9cembre 2010, qui a surgi de l&rsquo;int\u00e9rieur du pays et a atteint son apog\u00e9e lors du sit-in m\u00e9morable de la Kasbah.<\/p>\n\n\n\n<p class=\"wp-block-paragraph\">Ka\u00efs Sa\u00efed a conclu en disant que les citoyens ont la capacit\u00e9 totale d&rsquo;imaginer des solutions efficaces et de s&rsquo;engager fermement pour un d\u00e9veloppement harmonieux et juste sur l&rsquo;ensemble du territoire. Il a affirm\u00e9 que cet engagement repose sur une nouvelle m\u00e9thode de planification ainsi qu&rsquo;une d\u00e9termination claire \u00e0 progresser.<\/p>\n","protected":false},"excerpt":{"rendered":"<p>Le 14 mai 2025, au Palais de Carthage, le chef d&rsquo;\u00c9tat Ka\u00efs Sa\u00efed a rencontr\u00e9 Samir Abdelhafidh, le ministre de l&rsquo;\u00c9conomie et de la Planification. Cette r\u00e9union s&rsquo;est focalis\u00e9e sur l&rsquo;analyse des rencontres r\u00e9centes r\u00e9alis\u00e9es avec les membres des conseils r\u00e9gionaux, dans le contexte de la pr\u00e9paration des projets de plans de d\u00e9veloppement. Le pr\u00e9sident [&hellip;]<\/p>\n","protected":false},"author":4,"featured_media":64737,"comment_status":"open","ping_status":"closed","sticky":false,"template":"","format":"standard","meta":{"content-type":"","jnews-multi-image_gallery":[],"jnews_single_post":{"format":"standard"},"jnews_primary_category":[],"jnews_override_bookmark_settings":[],"jnews_review":[],"enable_review":"","type":"","name":"","summary":"","brand":"","sku":"","good":[],"bad":[],"score_override":"","override_value":"","rating":[],"price":[],"jnews_post_split":[],"footnotes":""},"categories":[2],"tags":[3712,15417,15418,7275,12888],"class_list":["post-64736","post","type-post","status-publish","format-standard","has-post-thumbnail","hentry","category-news-politique","tag-kais-saied-2","tag-planification-economique","tag-plans-de-developpement","tag-regions","tag-samir-abdelhafidh"],"_links":{"self":[{"href":"https:\/\/www.africanchallenges.com\/index.php?rest_route=\/wp\/v2\/posts\/64736","targetHints":{"allow":["GET"]}}],"collection":[{"href":"https:\/\/www.africanchallenges.com\/index.php?rest_route=\/wp\/v2\/posts"}],"about":[{"href":"https:\/\/www.africanchallenges.com\/index.php?rest_route=\/wp\/v2\/types\/post"}],"author":[{"embeddable":true,"href":"https:\/\/www.africanchallenges.com\/index.php?rest_route=\/wp\/v2\/users\/4"}],"replies":[{"embeddable":true,"href":"https:\/\/www.africanchallenges.com\/index.php?rest_route=%2Fwp%2Fv2%2Fcomments&post=64736"}],"version-history":[{"count":1,"href":"https:\/\/www.africanchallenges.com\/index.php?rest_route=\/wp\/v2\/posts\/64736\/revisions"}],"predecessor-version":[{"id":64738,"href":"https:\/\/www.africanchallenges.com\/index.php?rest_route=\/wp\/v2\/posts\/64736\/revisions\/64738"}],"wp:featuredmedia":[{"embeddable":true,"href":"https:\/\/www.africanchallenges.com\/index.php?rest_route=\/wp\/v2\/media\/64737"}],"wp:attachment":[{"href":"https:\/\/www.africanchallenges.com\/index.php?rest_route=%2Fwp%2Fv2%2Fmedia&parent=64736"}],"wp:term":[{"taxonomy":"category","embeddable":true,"href":"https:\/\/www.africanchallenges.com\/index.php?rest_route=%2Fwp%2Fv2%2Fcategories&post=64736"},{"taxonomy":"post_tag","embeddable":true,"href":"https:\/\/www.africanchallenges.com\/index.php?rest_route=%2Fwp%2Fv2%2Ftags&post=64736"}],"curies":[{"name":"wp","href":"https:\/\/api.w.org\/{rel}","templated":true}]}}