{"id":64709,"date":"2025-05-14T11:18:00","date_gmt":"2025-05-14T10:18:00","guid":{"rendered":"https:\/\/www.africanchallenges.com\/?p=64709"},"modified":"2025-05-14T19:22:19","modified_gmt":"2025-05-14T18:22:19","slug":"tunisie-wael-chouchane-les-marches-de-capitaux-un-des-leviers-importants-du-developpement-durable-qui-constituent-un-canal-de-financement-pour-attirer-les-investisseurs-nationaux-et-internationaux","status":"publish","type":"post","link":"https:\/\/www.africanchallenges.com\/?p=64709","title":{"rendered":"Tunisie-Wael Chouchane: Les march\u00e9s de capitaux, un des leviers importants du d\u00e9veloppement durable qui constituent un canal de financement pour attirer les investisseurs nationaux et internationaux"},"content":{"rendered":"\n<p class=\"wp-block-paragraph\">Le secr\u00e9taire d&rsquo;\u00c9tat charg\u00e9 de la transition \u00e9nerg\u00e9tique, M. Wael Chouchane, a exhort\u00e9 \u00e0 continuer les efforts pour attirer des investissements dans les \u00e9nergies renouvelables, afin d&rsquo;assurer la s\u00e9curit\u00e9 \u00e9nerg\u00e9tique et de soutenir l&rsquo;\u00e9conomie nationale, lors de sa participation \u00e0 un atelier qui s&rsquo;est tenu le mardi 13 mai dans la capitale, en marge de la conf\u00e9rence annuelle de la F\u00e9d\u00e9ration Arabe des march\u00e9s de capitaux, intitul\u00e9e &lsquo;Conf\u00e9rence Annuelle de l&rsquo;AFCM &#8211; Tunisie 2025&rsquo;.<\/p>\n\n\n\n<p class=\"wp-block-paragraph\">Cette conf\u00e9rence est organis\u00e9e par la Bourse de Tunis en collaboration avec la F\u00e9d\u00e9ration Arabe des march\u00e9s de capitaux et l&rsquo;Association Africaine des March\u00e9s des Capitaux.<\/p>\n\n\n\n<p class=\"wp-block-paragraph\">&nbsp;L&rsquo;atelier a rassembl\u00e9 le pr\u00e9sident de la F\u00e9d\u00e9ration Arabe des march\u00e9s decapitaux (AFCM), le directeur g\u00e9n\u00e9ral de la Bourse de Tunis, M. Bilal Sahnoun, le chef du p\u00f4le de stabilit\u00e9 mon\u00e9taire \u00e0 la Banque Centrale de Tunisie, M. Bachir Trabelsi, ainsi qu&rsquo;un membre du Bureau Ex\u00e9cutif de la F\u00e9d\u00e9ration des institutions citoyennes tunisiennes &lsquo;connect&rsquo;, M. Mehdi Bahouri.<\/p>\n\n\n\n<p class=\"wp-block-paragraph\">M. Wael Chouchane a soulign\u00e9 que la Tunisie, dans le cadre de la Strat\u00e9gie \u00c9nerg\u00e9tique Nationale \u00e0 l Horizon 2035, se concentre sur la diversification des sources d&rsquo;\u00e9nergie et oriente les efforts nationaux et r\u00e9gionaux vers une utilisation optimale des \u00e9nergies alternatives, en soulignant le r\u00f4le central de la transition \u00e9nerg\u00e9tique pour atteindre un d\u00e9veloppement durable et garantir une \u00e9conomie \u00e0 faible \u00e9mission de carbone.<\/p>\n\n\n\n<p class=\"wp-block-paragraph\">Dans ce cadre, il a examin\u00e9 les principales orientations de la Strat\u00e9gie \u00e9nerg\u00e9tique nationale, qui vise \u00e0 encourager les initiatives d&rsquo;investissement et \u00e0 atteindre 5 milliards de dollars d&rsquo;investissements dans le secteur des \u00e9nergies renouvelables dans un avenir proche. Il a incit\u00e9 les industriels et les acteurs \u00e9conomiques \u00e0 tirer parti de ces opportunit\u00e9s pour am\u00e9liorer leur comp\u00e9titivit\u00e9 et contribuer efficacement \u00e0 l&rsquo;atteinte des objectifs \u00e9conomiques et sociaux, tout en pr\u00e9servant l&rsquo;environnement.<\/p>\n\n\n\n<p class=\"wp-block-paragraph\">Il a pr\u00e9cis\u00e9 que l&rsquo;atteinte de ces objectifs requiert des efforts conjoints de toutes les parties prenantes, y compris les march\u00e9s des capitaux, qui constituent un pilier essentiel du d\u00e9veloppement durable et un canal de financement crucial pour attirer les investisseurs locaux et \u00e9trangers.<\/p>\n\n\n\n<p class=\"wp-block-paragraph\">Le secr\u00e9taire d&rsquo;\u00c9tat a conclu en mettant l&rsquo;accent sur l&rsquo;importance croissante des technologies modernes pour fournir des services \u00e9nerg\u00e9tiques avanc\u00e9s et soutenir des politiques qui garantissent un environnement d&rsquo;investissement favorable, afin d&rsquo;atteindre les objectifs \u00e9nerg\u00e9tiques et de d\u00e9veloppement tout en s&rsquo;adaptant aux \u00e9volutions du paysage \u00e9conomique mondial.<\/p>\n\n\n\n<p class=\"wp-block-paragraph\">La conf\u00e9rence annuelle de deux jours traitera de divers sujets li\u00e9s \u00e0 l&rsquo;avenir des march\u00e9s financiers dans le monde arabe, ainsi que des d\u00e9fis et des opportunit\u00e9s qu&rsquo;ils pr\u00e9sentent face aux changements g\u00e9opolitiques et \u00e0 leurs implications pour la r\u00e9gion arabe, en plus d&rsquo;aborder l&rsquo;\u00e9conomie verte et durable.<\/p>\n\n\n\n<p class=\"wp-block-paragraph\">Il convient de noter que cette conf\u00e9rence annuelle de la F\u00e9d\u00e9ration arabe des march\u00e9s de capitaux a rassembl\u00e9 plus de 40 bourses, des repr\u00e9sentants d&rsquo;organismes de r\u00e9glementation, des soci\u00e9t\u00e9s de compensation, des fonds d&rsquo;investissement, des fournisseurs de services d&rsquo;information et de logiciels, des entreprises sp\u00e9cialis\u00e9es en cybers\u00e9curit\u00e9, ainsi que plus de 300 participants.<\/p>\n\n\n\n<p class=\"wp-block-paragraph\">A rappeler que la F\u00e9d\u00e9ration arabe des march\u00e9s de capitaux a \u00e9t\u00e9 fond\u00e9e en juin 1978. Cet organisme a pour mission de superviser et d&rsquo;optimiser les bourses arabes, avec son si\u00e8ge \u00e9tabli \u00e0 Beyrouth, la capitale du Liban. La F\u00e9d\u00e9ration regroupe 18 bourses, 8 chambres de compensation, ainsi qu&rsquo;un nombre important de membres associ\u00e9s, comprenant des institutions financi\u00e8res, des interm\u00e9diaires en bourse et des associations industrielles locales provenant de diverses r\u00e9gions du monde arabe.<\/p>\n\n\n\n<p class=\"wp-block-paragraph\"><\/p>\n","protected":false},"excerpt":{"rendered":"<p>Le secr\u00e9taire d&rsquo;\u00c9tat charg\u00e9 de la transition \u00e9nerg\u00e9tique, M. Wael Chouchane, a exhort\u00e9 \u00e0 continuer les efforts pour attirer des investissements dans les \u00e9nergies renouvelables, afin d&rsquo;assurer la s\u00e9curit\u00e9 \u00e9nerg\u00e9tique et de soutenir l&rsquo;\u00e9conomie nationale, lors de sa participation \u00e0 un atelier qui s&rsquo;est tenu le mardi 13 mai dans la capitale, en marge de [&hellip;]<\/p>\n","protected":false},"author":4,"featured_media":64710,"comment_status":"open","ping_status":"closed","sticky":false,"template":"","format":"standard","meta":{"content-type":"","jnews-multi-image_gallery":[],"jnews_single_post":{"format":"standard"},"jnews_primary_category":[],"jnews_override_bookmark_settings":[],"jnews_review":[],"enable_review":"","type":"","name":"","summary":"","brand":"","sku":"","good":[],"bad":[],"score_override":"","override_value":"","rating":[],"price":[],"jnews_post_split":[],"footnotes":""},"categories":[43,73],"tags":[15384,1289,15394,1115,149,15406,6699,11464],"class_list":["post-64709","post","type-post","status-publish","format-standard","has-post-thumbnail","hentry","category-eco-business","category-eco","tag-afcm","tag-bourse-de-tunis","tag-conference-annuelle-de-la-federation-arabe-des-marches-de-capitaux","tag-developpement-durable","tag-financement","tag-lassociation-africaine-des-marches-des-capitaux","tag-marches-de-capitaux","tag-wael-chouchane"],"_links":{"self":[{"href":"https:\/\/www.africanchallenges.com\/index.php?rest_route=\/wp\/v2\/posts\/64709","targetHints":{"allow":["GET"]}}],"collection":[{"href":"https:\/\/www.africanchallenges.com\/index.php?rest_route=\/wp\/v2\/posts"}],"about":[{"href":"https:\/\/www.africanchallenges.com\/index.php?rest_route=\/wp\/v2\/types\/post"}],"author":[{"embeddable":true,"href":"https:\/\/www.africanchallenges.com\/index.php?rest_route=\/wp\/v2\/users\/4"}],"replies":[{"embeddable":true,"href":"https:\/\/www.africanchallenges.com\/index.php?rest_route=%2Fwp%2Fv2%2Fcomments&post=64709"}],"version-history":[{"count":3,"href":"https:\/\/www.africanchallenges.com\/index.php?rest_route=\/wp\/v2\/posts\/64709\/revisions"}],"predecessor-version":[{"id":64713,"href":"https:\/\/www.africanchallenges.com\/index.php?rest_route=\/wp\/v2\/posts\/64709\/revisions\/64713"}],"wp:featuredmedia":[{"embeddable":true,"href":"https:\/\/www.africanchallenges.com\/index.php?rest_route=\/wp\/v2\/media\/64710"}],"wp:attachment":[{"href":"https:\/\/www.africanchallenges.com\/index.php?rest_route=%2Fwp%2Fv2%2Fmedia&parent=64709"}],"wp:term":[{"taxonomy":"category","embeddable":true,"href":"https:\/\/www.africanchallenges.com\/index.php?rest_route=%2Fwp%2Fv2%2Fcategories&post=64709"},{"taxonomy":"post_tag","embeddable":true,"href":"https:\/\/www.africanchallenges.com\/index.php?rest_route=%2Fwp%2Fv2%2Ftags&post=64709"}],"curies":[{"name":"wp","href":"https:\/\/api.w.org\/{rel}","templated":true}]}}