{"id":64648,"date":"2025-05-13T22:40:28","date_gmt":"2025-05-13T21:40:28","guid":{"rendered":"https:\/\/www.africanchallenges.com\/?p=64648"},"modified":"2025-05-14T11:44:33","modified_gmt":"2025-05-14T10:44:33","slug":"la-tunisie-reaffirme-son-engagement-a-avancer-dans-le-processus-de-reformes-economiques-tout-en-maintenant-des-politiques-strictes-pour-combattre-la-corruption-financiere","status":"publish","type":"post","link":"https:\/\/www.africanchallenges.com\/?p=64648","title":{"rendered":"La Tunisie r\u00e9affirme son engagement \u00e0 avancer dans le processus de r\u00e9formes \u00e9conomiques tout en maintenant des politiques strictes pour combattre la corruption financi\u00e8re"},"content":{"rendered":"\n<p class=\"wp-block-paragraph\">Monsieur Samir Abdelhafed, ministre de l&rsquo;\u00c9conomie et de la Planification, a pris part le mardi 13 mai 2025 \u00e0 l&rsquo;ouverture de la conf\u00e9rence annuelle de la F\u00e9d\u00e9ration Arabe des March\u00e9s de Capitaux (AFCM), qui se d\u00e9roulera \u00e0 Tunis les 13 et 14 mai.<\/p>\n\n\n\n<p class=\"wp-block-paragraph\">La c\u00e9r\u00e9monie d&rsquo;ouverture a rassembl\u00e9 la ministre des Finances, Madame Michkat Salama Khaldi le gouverneur de la Banque Centrale de Tunisie, Monsieur Fethi Zouhair Nouri, le secr\u00e9taire d&rsquo;\u00c9tat \u00e0 la transition \u00e9nerg\u00e9tique, Monsieur Wael Chouchane, le directeur g\u00e9n\u00e9ral de la Bourse de Tunis, Monsieur Bilal Sahnoun, le secr\u00e9taire g\u00e9n\u00e9ral de l&rsquo;Union des march\u00e9s arabes des capitaux, le pr\u00e9sident de l&rsquo;Union des bourses africaines, ainsi qu&rsquo;un grand nombre d&rsquo;invit\u00e9s et de participants venus de Tunisie et de divers pays arabes et africains.<\/p>\n\n\n\n<p class=\"wp-block-paragraph\">Dans son intervention, Monsieur Samir Abdelhafed a insist\u00e9 sur la port\u00e9e de cette rencontre, qui constitue une occasion unique pour les acteurs \u00e9conomiques et les sp\u00e9cialistes du secteur financier et commercial d&rsquo;\u00e9changer leurs perspectives et leurs visions concernant l&rsquo;avenir des march\u00e9s financiers dans la r\u00e9gion, ainsi que les moyens d&rsquo;accro\u00eetre leur r\u00f4le dans le financement de l&rsquo;\u00e9conomie.<\/p>\n\n\n\n<p class=\"wp-block-paragraph\">Dans ce cadre, le ministre a mis en avant l&rsquo;engagement du gouvernement tunisien, sous la direction du pr\u00e9sident de la R\u00e9publique, \u00e0 progresser dans le processus de r\u00e9formes \u00e9conomiques bas\u00e9es sur des choix nationaux, tout en maintenant des politiques fermes pour lutter contre la corruption financi\u00e8re et administrative, et pour instaurer la transparence dans les transactions afin de renforcer la confiance des acteurs \u00e9conomiques et des investisseurs dans le climat d&rsquo;investissement et d&rsquo;affaires de notre &nbsp;pays.<\/p>\n","protected":false},"excerpt":{"rendered":"<p>Monsieur Samir Abdelhafed, ministre de l&rsquo;\u00c9conomie et de la Planification, a pris part le mardi 13 mai 2025 \u00e0 l&rsquo;ouverture de la conf\u00e9rence annuelle de la F\u00e9d\u00e9ration Arabe des March\u00e9s de Capitaux (AFCM), qui se d\u00e9roulera \u00e0 Tunis les 13 et 14 mai. La c\u00e9r\u00e9monie d&rsquo;ouverture a rassembl\u00e9 la ministre des Finances, Madame Michkat Salama [&hellip;]<\/p>\n","protected":false},"author":4,"featured_media":64649,"comment_status":"open","ping_status":"closed","sticky":false,"template":"","format":"standard","meta":{"content-type":"","jnews-multi-image_gallery":[],"jnews_single_post":{"format":"standard"},"jnews_primary_category":[],"jnews_override_bookmark_settings":[],"jnews_review":[],"enable_review":"","type":"","name":"","summary":"","brand":"","sku":"","good":[],"bad":[],"score_override":"","override_value":"","rating":[],"price":[],"jnews_post_split":[],"footnotes":""},"categories":[43,73,1],"tags":[15394,15379,4406,1330,54],"class_list":["post-64648","post","type-post","status-publish","format-standard","has-post-thumbnail","hentry","category-eco-business","category-eco","category-uncategorized","tag-conference-annuelle-de-la-federation-arabe-des-marches-de-capitaux","tag-corruption-financiere","tag-engagement","tag-reformes-economiques","tag-tunisie"],"_links":{"self":[{"href":"https:\/\/www.africanchallenges.com\/index.php?rest_route=\/wp\/v2\/posts\/64648","targetHints":{"allow":["GET"]}}],"collection":[{"href":"https:\/\/www.africanchallenges.com\/index.php?rest_route=\/wp\/v2\/posts"}],"about":[{"href":"https:\/\/www.africanchallenges.com\/index.php?rest_route=\/wp\/v2\/types\/post"}],"author":[{"embeddable":true,"href":"https:\/\/www.africanchallenges.com\/index.php?rest_route=\/wp\/v2\/users\/4"}],"replies":[{"embeddable":true,"href":"https:\/\/www.africanchallenges.com\/index.php?rest_route=%2Fwp%2Fv2%2Fcomments&post=64648"}],"version-history":[{"count":3,"href":"https:\/\/www.africanchallenges.com\/index.php?rest_route=\/wp\/v2\/posts\/64648\/revisions"}],"predecessor-version":[{"id":64679,"href":"https:\/\/www.africanchallenges.com\/index.php?rest_route=\/wp\/v2\/posts\/64648\/revisions\/64679"}],"wp:featuredmedia":[{"embeddable":true,"href":"https:\/\/www.africanchallenges.com\/index.php?rest_route=\/wp\/v2\/media\/64649"}],"wp:attachment":[{"href":"https:\/\/www.africanchallenges.com\/index.php?rest_route=%2Fwp%2Fv2%2Fmedia&parent=64648"}],"wp:term":[{"taxonomy":"category","embeddable":true,"href":"https:\/\/www.africanchallenges.com\/index.php?rest_route=%2Fwp%2Fv2%2Fcategories&post=64648"},{"taxonomy":"post_tag","embeddable":true,"href":"https:\/\/www.africanchallenges.com\/index.php?rest_route=%2Fwp%2Fv2%2Ftags&post=64648"}],"curies":[{"name":"wp","href":"https:\/\/api.w.org\/{rel}","templated":true}]}}