{"id":64602,"date":"2025-05-12T19:02:55","date_gmt":"2025-05-12T18:02:55","guid":{"rendered":"https:\/\/www.africanchallenges.com\/?p=64602"},"modified":"2025-05-12T19:02:56","modified_gmt":"2025-05-12T18:02:56","slug":"tunisie-le-ministre-de-la-sante-dr-mustapha-ferjani-inaugure-les-nouveaux-bureaux-de-roche-a-tunis","status":"publish","type":"post","link":"https:\/\/www.africanchallenges.com\/?p=64602","title":{"rendered":"Tunisie: Le Ministre de la Sant\u00e9 Dr Mustapha Ferjani inaugure les nouveaux bureaux de Roche \u00e0 Tunis"},"content":{"rendered":"\n<p class=\"wp-block-paragraph\"><strong>Roche Tunisie inaugure ses nouveaux bureaux \u00e0 Tunis en pr\u00e9sence de Monsieur le Ministre de la Sant\u00e9 Dr Mustapha Ferjani, des repr\u00e9sentants du Minist\u00e8re des Affaires sociales et de son Excellence l\u2019Ambassadeur de Suisse en Tunisie Monsieur Josef Renggli<\/strong><strong><\/strong><\/p>\n\n\n\n<p class=\"wp-block-paragraph\">Roche Tunisie et Libye ont c\u00e9l\u00e9br\u00e9 l\u2019inauguration officielle de leurs nouveaux bureaux \u00e0 Tunis. Cet \u00e9v\u00e9nement repr\u00e9sente une \u00e9tape strat\u00e9gique majeure pour Roche dans la r\u00e9gion, consolidant son engagement \u00e0 long terme en faveur de l\u2019innovation en sant\u00e9 et du renforcement de son partenariat avec les syst\u00e8mes de sant\u00e9 tunisien et libyen.<\/p>\n\n\n\n<p class=\"wp-block-paragraph\">Ce nouveau si\u00e8ge social, qui accueille les \u00e9quipes tunisiennes ainsi que des collaborateurs op\u00e9rant \u00e0 l\u2019\u00e9chelle r\u00e9gionale, marque une \u00e9tape majeure dans le d\u00e9veloppement de Roche en Tunisie. Il refl\u00e8te la volont\u00e9 de l\u2019entreprise de renforcer durablement son ancrage local tout en soutenant les transformations des syst\u00e8mes de sant\u00e9 en Tunisie et en Libye. Con\u00e7u pour favoriser la transversalit\u00e9, la co-construction et l\u2019innovation, ce nouvel espace devient le prolongement physique de l\u2019ambition de Roche: Am\u00e9liorer l\u2019acc\u00e8s \u00e0 des soins de qualit\u00e9 et positionner la Tunisie comme un hub r\u00e9gional de r\u00e9f\u00e9rence en mati\u00e8re d\u2019innovation m\u00e9dicale.<\/p>\n\n\n\n<p class=\"wp-block-paragraph\"><strong>Une vision d\u2019engagement durable pour la sant\u00e9<\/strong><\/p>\n\n\n\n<p class=\"wp-block-paragraph\"><em>\u00ab Pr\u00e9sente en Tunisie depuis plus de 30 ans, Roche agit comme un partenaire engag\u00e9 et fiable, aux c\u00f4t\u00e9s des acteurs du syst\u00e8me de sant\u00e9, pour contribuer \u00e0 son \u00e9volution et \u00e0 son renforcement. Notre mission va bien au-del\u00e0 de la mise \u00e0 disposition de traitements innovants : nous \u0153uvrons, dans une logique de co-construction, pour b\u00e2tir un \u00e9cosyst\u00e8me de sant\u00e9 plus efficace, plus \u00e9quitable, plus durable, et v\u00e9ritablement centr\u00e9 sur les besoins des patients \u00bb<\/em>,&nbsp;<strong>a d\u00e9clar\u00e9 Mme Imene Ben Abdallah, Directrice G\u00e9n\u00e9rale de Roche Tunisie et Libye, lors de son discours inaugural.<\/strong><\/p>\n\n\n\n<p class=\"wp-block-paragraph\">La c\u00e9r\u00e9monie s\u2019est poursuivie par une table ronde intitul\u00e9e \u00ab Investir en sant\u00e9 pour une meilleure prise en charge des patients en Tunisie et en Libye \u00bb, r\u00e9unissant des repr\u00e9sentants du secteur public, de la soci\u00e9t\u00e9 civile, des institutions diplomatiques et des professionnels de la sant\u00e9. Les \u00e9changes ont mis en lumi\u00e8re des initiatives concr\u00e8tes de partenariats public-priv\u00e9 en Afrique et en Tunisie, illustrant leur impact sur l\u2019\u00e9cosyst\u00e8me de sant\u00e9, la qualit\u00e9 des soins et les parcours patients.<\/p>\n\n\n\n<figure class=\"wp-block-image\"><img decoding=\"async\" src=\"https:\/\/www.businessnews.com.tn\/images\/album\/IMGBN115647cp.jpg\" alt=\"\"\/><\/figure>\n\n\n\n<p class=\"wp-block-paragraph\"><\/p>\n\n\n\n<p class=\"wp-block-paragraph\">Parmis les intervenants de cette table ronde figuraient :<\/p>\n\n\n\n<p class=\"wp-block-paragraph\">\u25a0&nbsp;&nbsp;&nbsp;&nbsp; Mr Maturin Tchoumi, Pharma International Area Head Africa, Roche<\/p>\n\n\n\n<p class=\"wp-block-paragraph\">\u25a0&nbsp;&nbsp;&nbsp;&nbsp; Mme Imene Ben Abdallah, Country Manager Tunisie &amp; Libye<\/p>\n\n\n\n<p class=\"wp-block-paragraph\">\u25a0&nbsp;&nbsp;&nbsp;&nbsp; S.E.M Josef Renggli, Ambassadeur de la Suisse Tunisie &amp; Libye<\/p>\n\n\n\n<p class=\"wp-block-paragraph\">\u25a0&nbsp;&nbsp;&nbsp;&nbsp; Pr Riadh Gouider, Chef de Service de Neurologie, H\u00f4pital Razi, Tunis<\/p>\n\n\n\n<p class=\"wp-block-paragraph\">\u25a0&nbsp;&nbsp;&nbsp;&nbsp; Pr Nesrine Mejri, Chef du service d\u2019Oncologie, H\u00f4pital Abderrahmen Mami, Tunis<\/p>\n\n\n\n<p class=\"wp-block-paragraph\">\u25a0&nbsp;&nbsp;&nbsp;&nbsp; Dr Aslam Souli, Acting Pr\u00e9sident de BEDER, ONG Tunisienne<\/p>\n\n\n\n<p class=\"wp-block-paragraph\">Parmi les th\u00e8mes abord\u00e9s figuraient le r\u00f4le des ONG et des citoyens, les leviers de collaboration entre secteurs public et priv\u00e9, ainsi que les r\u00e9ussites suisses et africaines en mati\u00e8re de coop\u00e9ration sanitaire. La discussion a \u00e9galement soulign\u00e9 les enjeux de digitalisation, d\u2019\u00e9quit\u00e9 dans l\u2019acc\u00e8s aux soins et de structuration d\u2019\u00e9cosyst\u00e8mes innovants, durables et centr\u00e9s sur les besoins des patients.<\/p>\n\n\n\n<p class=\"wp-block-paragraph\">Une session interactive de questions-r\u00e9ponses a permis aux invit\u00e9s, notamment les m\u00e9dias partenaires pr\u00e9sents, d\u2019\u00e9changer directement avec les intervenants dans un esprit de dialogue et d\u2019ouverture.<\/p>\n\n\n\n<p class=\"wp-block-paragraph\">Pr\u00e9sent en visioconf\u00e9rence lors de l\u2019\u00e9v\u00e9nement,&nbsp;<strong>Maturin Tchoumi, Pharma International Area Head Africa<\/strong>&nbsp;chez Roche, a soulign\u00e9 :<\/p>\n\n\n\n<p class=\"wp-block-paragraph\"><em>\u00ab Cette inauguration n\u2019est pas seulement un changement d\u2019adresse, c\u2019est un signal fort de notre ancrage en Afrique du Nord. En Tunisie et en Libye, Roche s\u2019engage \u00e0 long terme aux c\u00f4t\u00e9s des autorit\u00e9s de sant\u00e9, des professionnels et des patients. Nous croyons fermement que la co-construction de syst\u00e8mes de sant\u00e9 durables, bas\u00e9s sur des partenariats strat\u00e9giques et une meilleure int\u00e9gration de l\u2019innovation, peut transformer l\u2019acc\u00e8s aux soins. Ce bureau devient un levier concret pour amplifier notre impact collectif dans la r\u00e9gion. \u00bb<\/em><\/p>\n\n\n\n<p class=\"wp-block-paragraph\">La c\u00e9r\u00e9monie s\u2019est cl\u00f4tur\u00e9e par une visite des nouveaux locaux, suivie d\u2019une r\u00e9ception conviviale rassemblant les partenaires institutionnels, scientifiques et associatifs pr\u00e9sents, dans un esprit de partage et de collaboration.<\/p>\n\n\n\n<p class=\"wp-block-paragraph\"><strong>Un ancrage local tourn\u00e9 vers l\u2019avenir<\/strong><\/p>\n\n\n\n<p class=\"wp-block-paragraph\">L\u2019inauguration du nouveau si\u00e8ge s\u2019inscrit dans la continuit\u00e9 de l\u2019engagement de Roche \u00e0 \u00eatre un acteur de sant\u00e9 pleinement ancr\u00e9 dans les r\u00e9alit\u00e9s locales en Tunisie et en Libye.<\/p>\n\n\n\n<p class=\"wp-block-paragraph\">En consolidant sa pr\u00e9sence op\u00e9rationnelle et fonctionnelle dans la r\u00e9gion, l\u2019entreprise r\u00e9affirme sa volont\u00e9 de contribuer activement, en collaboration avec les acteurs publics et priv\u00e9s, \u00e0 l\u2019\u00e9volution des syst\u00e8mes de sant\u00e9.<\/p>\n\n\n\n<p class=\"wp-block-paragraph\">Cette ambition se concr\u00e9tise \u00e0 travers des partenariats durables avec les autorit\u00e9s sanitaires, les associations de patients et les institutions m\u00e9dicales, notamment dans les domaines de la neurologie, de l\u2019oncologie, de l\u2019h\u00e9mophilie et des maladies rares.<\/p>\n\n\n\n<p class=\"wp-block-paragraph\">Roche accompagne ainsi la mise en \u0153uvre de solutions innovantes, en phase avec les priorit\u00e9s de sant\u00e9 publique. Parmi les projets r\u00e9cents figurent le d\u00e9veloppement d\u2019e-registres en neurologie et en oncologie, ainsi qu\u2019une campagne nationale de sensibilisation au cancer du sein diffus\u00e9e sur les m\u00e9dias traditionnels et digitaux.<\/p>\n\n\n\n<p class=\"wp-block-paragraph\"><strong>Une strat\u00e9gie concr\u00e8te pour acc\u00e9l\u00e9rer la transformation<\/strong><\/p>\n\n\n\n<p class=\"wp-block-paragraph\">L\u2019approche de Roche repose sur trois axes strat\u00e9giques :<\/p>\n\n\n\n<ol start=\"1\" class=\"wp-block-list\">\n<li>Optimiser les parcours de soins gr\u00e2ce \u00e0 la digitalisation, \u00e0 des outils d\u2019aide au diagnostic (comme l\u2019intelligence artificielle pour le d\u00e9pistage du cancer du sein), et \u00e0 des programmes de formation pour les professionnels de sant\u00e9.<\/li>\n\n\n\n<li>Faciliter l\u2019acc\u00e8s \u00e0 l\u2019innovation th\u00e9rapeutique \u00e0 travers des \u00e9tudes cliniques locales, des programmes compassionnels et des mod\u00e8les d\u2019acc\u00e8s adapt\u00e9s aux r\u00e9alit\u00e9s du terrain.<\/li>\n\n\n\n<li>Positionner la Tunisie comme plateforme r\u00e9gionale de coop\u00e9ration m\u00e9dicale, notamment avec la Libye, \u00e0 travers des programmes de jumelage entre \u00e9tablissements hospitaliers.<\/li>\n<\/ol>\n\n\n\n<p class=\"wp-block-paragraph\"><strong>Recherche, donn\u00e9es locales et maladies rares : des priorit\u00e9s concr\u00e8tes<\/strong><\/p>\n\n\n\n<p class=\"wp-block-paragraph\">La recherche et le d\u00e9veloppement restent au c\u0153ur de la strat\u00e9gie de Roche. L\u2019entreprise s\u2019implique activement dans les essais cliniques et la production de donn\u00e9es locales, afin de proposer des traitements adapt\u00e9s aux besoins sp\u00e9cifiques des patients tunisiens.<\/p>\n\n\n\n<p class=\"wp-block-paragraph\">En mati\u00e8re de maladies rares et d\u2019h\u00e9mophilie, Roche soutient des campagnes de sensibilisation en milieu scolaire, travaille aux c\u00f4t\u00e9s d\u2019associations de patients, et plaide pour une meilleure reconnaissance de ces pathologies dans les politiques de sant\u00e9 publique.<\/p>\n\n\n\n<p class=\"wp-block-paragraph\"><em>\u00ab C\u2019est en co-construisant avec les parties prenantes du syst\u00e8me de sant\u00e9 et en renfor\u00e7ant ses capacit\u00e9s que nous pourrons garantir un meilleur acc\u00e8s aux soins et am\u00e9liorer durablement la qualit\u00e9 de vie des patients&nbsp; \u00bb,&nbsp;<\/em>&nbsp;conclut Madame Imene Ben Abdallah<strong>.<\/strong><\/p>\n\n\n\n<p class=\"wp-block-paragraph\"><strong>Avec Communiqu\u00e9<\/strong><\/p>\n","protected":false},"excerpt":{"rendered":"<p>Roche Tunisie inaugure ses nouveaux bureaux \u00e0 Tunis en pr\u00e9sence de Monsieur le Ministre de la Sant\u00e9 Dr Mustapha Ferjani, des repr\u00e9sentants du Minist\u00e8re des Affaires sociales et de son Excellence l\u2019Ambassadeur de Suisse en Tunisie Monsieur Josef Renggli Roche Tunisie et Libye ont c\u00e9l\u00e9br\u00e9 l\u2019inauguration officielle de leurs nouveaux bureaux \u00e0 Tunis. Cet \u00e9v\u00e9nement [&hellip;]<\/p>\n","protected":false},"author":4,"featured_media":64603,"comment_status":"open","ping_status":"closed","sticky":false,"template":"","format":"standard","meta":{"content-type":"","jnews-multi-image_gallery":[],"jnews_single_post":{"format":"standard"},"jnews_primary_category":[],"jnews_override_bookmark_settings":[],"jnews_review":[],"enable_review":"","type":"","name":"","summary":"","brand":"","sku":"","good":[],"bad":[],"score_override":"","override_value":"","rating":[],"price":[],"jnews_post_split":[],"footnotes":""},"categories":[11],"tags":[15361,15360,15293,380],"class_list":["post-64602","post","type-post","status-publish","format-standard","has-post-thumbnail","hentry","category-health","tag-josef-renggli","tag-nouveaux-bureaux-a-tunis","tag-roche","tag-tunis"],"_links":{"self":[{"href":"https:\/\/www.africanchallenges.com\/index.php?rest_route=\/wp\/v2\/posts\/64602","targetHints":{"allow":["GET"]}}],"collection":[{"href":"https:\/\/www.africanchallenges.com\/index.php?rest_route=\/wp\/v2\/posts"}],"about":[{"href":"https:\/\/www.africanchallenges.com\/index.php?rest_route=\/wp\/v2\/types\/post"}],"author":[{"embeddable":true,"href":"https:\/\/www.africanchallenges.com\/index.php?rest_route=\/wp\/v2\/users\/4"}],"replies":[{"embeddable":true,"href":"https:\/\/www.africanchallenges.com\/index.php?rest_route=%2Fwp%2Fv2%2Fcomments&post=64602"}],"version-history":[{"count":1,"href":"https:\/\/www.africanchallenges.com\/index.php?rest_route=\/wp\/v2\/posts\/64602\/revisions"}],"predecessor-version":[{"id":64604,"href":"https:\/\/www.africanchallenges.com\/index.php?rest_route=\/wp\/v2\/posts\/64602\/revisions\/64604"}],"wp:featuredmedia":[{"embeddable":true,"href":"https:\/\/www.africanchallenges.com\/index.php?rest_route=\/wp\/v2\/media\/64603"}],"wp:attachment":[{"href":"https:\/\/www.africanchallenges.com\/index.php?rest_route=%2Fwp%2Fv2%2Fmedia&parent=64602"}],"wp:term":[{"taxonomy":"category","embeddable":true,"href":"https:\/\/www.africanchallenges.com\/index.php?rest_route=%2Fwp%2Fv2%2Fcategories&post=64602"},{"taxonomy":"post_tag","embeddable":true,"href":"https:\/\/www.africanchallenges.com\/index.php?rest_route=%2Fwp%2Fv2%2Ftags&post=64602"}],"curies":[{"name":"wp","href":"https:\/\/api.w.org\/{rel}","templated":true}]}}