{"id":64536,"date":"2025-05-09T09:29:26","date_gmt":"2025-05-09T08:29:26","guid":{"rendered":"https:\/\/www.africanchallenges.com\/?p=64536"},"modified":"2025-05-09T09:29:27","modified_gmt":"2025-05-09T08:29:27","slug":"leglise-catholique-elit-son-267%e1%b5%89-pape-le-cardinal-americain-robert-francis-prevos","status":"publish","type":"post","link":"https:\/\/www.africanchallenges.com\/?p=64536","title":{"rendered":"L\u2019\u00c9glise catholique \u00e9lit son 267\u1d49 pape, le cardinal am\u00e9ricain Robert Francis Prevos"},"content":{"rendered":"\n<p class=\"wp-block-paragraph\">Le 8 mai 2025, l\u2019\u00c9glise catholique a \u00e9lu son 267\u1d49 pape : le cardinal am\u00e9ricain Robert Francis Prevost, qui a opt\u00e9 pour le nom de L\u00e9on XIV. C&rsquo;est la premi\u00e8re fois qu&rsquo;un pontife issu des \u00c9tats-Unis est \u00e9lu.<\/p>\n\n\n\n<p class=\"wp-block-paragraph\">Natif de Chicago, d&rsquo;un p\u00e8re fran\u00e7ais et d&rsquo;une m\u00e8re italienne, Mgr Prevost \u00e9tait depuis 2023 le pr\u00e9fet du puissant Dicast\u00e8re des \u00e9v\u00eaques, charg\u00e9 de nommer les \u00e9v\u00eaques du monde entier. Cet homme d&rsquo;\u00e9coute et de synth\u00e8se, class\u00e9 parmi les mod\u00e9r\u00e9s, et connaissant autant le terrain que les rouages du Vatican, \u00e9tait consid\u00e9r\u00e9 comme l&rsquo;un des favoris pour succ\u00e9der au pape Fran\u00e7ois, qui l&rsquo;avait lui-m\u00eame plac\u00e9 \u00e0 la t\u00eate de ce minist\u00e8re.<\/p>\n\n\n\n<p class=\"wp-block-paragraph\">R\u00e9put\u00e9 proche de son pr\u00e9d\u00e9cesseur, Mgr Prevost avait pass\u00e9 de nombreuses ann\u00e9es en tant que missionnaire au P\u00e9rou, selon le site d\u00e9di\u00e9 The College of Cardinals Report(nouvelle fen\u00eatre), qui d\u00e9taille le profil d&rsquo;une quarantaine de papabili, les candidats potentiels \u00e0 la papaut\u00e9. Il est \u00e9galement l&rsquo;archev\u00eaque-\u00e9v\u00eaque \u00e9m\u00e9rite de Chiclayo dans ce pays d&rsquo;Am\u00e9rique du Sud, et pr\u00e9sident de la Commission pontificale pour l&rsquo;Am\u00e9rique latine, partie du monde qui compte le plus grand nombre de fid\u00e8les.<\/p>\n\n\n\n<p class=\"wp-block-paragraph\">En 2014, le pape Fran\u00e7ois(nouvelle fen\u00eatre) l&rsquo;avait lui-m\u00eame nomm\u00e9 administrateur apostolique du dioc\u00e8se de Chiclayo, au P\u00e9rou. \u00c0 cette \u00e9poque, les \u00e9v\u00eaques p\u00e9ruviens avaient jou\u00e9 un r\u00f4le cl\u00e9 pour maintenir une stabilit\u00e9 institutionnelle dans le pays, secou\u00e9 par des crises politiques successives. Depuis le balcon, lors de sa premi\u00e8re apparition publique en tant que pape ce jeudi, il a adress\u00e9 une pens\u00e9e au pays d&rsquo;Am\u00e9rique du Sud.&nbsp;<\/p>\n\n\n\n<p class=\"wp-block-paragraph\">En janvier 2023, il avait ensuite \u00e9t\u00e9 nomm\u00e9 pr\u00e9fet du Dicast\u00e8re des \u00e9v\u00eaques, et quelques mois plus tard, le 30 septembre, avait \u00e9t\u00e9 \u00e9lev\u00e9 au rang de cardinal par Fran\u00e7ois, qui a ainsi port\u00e9 son ascension au Vatican. Durant ses premiers mois en fonction au Dicast\u00e8re, il avait marqu\u00e9 par sa discr\u00e9tion face aux m\u00e9dias, tout en \u00e9tant reconnu pour \u00ab\u00a0son sens de l&rsquo;\u00e9coute et sa ma\u00eetrise des dossiers\u00a0\u00bb, selon The College of Cardinals Report.<\/p>\n\n\n\n<p class=\"wp-block-paragraph\"><\/p>\n","protected":false},"excerpt":{"rendered":"<p>Le 8 mai 2025, l\u2019\u00c9glise catholique a \u00e9lu son 267\u1d49 pape : le cardinal am\u00e9ricain Robert Francis Prevost, qui a opt\u00e9 pour le nom de L\u00e9on XIV. C&rsquo;est la premi\u00e8re fois qu&rsquo;un pontife issu des \u00c9tats-Unis est \u00e9lu. Natif de Chicago, d&rsquo;un p\u00e8re fran\u00e7ais et d&rsquo;une m\u00e8re italienne, Mgr Prevost \u00e9tait depuis 2023 le pr\u00e9fet [&hellip;]<\/p>\n","protected":false},"author":3,"featured_media":64537,"comment_status":"open","ping_status":"closed","sticky":false,"template":"","format":"standard","meta":{"content-type":"","jnews-multi-image_gallery":[],"jnews_single_post":{"format":"standard"},"jnews_primary_category":[],"jnews_override_bookmark_settings":[],"jnews_review":[],"enable_review":"","type":"","name":"","summary":"","brand":"","sku":"","good":[],"bad":[],"score_override":"","override_value":"","rating":[],"price":[],"jnews_post_split":[],"footnotes":""},"categories":[6],"tags":[15329,15330,15331],"class_list":["post-64536","post","type-post","status-publish","format-standard","has-post-thumbnail","hentry","category-world","tag-cardinal-americain-robert-francis-prevos","tag-eglise-catholique","tag-leon-xiv"],"_links":{"self":[{"href":"https:\/\/www.africanchallenges.com\/index.php?rest_route=\/wp\/v2\/posts\/64536","targetHints":{"allow":["GET"]}}],"collection":[{"href":"https:\/\/www.africanchallenges.com\/index.php?rest_route=\/wp\/v2\/posts"}],"about":[{"href":"https:\/\/www.africanchallenges.com\/index.php?rest_route=\/wp\/v2\/types\/post"}],"author":[{"embeddable":true,"href":"https:\/\/www.africanchallenges.com\/index.php?rest_route=\/wp\/v2\/users\/3"}],"replies":[{"embeddable":true,"href":"https:\/\/www.africanchallenges.com\/index.php?rest_route=%2Fwp%2Fv2%2Fcomments&post=64536"}],"version-history":[{"count":1,"href":"https:\/\/www.africanchallenges.com\/index.php?rest_route=\/wp\/v2\/posts\/64536\/revisions"}],"predecessor-version":[{"id":64538,"href":"https:\/\/www.africanchallenges.com\/index.php?rest_route=\/wp\/v2\/posts\/64536\/revisions\/64538"}],"wp:featuredmedia":[{"embeddable":true,"href":"https:\/\/www.africanchallenges.com\/index.php?rest_route=\/wp\/v2\/media\/64537"}],"wp:attachment":[{"href":"https:\/\/www.africanchallenges.com\/index.php?rest_route=%2Fwp%2Fv2%2Fmedia&parent=64536"}],"wp:term":[{"taxonomy":"category","embeddable":true,"href":"https:\/\/www.africanchallenges.com\/index.php?rest_route=%2Fwp%2Fv2%2Fcategories&post=64536"},{"taxonomy":"post_tag","embeddable":true,"href":"https:\/\/www.africanchallenges.com\/index.php?rest_route=%2Fwp%2Fv2%2Ftags&post=64536"}],"curies":[{"name":"wp","href":"https:\/\/api.w.org\/{rel}","templated":true}]}}