{"id":64492,"date":"2025-05-08T09:36:42","date_gmt":"2025-05-08T08:36:42","guid":{"rendered":"https:\/\/www.africanchallenges.com\/?p=64492"},"modified":"2025-05-08T11:30:29","modified_gmt":"2025-05-08T10:30:29","slug":"tunisie-garcicom-celebre-ses-20-ans-et-devoile-gc-store-une-initiative-creative-et-solidaire","status":"publish","type":"post","link":"https:\/\/www.africanchallenges.com\/?p=64492","title":{"rendered":"Tunisie: GARCICOM c\u00e9l\u00e8bre ses 20 ans et d\u00e9voile GC Store, une initiative cr\u00e9ative et solidaire"},"content":{"rendered":"\n<p class=\"wp-block-paragraph\">l\u2019agence GARCICOM a c\u00e9l\u00e9br\u00e9 20 ann\u00e9es d\u2019ind\u00e9pendance, de passion cr\u00e9ative et d\u2019engagement aux c\u00f4t\u00e9s de ses clients, lors d\u2019un \u00e9v\u00e9nement marquant baptis\u00e9 \u201c20th and counting\u201d. Organis\u00e9e dans ses nouveaux locaux \u00e0 El Menzah 4, cette soir\u00e9e a r\u00e9uni partenaires, collaborateurs, clients et amis de l\u2019agence autour d\u2019un moment \u00e0 la fois festif, po\u00e9tique et porteur de sens.<\/p>\n\n\n\n<p class=\"wp-block-paragraph\">Cr\u00e9\u00e9e en 2005, GARCICOM s\u2019est impos\u00e9e comme une r\u00e9f\u00e9rence dans le paysage de la communication tunisienne. Reconnue pour son approche humaine, son exigence de qualit\u00e9 et sa libert\u00e9 de ton, elle a accompagn\u00e9, depuis deux d\u00e9cennies, de nombreuses marques dans la construction de leur identit\u00e9 et la valorisation de leurs messages.<\/p>\n\n\n\n<p class=\"wp-block-paragraph\">La soir\u00e9e a \u00e9t\u00e9 ponctu\u00e9e de prises de parole, d\u2019une r\u00e9trospective immersive retra\u00e7ant les grandes \u00e9tapes de l\u2019agence, d\u2019une exposition d\u00e9di\u00e9e \u00e0 ses projets les plus marquants, ainsi que de t\u00e9moignages de clients et partenaires.<\/p>\n\n\n\n<p class=\"wp-block-paragraph\">Un moment fort a \u00e9t\u00e9 la remise symbolique du Troph\u00e9e des 20 ans \u00e0 Mme Raoudha Djait, ex-directrice de la communication de la Banque du Sud, \u00e0 qui l\u2019on doit l\u2019initiative fondatrice de la cr\u00e9ation de GARCICOM. Ce geste de reconnaissance sinc\u00e8re a rappel\u00e9 que si l\u2019agence existe aujourd\u2019hui, c\u2019est d\u2019abord parce qu\u2019elle a cru en ce projet, vingt ans plus t\u00f4t. Une mani\u00e8re simple et directe d\u2019honorer ce point de d\u00e9part, sans lequel rien n\u2019aurait \u00e9t\u00e9 possible.<\/p>\n\n\n\n<p class=\"wp-block-paragraph\">Autre temps fort de la soir\u00e9e : le lancement officiel de GC Store, une nouvelle initiative port\u00e9e par l\u2019\u00e9quipe de GARCICOM, con\u00e7ue comme une extension naturelle de son univers cr\u00e9atif. Connue pour ses notebooks originaux offerts chaque ann\u00e9e \u00e0 ses clients, l\u2019agence a choisi d\u2019en proposer une s\u00e9lection en \u00e9dition limit\u00e9e, accessible \u00e0 toutes celles et ceux qui partagent ses valeurs.<\/p>\n\n\n\n<p class=\"wp-block-paragraph\">Mais GC Store est aussi un projet solidaire : l\u2019int\u00e9gralit\u00e9 des b\u00e9n\u00e9fices g\u00e9n\u00e9r\u00e9s sera revers\u00e9e \u00e0 des actions soutenant l\u2019acc\u00e8s \u00e0 l\u2019\u00e9ducation. Fid\u00e8le \u00e0 ses engagements, GARCICOM continue ainsi de lier expression cr\u00e9ative et impact soci\u00e9tal.<\/p>\n\n\n\n<p class=\"wp-block-paragraph\">En f\u00eatant ses 20 ans, l\u2019agence ne fait pas que regarder en arri\u00e8re : elle r\u00e9affirme son engagement pour une communication responsable, intelligente et ancr\u00e9e dans le r\u00e9el, tout en se tournant avec conviction vers l\u2019avenir.<\/p>\n","protected":false},"excerpt":{"rendered":"<p>l\u2019agence GARCICOM a c\u00e9l\u00e9br\u00e9 20 ann\u00e9es d\u2019ind\u00e9pendance, de passion cr\u00e9ative et d\u2019engagement aux c\u00f4t\u00e9s de ses clients, lors d\u2019un \u00e9v\u00e9nement marquant baptis\u00e9 \u201c20th and counting\u201d. Organis\u00e9e dans ses nouveaux locaux \u00e0 El Menzah 4, cette soir\u00e9e a r\u00e9uni partenaires, collaborateurs, clients et amis de l\u2019agence autour d\u2019un moment \u00e0 la fois festif, po\u00e9tique et porteur [&hellip;]<\/p>\n","protected":false},"author":4,"featured_media":64493,"comment_status":"open","ping_status":"closed","sticky":false,"template":"","format":"standard","meta":{"content-type":"","jnews-multi-image_gallery":[],"jnews_single_post":{"format":"standard"},"jnews_primary_category":[],"jnews_override_bookmark_settings":[],"jnews_review":[],"enable_review":"","type":"","name":"","summary":"","brand":"","sku":"","good":[],"bad":[],"score_override":"","override_value":"","rating":[],"price":[],"jnews_post_split":[],"footnotes":""},"categories":[43,73],"tags":[737,15311,15312],"class_list":["post-64492","post","type-post","status-publish","format-standard","has-post-thumbnail","hentry","category-eco-business","category-eco","tag-communication","tag-garcicom","tag-gc-store"],"_links":{"self":[{"href":"https:\/\/www.africanchallenges.com\/index.php?rest_route=\/wp\/v2\/posts\/64492","targetHints":{"allow":["GET"]}}],"collection":[{"href":"https:\/\/www.africanchallenges.com\/index.php?rest_route=\/wp\/v2\/posts"}],"about":[{"href":"https:\/\/www.africanchallenges.com\/index.php?rest_route=\/wp\/v2\/types\/post"}],"author":[{"embeddable":true,"href":"https:\/\/www.africanchallenges.com\/index.php?rest_route=\/wp\/v2\/users\/4"}],"replies":[{"embeddable":true,"href":"https:\/\/www.africanchallenges.com\/index.php?rest_route=%2Fwp%2Fv2%2Fcomments&post=64492"}],"version-history":[{"count":1,"href":"https:\/\/www.africanchallenges.com\/index.php?rest_route=\/wp\/v2\/posts\/64492\/revisions"}],"predecessor-version":[{"id":64494,"href":"https:\/\/www.africanchallenges.com\/index.php?rest_route=\/wp\/v2\/posts\/64492\/revisions\/64494"}],"wp:featuredmedia":[{"embeddable":true,"href":"https:\/\/www.africanchallenges.com\/index.php?rest_route=\/wp\/v2\/media\/64493"}],"wp:attachment":[{"href":"https:\/\/www.africanchallenges.com\/index.php?rest_route=%2Fwp%2Fv2%2Fmedia&parent=64492"}],"wp:term":[{"taxonomy":"category","embeddable":true,"href":"https:\/\/www.africanchallenges.com\/index.php?rest_route=%2Fwp%2Fv2%2Fcategories&post=64492"},{"taxonomy":"post_tag","embeddable":true,"href":"https:\/\/www.africanchallenges.com\/index.php?rest_route=%2Fwp%2Fv2%2Ftags&post=64492"}],"curies":[{"name":"wp","href":"https:\/\/api.w.org\/{rel}","templated":true}]}}