{"id":64466,"date":"2025-05-07T23:19:26","date_gmt":"2025-05-07T22:19:26","guid":{"rendered":"https:\/\/www.africanchallenges.com\/?p=64466"},"modified":"2025-05-07T23:20:48","modified_gmt":"2025-05-07T22:20:48","slug":"tunisie-le-president-de-la-republique-recoit-brahim-bouderbala-president-du-conseil-des-representants-du-peuple-et-m-imed-derbali-president-du-conseil-national-des-regions","status":"publish","type":"post","link":"https:\/\/www.africanchallenges.com\/?p=64466","title":{"rendered":"Tunisie : Le Pr\u00e9sident de la R\u00e9publique re\u00e7oit Brahim Bouderbala, pr\u00e9sident du Conseil des repr\u00e9sentants du peuple et Imed Derbali, pr\u00e9sident du Conseil National des R\u00e9gions"},"content":{"rendered":"\n<p class=\"wp-block-paragraph\">Le Pr\u00e9sident de la R\u00e9publique, Kais Saied, a re\u00e7u Cet apr\u00e8s-midi, le mercredi 07 mai 2025, au Palais de Carthage, M. Brahim Bouderbala, pr\u00e9sident du Conseil des repr\u00e9sentants du peuple, ainsi que M.Imed Derbali, pr\u00e9sident du Conseil National des R\u00e9gions. <\/p>\n\n\n\n<p class=\"wp-block-paragraph\">Au cours de cette r\u00e9union, le chef de l&rsquo;\u00c9tat a mis en avant l&rsquo;existence de plusieurs fronts dans la lutte pour la lib\u00e9ration nationale, affirmant que le r\u00f4le de la l\u00e9gislation, exerc\u00e9 par les deux chambres, est fondamental.<\/p>\n\n\n\n<p class=\"wp-block-paragraph\"> Il a \u00e9galement soulign\u00e9 que les divergences d&rsquo;opinions et d&rsquo;approches sont naturelles tant que l&rsquo;objectif final reste commun, et que la d\u00e9termination \u00e0 b\u00e2tir une nation forte et r\u00e9siliente ne doit jamais faiblir. <\/p>\n\n\n\n<p class=\"wp-block-paragraph\">De plus, le chef de l&rsquo;\u00c9tat a discut\u00e9 de plusieurs priorit\u00e9s, notamment la justice sociale et la n\u00e9cessit\u00e9 de d\u00e9velopper de nouvelles solutions innovantes, en particulier pour ceux qui ont \u00e9t\u00e9 touch\u00e9s par le ch\u00f4mage, la pauvret\u00e9 et les privations.<\/p>\n","protected":false},"excerpt":{"rendered":"<p>Le Pr\u00e9sident de la R\u00e9publique, Kais Saied, a re\u00e7u Cet apr\u00e8s-midi, le mercredi 07 mai 2025, au Palais de Carthage, M. Brahim Bouderbala, pr\u00e9sident du Conseil des repr\u00e9sentants du peuple, ainsi que M.Imed Derbali, pr\u00e9sident du Conseil National des R\u00e9gions. Au cours de cette r\u00e9union, le chef de l&rsquo;\u00c9tat a mis en avant l&rsquo;existence de [&hellip;]<\/p>\n","protected":false},"author":4,"featured_media":64467,"comment_status":"open","ping_status":"closed","sticky":false,"template":"","format":"standard","meta":{"content-type":"","jnews-multi-image_gallery":[],"jnews_single_post":{"format":"standard"},"jnews_primary_category":[],"jnews_override_bookmark_settings":[],"jnews_review":[],"enable_review":"","type":"","name":"","summary":"","brand":"","sku":"","good":[],"bad":[],"score_override":"","override_value":"","rating":[],"price":[],"jnews_post_split":[],"footnotes":""},"categories":[2],"tags":[13248,12974],"class_list":["post-64466","post","type-post","status-publish","format-standard","has-post-thumbnail","hentry","category-news-politique","tag-brahim-bouderbala","tag-imed-derbali"],"_links":{"self":[{"href":"https:\/\/www.africanchallenges.com\/index.php?rest_route=\/wp\/v2\/posts\/64466","targetHints":{"allow":["GET"]}}],"collection":[{"href":"https:\/\/www.africanchallenges.com\/index.php?rest_route=\/wp\/v2\/posts"}],"about":[{"href":"https:\/\/www.africanchallenges.com\/index.php?rest_route=\/wp\/v2\/types\/post"}],"author":[{"embeddable":true,"href":"https:\/\/www.africanchallenges.com\/index.php?rest_route=\/wp\/v2\/users\/4"}],"replies":[{"embeddable":true,"href":"https:\/\/www.africanchallenges.com\/index.php?rest_route=%2Fwp%2Fv2%2Fcomments&post=64466"}],"version-history":[{"count":2,"href":"https:\/\/www.africanchallenges.com\/index.php?rest_route=\/wp\/v2\/posts\/64466\/revisions"}],"predecessor-version":[{"id":64471,"href":"https:\/\/www.africanchallenges.com\/index.php?rest_route=\/wp\/v2\/posts\/64466\/revisions\/64471"}],"wp:featuredmedia":[{"embeddable":true,"href":"https:\/\/www.africanchallenges.com\/index.php?rest_route=\/wp\/v2\/media\/64467"}],"wp:attachment":[{"href":"https:\/\/www.africanchallenges.com\/index.php?rest_route=%2Fwp%2Fv2%2Fmedia&parent=64466"}],"wp:term":[{"taxonomy":"category","embeddable":true,"href":"https:\/\/www.africanchallenges.com\/index.php?rest_route=%2Fwp%2Fv2%2Fcategories&post=64466"},{"taxonomy":"post_tag","embeddable":true,"href":"https:\/\/www.africanchallenges.com\/index.php?rest_route=%2Fwp%2Fv2%2Ftags&post=64466"}],"curies":[{"name":"wp","href":"https:\/\/api.w.org\/{rel}","templated":true}]}}