{"id":64424,"date":"2025-05-06T10:28:03","date_gmt":"2025-05-06T09:28:03","guid":{"rendered":"https:\/\/www.africanchallenges.com\/?p=64424"},"modified":"2025-05-06T10:28:12","modified_gmt":"2025-05-06T09:28:12","slug":"tunisie-le-chef-de-letat-recoit-mme-amy-pope-directrice-generale-de-lorganisation-internationale-pour-les-migrations-oim","status":"publish","type":"post","link":"https:\/\/www.africanchallenges.com\/?p=64424","title":{"rendered":"Tunisie : Le chef de l&rsquo;Etat re\u00e7oit, Mme Amy Pope, directrice g\u00e9n\u00e9rale de l&rsquo;Organisation internationale pour les migrations (OIM)"},"content":{"rendered":"\n<p class=\"wp-block-paragraph\">Le pr\u00e9sident de la R\u00e9publique, Ka\u00efs Sa\u00efed, a re\u00e7u, le lundi 5 mai 2025, au Palais de Carthage, Mme Amy Pope, directrice g\u00e9n\u00e9rale de l&rsquo;Organisation internationale pour les migrations (OIM). Au cours de cette r\u00e9union, le chef de l&rsquo;\u00c9tat a r\u00e9affirm\u00e9 la position in\u00e9branlable de la Tunisie : elle refuse de devenir un point de transit ou d&rsquo;accueil pour les migrants en situation irr\u00e9guli\u00e8re. Le pr\u00e9sident a d\u00e9nonc\u00e9 une situation qui, selon lui, d\u00e9passe le simple cadre humanitaire. <\/p>\n\n\n\n<p class=\"wp-block-paragraph\">Il a mis en garde contre des r\u00e9seaux criminels actifs en Afrique et en M\u00e9diterran\u00e9e du Nord, impliqu\u00e9s dans la traite des \u00eatres humains et le trafic d&rsquo;organes. \u00ab Il est illusoire de penser que des milliers de personnes, y compris des femmes enceintes ou portant des nourrissons, parcourent des milliers de kilom\u00e8tres \u00e0 pied pour se retrouver pr\u00e9cis\u00e9ment dans certaines villes tunisiennes comme Jbeniana ou El Amra sans qu&rsquo;il n&rsquo;y ait un arrangement criminel pr\u00e9alable \u00bb, a-t-il d\u00e9clar\u00e9.<\/p>\n\n\n\n<p class=\"wp-block-paragraph\">Ka\u00efs Sa\u00efed a soulign\u00e9 l&rsquo;importance de la souverainet\u00e9 de l&rsquo;\u00c9tat tunisien, rejetant l&rsquo;id\u00e9e que certaines r\u00e9gions du pays \u00e9chappent \u00e0 l&rsquo;application de la loi. Il a mentionn\u00e9 que les autorit\u00e9s ont proc\u00e9d\u00e9 \u00e0 l&rsquo;\u00e9vacuation de certains camps de migrants, non seulement en conformit\u00e9 avec le droit humanitaire, mais \u00e9galement en respectant les valeurs morales fondamentales. Selon lui, l&rsquo;ampleur actuelle de la migration est le reflet d&rsquo;un d\u00e9s\u00e9quilibre \u00e9conomique mondial profond. \u00ab Ces migrants ne vivaient pas mieux auparavant. Ils fuient aujourd&rsquo;hui les cons\u00e9quences d&rsquo;un ordre mondial injuste, dont la Tunisie elle-m\u00eame est victime \u00bb, a-t-il ajout\u00e9.<\/p>\n\n\n\n<p class=\"wp-block-paragraph\"> Fier de l&rsquo;identit\u00e9 africaine de la Tunisie, le pr\u00e9sident a r\u00e9affirm\u00e9 sa vision d&rsquo;une Afrique riche de ses ressources et destin\u00e9e aux Africains. Il a exhort\u00e9 l&rsquo;OIM \u00e0 intensifier ses efforts pour faciliter les retours volontaires des migrants et leur fournir une aide financi\u00e8re pour assurer leur r\u00e9insertion dans leurs pays d&rsquo;origine. Il a \u00e9galement demand\u00e9 une collaboration avec les parties concern\u00e9es pour clarifier le sort des personnes disparues, dont on n&rsquo;a pas de nouvelles, que ce soit en mer ou sur terre.<\/p>\n\n\n\n<p class=\"wp-block-paragraph\">Ka\u00efs Sa\u00efed a affirm\u00e9 que la Tunisie a d\u00e9j\u00e0 support\u00e9 un fardeau important et qu&rsquo;elle ne peut pas continuer \u00e0 faire face seule. Il a appel\u00e9 \u00e0 l&rsquo;\u00e9tablissement d&rsquo;un nouvel ordre humanitaire international, en opposition \u00e0 un syst\u00e8me qu&rsquo;il consid\u00e8re comme source de pillages, de famines, de conflits et de guerres.<\/p>\n","protected":false},"excerpt":{"rendered":"<p>Le pr\u00e9sident de la R\u00e9publique, Ka\u00efs Sa\u00efed, a re\u00e7u, le lundi 5 mai 2025, au Palais de Carthage, Mme Amy Pope, directrice g\u00e9n\u00e9rale de l&rsquo;Organisation internationale pour les migrations (OIM). Au cours de cette r\u00e9union, le chef de l&rsquo;\u00c9tat a r\u00e9affirm\u00e9 la position in\u00e9branlable de la Tunisie : elle refuse de devenir un point de [&hellip;]<\/p>\n","protected":false},"author":4,"featured_media":64425,"comment_status":"open","ping_status":"closed","sticky":false,"template":"","format":"standard","meta":{"content-type":"","jnews-multi-image_gallery":[],"jnews_single_post":{"format":"standard"},"jnews_primary_category":[],"jnews_override_bookmark_settings":[],"jnews_review":[],"enable_review":"","type":"","name":"","summary":"","brand":"","sku":"","good":[],"bad":[],"score_override":"","override_value":"","rating":[],"price":[],"jnews_post_split":[],"footnotes":""},"categories":[2],"tags":[14393,3694,6184,288,54],"class_list":["post-64424","post","type-post","status-publish","format-standard","has-post-thumbnail","hentry","category-news-politique","tag-amy-pope","tag-kais-saied","tag-lorganisation-internationale-pour-les-migrations","tag-oim","tag-tunisie"],"_links":{"self":[{"href":"https:\/\/www.africanchallenges.com\/index.php?rest_route=\/wp\/v2\/posts\/64424","targetHints":{"allow":["GET"]}}],"collection":[{"href":"https:\/\/www.africanchallenges.com\/index.php?rest_route=\/wp\/v2\/posts"}],"about":[{"href":"https:\/\/www.africanchallenges.com\/index.php?rest_route=\/wp\/v2\/types\/post"}],"author":[{"embeddable":true,"href":"https:\/\/www.africanchallenges.com\/index.php?rest_route=\/wp\/v2\/users\/4"}],"replies":[{"embeddable":true,"href":"https:\/\/www.africanchallenges.com\/index.php?rest_route=%2Fwp%2Fv2%2Fcomments&post=64424"}],"version-history":[{"count":1,"href":"https:\/\/www.africanchallenges.com\/index.php?rest_route=\/wp\/v2\/posts\/64424\/revisions"}],"predecessor-version":[{"id":64426,"href":"https:\/\/www.africanchallenges.com\/index.php?rest_route=\/wp\/v2\/posts\/64424\/revisions\/64426"}],"wp:featuredmedia":[{"embeddable":true,"href":"https:\/\/www.africanchallenges.com\/index.php?rest_route=\/wp\/v2\/media\/64425"}],"wp:attachment":[{"href":"https:\/\/www.africanchallenges.com\/index.php?rest_route=%2Fwp%2Fv2%2Fmedia&parent=64424"}],"wp:term":[{"taxonomy":"category","embeddable":true,"href":"https:\/\/www.africanchallenges.com\/index.php?rest_route=%2Fwp%2Fv2%2Fcategories&post=64424"},{"taxonomy":"post_tag","embeddable":true,"href":"https:\/\/www.africanchallenges.com\/index.php?rest_route=%2Fwp%2Fv2%2Ftags&post=64424"}],"curies":[{"name":"wp","href":"https:\/\/api.w.org\/{rel}","templated":true}]}}