{"id":64409,"date":"2025-05-05T22:06:48","date_gmt":"2025-05-05T21:06:48","guid":{"rendered":"https:\/\/www.africanchallenges.com\/?p=64409"},"modified":"2025-05-05T22:07:20","modified_gmt":"2025-05-05T21:07:20","slug":"tunisie-cloture-de-la-39e-edition-de-la-foire-internationale-du-livre-de-tunis","status":"publish","type":"post","link":"https:\/\/www.africanchallenges.com\/?p=64409","title":{"rendered":"Tunisie: Cl\u00f4ture de la 39e \u00e9dition de la Foire Internationale du Livre de Tunis"},"content":{"rendered":"\n<p class=\"wp-block-paragraph\">Le &nbsp;4 mai 2025, la 39e \u00e9dition du Salon International du Livre de Tunis, s\u2019est cl\u00f4tur\u00e9 organis\u00e9e &nbsp;au palais des expositions, sous le slogan \u00ab\u00a0Nous lisons pour construire\u00a0\u00bb.<\/p>\n\n\n\n<p class=\"wp-block-paragraph\">Elle a \u00e9t\u00e9 inaugur\u00e9e le 25 avril 2025, sous l&rsquo;\u00e9gide du pr\u00e9sident de la R\u00e9publique, M. Kais Saied, et organis\u00e9e par le Minist\u00e8re des Affaires Culturelles, sous la direction de la Ministre Amina Sarafi, avec le soutien de plusieurs institutions partenaires.<\/p>\n\n\n\n<p class=\"wp-block-paragraph\">Cette ann\u00e9e, 29 pays, tant arabes qu&rsquo;internationaux, ont pris part \u00e0 l&rsquo;\u00e9v\u00e9nement, avec 313 exposants tunisiens et 166 internationaux, r\u00e9unis pour faire de cette \u00e9dition une c\u00e9l\u00e9bration des \u00e9crivains, auteurs et penseurs. La Chine a \u00e9t\u00e9 choisie comme invit\u00e9 d&rsquo;honneur, marquant un des temps forts de cette rencontre.<\/p>\n\n\n\n<p class=\"wp-block-paragraph\">Au cours de cette \u00e9dition exceptionnelle, le nombre de titres pr\u00e9sent\u00e9s a franchi la barre des 100 000, t\u00e9moignant de la riche diversit\u00e9 et de la dynamique culturelle dans les sph\u00e8res arabe et internationale.<\/p>\n\n\n\n<p class=\"wp-block-paragraph\">L&rsquo;\u00e9v\u00e9nement a \u00e9t\u00e9 le th\u00e9\u00e2tre de nombreux actes culturels, rassemblant auteurs, \u00e9diteurs, cr\u00e9ateurs et intellectuels de Tunisie et d&rsquo;autres r\u00e9gions du globe, transformant l&rsquo;exposition en un carrefour d&rsquo;\u00e9changes culturels et d&rsquo;id\u00e9es.<\/p>\n\n\n\n<p class=\"wp-block-paragraph\">Le programme de la foire s&rsquo;est distingu\u00e9 par sa vari\u00e9t\u00e9, int\u00e9grant des sessions scientifiques et des s\u00e9minaires intellectuels qui ont captiv\u00e9 l&rsquo;int\u00e9r\u00eat des chercheurs et universitaires, traitant d&rsquo;un large \u00e9ventail de questions relatives aux affaires culturelles et au patrimoine, ainsi que des pr\u00e9sentations artistiques, incluant l&rsquo;art de la calligraphie arabe. Des dialogues sur le r\u00f4le crucial des m\u00e9dias dans la promotion de la culture ont \u00e9galement eu lieu, honorant plusieurs penseurs et cr\u00e9ateurs.<\/p>\n\n\n\n<p class=\"wp-block-paragraph\">Par ailleurs, un programme \u00e9ducatif et r\u00e9cr\u00e9atif a \u00e9t\u00e9 pr\u00e9sent\u00e9 pour les enfants de Tunisie et des r\u00e9gions int\u00e9rieures, dans un espace sp\u00e9cialement am\u00e9nag\u00e9, vivant et color\u00e9, incarnant la culture sous ses multiples aspects. Ce programme destin\u00e9 aux jeunes a inclus 255 activit\u00e9s vari\u00e9es, r\u00e9parties sur huit pavillons.<\/p>\n\n\n\n<p class=\"wp-block-paragraph\">Gr\u00e2ce \u00e0 ces initiatives culturelles diversifi\u00e9es et \u00e0 l&rsquo;afflux important du public, la 39e session a offert une belle image de la culture tunisienne, tout en permettant aux visiteurs de d\u00e9couvrir les richesses culturelles du monde.<\/p>\n\n\n\n<p class=\"wp-block-paragraph\">Ce fut une session remarquable \u00e0 tous les \u00e9gards, car l&rsquo;exposition a connu une affluence du public in\u00e9dite depuis des d\u00e9cennies, avec un total de 100 mille visiteurs depuis le lancement de ses activit\u00e9s, ce qui t\u00e9moigne de la curiosit\u00e9 des Tunisiens, de leur admiration pour les \u00e9crivains et de leur volont\u00e9 de participer \u00e0 cet \u00e9v\u00e9nement culturel majeur du pays.<\/p>\n\n\n\n<p class=\"wp-block-paragraph\"><\/p>\n","protected":false},"excerpt":{"rendered":"<p>Le &nbsp;4 mai 2025, la 39e \u00e9dition du Salon International du Livre de Tunis, s\u2019est cl\u00f4tur\u00e9 organis\u00e9e &nbsp;au palais des expositions, sous le slogan \u00ab\u00a0Nous lisons pour construire\u00a0\u00bb. Elle a \u00e9t\u00e9 inaugur\u00e9e le 25 avril 2025, sous l&rsquo;\u00e9gide du pr\u00e9sident de la R\u00e9publique, M. Kais Saied, et organis\u00e9e par le Minist\u00e8re des Affaires Culturelles, sous [&hellip;]<\/p>\n","protected":false},"author":4,"featured_media":64411,"comment_status":"open","ping_status":"closed","sticky":false,"template":"","format":"standard","meta":{"content-type":"","jnews-multi-image_gallery":[],"jnews_single_post":{"format":"standard"},"jnews_primary_category":[],"jnews_override_bookmark_settings":[],"jnews_review":[],"enable_review":"","type":"","name":"","summary":"","brand":"","sku":"","good":[],"bad":[],"score_override":"","override_value":"","rating":[],"price":[],"jnews_post_split":[],"footnotes":""},"categories":[17],"tags":[526,54,15292],"class_list":["post-64409","post","type-post","status-publish","format-standard","has-post-thumbnail","hentry","category-entertainment","tag-cloture","tag-tunisie","tag-tunisie-cloture-de-la-39e-edition-de-la-foire-internationale-du-livre-de-tunis"],"_links":{"self":[{"href":"https:\/\/www.africanchallenges.com\/index.php?rest_route=\/wp\/v2\/posts\/64409","targetHints":{"allow":["GET"]}}],"collection":[{"href":"https:\/\/www.africanchallenges.com\/index.php?rest_route=\/wp\/v2\/posts"}],"about":[{"href":"https:\/\/www.africanchallenges.com\/index.php?rest_route=\/wp\/v2\/types\/post"}],"author":[{"embeddable":true,"href":"https:\/\/www.africanchallenges.com\/index.php?rest_route=\/wp\/v2\/users\/4"}],"replies":[{"embeddable":true,"href":"https:\/\/www.africanchallenges.com\/index.php?rest_route=%2Fwp%2Fv2%2Fcomments&post=64409"}],"version-history":[{"count":1,"href":"https:\/\/www.africanchallenges.com\/index.php?rest_route=\/wp\/v2\/posts\/64409\/revisions"}],"predecessor-version":[{"id":64412,"href":"https:\/\/www.africanchallenges.com\/index.php?rest_route=\/wp\/v2\/posts\/64409\/revisions\/64412"}],"wp:featuredmedia":[{"embeddable":true,"href":"https:\/\/www.africanchallenges.com\/index.php?rest_route=\/wp\/v2\/media\/64411"}],"wp:attachment":[{"href":"https:\/\/www.africanchallenges.com\/index.php?rest_route=%2Fwp%2Fv2%2Fmedia&parent=64409"}],"wp:term":[{"taxonomy":"category","embeddable":true,"href":"https:\/\/www.africanchallenges.com\/index.php?rest_route=%2Fwp%2Fv2%2Fcategories&post=64409"},{"taxonomy":"post_tag","embeddable":true,"href":"https:\/\/www.africanchallenges.com\/index.php?rest_route=%2Fwp%2Fv2%2Ftags&post=64409"}],"curies":[{"name":"wp","href":"https:\/\/api.w.org\/{rel}","templated":true}]}}