{"id":64258,"date":"2025-04-30T08:40:52","date_gmt":"2025-04-30T07:40:52","guid":{"rendered":"https:\/\/www.africanchallenges.com\/?p=64258"},"modified":"2025-04-30T08:41:48","modified_gmt":"2025-04-30T07:41:48","slug":"tunisie-renforcement-de-la-cooperation-entre-la-tunisie-et-lunion-europeenne-dans-le-domaine-energetique","status":"publish","type":"post","link":"https:\/\/www.africanchallenges.com\/?p=64258","title":{"rendered":"Tunisie: Renforcement de la coop\u00e9ration entre la Tunisie et l&rsquo;Union Europ\u00e9enne dans le domaine \u00e9nerg\u00e9tique."},"content":{"rendered":"\n<p class=\"wp-block-paragraph\">La coop\u00e9ration actuelle entre la Tunisie et l&rsquo;UE, ainsi que l&rsquo;acc\u00e9l\u00e9ration de la r\u00e9alisation du projet d&rsquo;interconnexion \u00e9lectrique entre la Tunisie et l&rsquo;Italie, connu sous le nom d&rsquo;ELMED, a \u00e9t\u00e9 au centre des discussions lors d&rsquo;une r\u00e9union qui s&rsquo;est tenue le mardi 29 avril au minist\u00e8re.<\/p>\n\n\n\n<p class=\"wp-block-paragraph\">Cette rencontre a rassembl\u00e9 la ministre de l&rsquo;Industrie, des Mines et de l&rsquo;\u00c9nergie, Fatma Thabet Chiboub, des membres du Parlement europ\u00e9en, dont M. Giorgio GORI, rapporteur permanent pour la Tunisie \u00e0 la Commission des Affaires \u00e9trang\u00e8res, et M. Ruggero RAZZA, chef de la d\u00e9l\u00e9gation pour les relations avec les pays du Maghreb, ainsi que l&rsquo;ambassadeur adjoint de l&rsquo;Union europ\u00e9enne en Tunisie. \u00c9taient \u00e9galement pr\u00e9sents le secr\u00e9taire d&rsquo;\u00c9tat \u00e0 la transition \u00e9nerg\u00e9tique, M. Wael Chouchane, et le pr\u00e9sident-directeur g\u00e9n\u00e9ral de la Soci\u00e9t\u00e9 tunisienne d&rsquo;\u00e9lectricit\u00e9 et de gaz, M. Faycel Tarifa, accompagn\u00e9s de plusieurs membres de leur \u00e9quipe et de repr\u00e9sentants du minist\u00e8re. <\/p>\n\n\n\n<p class=\"wp-block-paragraph\">Cette r\u00e9union a permis de mettre en avant les relations de coop\u00e9ration solides entre la Tunisie et l&rsquo;Union europ\u00e9enne, tout en abordant les derniers d\u00e9veloppements concernant le projet d&rsquo;interconnexion \u00e9lectrique ELMED, qui repr\u00e9sente une avanc\u00e9e strat\u00e9gique pour renforcer la s\u00e9curit\u00e9 \u00e9nerg\u00e9tique de la Tunisie et faciliter son int\u00e9gration au r\u00e9seau \u00e9lectrique europ\u00e9en, ouvrant ainsi de nouvelles perspectives pour notre pays sur le march\u00e9 europ\u00e9en de l&rsquo;\u00e9nergie et diversifiant les sources d&rsquo;approvisionnement.<\/p>\n\n\n\n<p class=\"wp-block-paragraph\">Dans son discours, Mme Fatma Thabet Chiboub a soulign\u00e9 l&rsquo;importance cruciale de ce projet, qui joue un r\u00f4le central dans l&rsquo;acc\u00e9l\u00e9ration de la transition de notre pays vers des \u00e9nergies renouvelables et la diversification des sources d&rsquo;\u00e9nergie, tout en contribuant \u00e0 la r\u00e9duction des \u00e9missions de carbone. De plus, ce projet favorisera l&rsquo;\u00e9mergence de nouvelles initiatives et attirera davantage d&rsquo;investissements en Tunisie.<\/p>\n\n\n\n<p class=\"wp-block-paragraph\"> Les deux d\u00e9put\u00e9s europ\u00e9ens ont \u00e9galement soulign\u00e9 l&rsquo;importance des relations entre la Tunisie et l&rsquo;Europe, appelant \u00e0 renforcer la coop\u00e9ration pour garantir la r\u00e9alisation des projets \u00e9nerg\u00e9tiques et promouvoir le d\u00e9veloppement durable des deux parties. <\/p>\n\n\n\n<p class=\"wp-block-paragraph\">Il convient de noter que ces deux membres du Parlement europ\u00e9en effectuent une visite officielle en Tunisie du 28 au 30 avril afin d&rsquo;explorer les moyens d&rsquo;am\u00e9liorer les relations de coop\u00e9ration.<\/p>\n","protected":false},"excerpt":{"rendered":"<p>La coop\u00e9ration actuelle entre la Tunisie et l&rsquo;UE, ainsi que l&rsquo;acc\u00e9l\u00e9ration de la r\u00e9alisation du projet d&rsquo;interconnexion \u00e9lectrique entre la Tunisie et l&rsquo;Italie, connu sous le nom d&rsquo;ELMED, a \u00e9t\u00e9 au centre des discussions lors d&rsquo;une r\u00e9union qui s&rsquo;est tenue le mardi 29 avril au minist\u00e8re. Cette rencontre a rassembl\u00e9 la ministre de l&rsquo;Industrie, des [&hellip;]<\/p>\n","protected":false},"author":4,"featured_media":64259,"comment_status":"open","ping_status":"closed","sticky":false,"template":"","format":"standard","meta":{"content-type":"","jnews-multi-image_gallery":[],"jnews_single_post":{"format":"standard"},"jnews_primary_category":[],"jnews_override_bookmark_settings":[],"jnews_review":[],"enable_review":"","type":"","name":"","summary":"","brand":"","sku":"","good":[],"bad":[],"score_override":"","override_value":"","rating":[],"price":[],"jnews_post_split":[],"footnotes":""},"categories":[43,73],"tags":[298,15256,12377,15232,2269,54],"class_list":["post-64258","post","type-post","status-publish","format-standard","has-post-thumbnail","hentry","category-eco-business","category-eco","tag-cooperation","tag-domaine-energetique","tag-elmed","tag-itale","tag-lunion-europeenne","tag-tunisie"],"_links":{"self":[{"href":"https:\/\/www.africanchallenges.com\/index.php?rest_route=\/wp\/v2\/posts\/64258","targetHints":{"allow":["GET"]}}],"collection":[{"href":"https:\/\/www.africanchallenges.com\/index.php?rest_route=\/wp\/v2\/posts"}],"about":[{"href":"https:\/\/www.africanchallenges.com\/index.php?rest_route=\/wp\/v2\/types\/post"}],"author":[{"embeddable":true,"href":"https:\/\/www.africanchallenges.com\/index.php?rest_route=\/wp\/v2\/users\/4"}],"replies":[{"embeddable":true,"href":"https:\/\/www.africanchallenges.com\/index.php?rest_route=%2Fwp%2Fv2%2Fcomments&post=64258"}],"version-history":[{"count":2,"href":"https:\/\/www.africanchallenges.com\/index.php?rest_route=\/wp\/v2\/posts\/64258\/revisions"}],"predecessor-version":[{"id":64262,"href":"https:\/\/www.africanchallenges.com\/index.php?rest_route=\/wp\/v2\/posts\/64258\/revisions\/64262"}],"wp:featuredmedia":[{"embeddable":true,"href":"https:\/\/www.africanchallenges.com\/index.php?rest_route=\/wp\/v2\/media\/64259"}],"wp:attachment":[{"href":"https:\/\/www.africanchallenges.com\/index.php?rest_route=%2Fwp%2Fv2%2Fmedia&parent=64258"}],"wp:term":[{"taxonomy":"category","embeddable":true,"href":"https:\/\/www.africanchallenges.com\/index.php?rest_route=%2Fwp%2Fv2%2Fcategories&post=64258"},{"taxonomy":"post_tag","embeddable":true,"href":"https:\/\/www.africanchallenges.com\/index.php?rest_route=%2Fwp%2Fv2%2Ftags&post=64258"}],"curies":[{"name":"wp","href":"https:\/\/api.w.org\/{rel}","templated":true}]}}