{"id":64229,"date":"2025-04-29T18:39:04","date_gmt":"2025-04-29T17:39:04","guid":{"rendered":"https:\/\/www.africanchallenges.com\/?p=64229"},"modified":"2025-04-29T18:39:04","modified_gmt":"2025-04-29T17:39:04","slug":"tunisie-le-president-de-la-republique-et-la-cheffe-de-gouvernement-echangent-sur-le-programme-legislatif-et-les-priorites-en-cours","status":"publish","type":"post","link":"https:\/\/www.africanchallenges.com\/?p=64229","title":{"rendered":"Tunisie : Le pr\u00e9sident de la R\u00e9publique et la cheffe de gouvernement \u00e9changent sur le programme l\u00e9gislatif et les priorit\u00e9s en cours"},"content":{"rendered":"\n<p class=\"wp-block-paragraph\">Le pr\u00e9sident de la R\u00e9publique, Ka\u00efs Sa\u00efed, a re\u00e7u hier lundi 28 avril 2025 au palais de Carthage la cheffe du gouvernement, Mme Sarra Za\u00e2frani Zenzri, pour discuter de l&rsquo;agenda l\u00e9gislatif et des priorit\u00e9s actuelles.<\/p>\n\n\n\n<p class=\"wp-block-paragraph\">D\u00e8s le d\u00e9but de la r\u00e9union, le chef de l&rsquo;\u00c9tat a soulign\u00e9 l&rsquo;importance de prioriser les projets de lois et les d\u00e9crets destin\u00e9s \u00e0 aborder les probl\u00e8mes sociaux de fa\u00e7on \u00ab radicale et irr\u00e9versible \u00bb. Il a insist\u00e9 sur la n\u00e9cessit\u00e9 de rendre toutes les institutions de l&rsquo;\u00c9tat responsables par rapport aux attentes des citoyens tunisiens, affirmant que ceux qui ne s&rsquo;impliquent pas pleinement doivent faire face aux cons\u00e9quences.<\/p>\n\n\n\n<p class=\"wp-block-paragraph\">Ka\u00efs Sa\u00efed a d\u00e9crit cette p\u00e9riode de l&rsquo;histoire tunisienne comme une nouvelle \u00ab bataille de lib\u00e9ration nationale \u00bb, \u00e9tablissant un contraste entre le syst\u00e8me souhait\u00e9 par le peuple et une \u00ab ancienne m\u00e9canique \u00bb qui tente de reprendre du souffle en exacerbant les tensions.<\/p>\n\n\n\n<p class=\"wp-block-paragraph\">Le pr\u00e9sident a \u00e9galement mis en avant le potentiel de la jeunesse tunisienne, qu&rsquo;il voit comme un moteur de changement. Il a mentionn\u00e9 la clairvoyance du peuple, qui aurait, selon ses propos, r\u00e9v\u00e9l\u00e9 le vrai visage de certains acteurs politiques souvent consid\u00e9r\u00e9s comme des opposants mais qui se trouvent aujourd&rsquo;hui unis. \u00ab L&rsquo;histoire les a \u00e9cart\u00e9s, tout comme le peuple \u00bb, a-t-il d\u00e9clar\u00e9.<\/p>\n\n\n\n<p class=\"wp-block-paragraph\">Enfin, Ka\u00efs Sa\u00efed a affirm\u00e9 que les solutions mises en \u0153uvre actuellement sont \u00ab r\u00e9elles et profondes \u00bb, contrairement \u00e0 celles avanc\u00e9es par \u00ab les anciens adversaires d&rsquo;hier, devenus alli\u00e9s d&rsquo;occasion aujourd&rsquo;hui \u00bb, qu&rsquo;il accuse d&rsquo;avoir induit en erreur pendant une d\u00e9cennie.<\/p>\n\n\n\n<p class=\"wp-block-paragraph\"><\/p>\n","protected":false},"excerpt":{"rendered":"<p>Le pr\u00e9sident de la R\u00e9publique, Ka\u00efs Sa\u00efed, a re\u00e7u hier lundi 28 avril 2025 au palais de Carthage la cheffe du gouvernement, Mme Sarra Za\u00e2frani Zenzri, pour discuter de l&rsquo;agenda l\u00e9gislatif et des priorit\u00e9s actuelles. D\u00e8s le d\u00e9but de la r\u00e9union, le chef de l&rsquo;\u00c9tat a soulign\u00e9 l&rsquo;importance de prioriser les projets de lois et [&hellip;]<\/p>\n","protected":false},"author":4,"featured_media":64230,"comment_status":"open","ping_status":"closed","sticky":false,"template":"","format":"standard","meta":{"content-type":"","jnews-multi-image_gallery":[],"jnews_single_post":{"format":"standard"},"jnews_primary_category":[],"jnews_override_bookmark_settings":[],"jnews_review":[],"enable_review":"","type":"","name":"","summary":"","brand":"","sku":"","good":[],"bad":[],"score_override":"","override_value":"","rating":[],"price":[],"jnews_post_split":[],"footnotes":""},"categories":[2],"tags":[3712,15248,15247,15246],"class_list":["post-64229","post","type-post","status-publish","format-standard","has-post-thumbnail","hentry","category-news-politique","tag-kais-saied-2","tag-problemes-sociaux","tag-programme-legislatif","tag-sarra-zaafrani-zenzri"],"_links":{"self":[{"href":"https:\/\/www.africanchallenges.com\/index.php?rest_route=\/wp\/v2\/posts\/64229","targetHints":{"allow":["GET"]}}],"collection":[{"href":"https:\/\/www.africanchallenges.com\/index.php?rest_route=\/wp\/v2\/posts"}],"about":[{"href":"https:\/\/www.africanchallenges.com\/index.php?rest_route=\/wp\/v2\/types\/post"}],"author":[{"embeddable":true,"href":"https:\/\/www.africanchallenges.com\/index.php?rest_route=\/wp\/v2\/users\/4"}],"replies":[{"embeddable":true,"href":"https:\/\/www.africanchallenges.com\/index.php?rest_route=%2Fwp%2Fv2%2Fcomments&post=64229"}],"version-history":[{"count":1,"href":"https:\/\/www.africanchallenges.com\/index.php?rest_route=\/wp\/v2\/posts\/64229\/revisions"}],"predecessor-version":[{"id":64231,"href":"https:\/\/www.africanchallenges.com\/index.php?rest_route=\/wp\/v2\/posts\/64229\/revisions\/64231"}],"wp:featuredmedia":[{"embeddable":true,"href":"https:\/\/www.africanchallenges.com\/index.php?rest_route=\/wp\/v2\/media\/64230"}],"wp:attachment":[{"href":"https:\/\/www.africanchallenges.com\/index.php?rest_route=%2Fwp%2Fv2%2Fmedia&parent=64229"}],"wp:term":[{"taxonomy":"category","embeddable":true,"href":"https:\/\/www.africanchallenges.com\/index.php?rest_route=%2Fwp%2Fv2%2Fcategories&post=64229"},{"taxonomy":"post_tag","embeddable":true,"href":"https:\/\/www.africanchallenges.com\/index.php?rest_route=%2Fwp%2Fv2%2Ftags&post=64229"}],"curies":[{"name":"wp","href":"https:\/\/api.w.org\/{rel}","templated":true}]}}