{"id":64164,"date":"2025-04-28T07:10:00","date_gmt":"2025-04-28T06:10:00","guid":{"rendered":"https:\/\/www.africanchallenges.com\/?p=64164"},"modified":"2025-04-27T23:28:20","modified_gmt":"2025-04-27T22:28:20","slug":"tunisie-lambassadeur-ditalie-alessandro-prunas-inaugure-lexposition-photographique-daccourdou-un-terme-evoquant-harmonieusement-lalliance-italo-tunisienne","status":"publish","type":"post","link":"https:\/\/www.africanchallenges.com\/?p=64164","title":{"rendered":"Tunisie : L&rsquo;ambassadeur d&rsquo;Italie, Alessandro Prunas inaugure l&rsquo;exposition photographique \u00ab\u00a0Daccourdou\u00a0\u00bb &#8211; un terme \u00e9voquant harmonieusement l&rsquo;alliance italo-tunisienne !"},"content":{"rendered":"\n<p class=\"wp-block-paragraph\">L&rsquo;ambassadeur d&rsquo;Italie, Alessandro Prunas, a inaugur\u00e9 le 25 avril 2025, au mus\u00e9e du Bardo, l&rsquo;exposition photographique \u00ab\u00a0Daccourdou\u00a0\u00bb &#8211; un terme \u00e9voquant harmonieusement l&rsquo;alliance italo-tunisienne ! Ce mot qui signifie \u00ab\u00a0nous nous sommes compris, fratello\u00a0\u00bb illustre \u00e0 quel point nos deux nations sont intimement li\u00e9es, selon l&rsquo;agence Nova.<\/p>\n\n\n\n<p class=\"wp-block-paragraph\">L&rsquo;exposition, ouverte au Mus\u00e9e National du Bardo jusqu&rsquo;au 25 juillet, retrace en images plus de deux cents ans d&rsquo;interactions entre l&rsquo;Italie et la Tunisie. Une relation jug\u00e9e \u00ab\u00a0tr\u00e8s forte\u00a0\u00bb par Prunas, encore plus historique \u00ab\u00a0si l&rsquo;on remonte \u00e0 l&rsquo;\u00e9poque de Rome et Carthage\u00a0\u00bb !<\/p>\n\n\n\n<p class=\"wp-block-paragraph\">Le directeur de l&rsquo;Institut du Patrimoine Tunisien, Baccouche, a soulign\u00e9 les liens culturels entre les deux pays. \u00ab\u00a0Nous c\u00e9l\u00e9brons 60 ans de coop\u00e9ration et de collaboration productive\u00a0\u00bb dans des lieux comme Carthage, Nabeul, Kerkouane et Uchi Maius.<\/p>\n\n\n\n<p class=\"wp-block-paragraph\">Les quatre photographes &#8211; Gobbi, Fiscaletti, Silva et Mani &#8211; ont \u00e9labor\u00e9 une narration en quatre volets : sites arch\u00e9ologiques, architecture italienne \u00e0 Tunis, \u00e9changes commerciaux et m\u00e9moire de la pr\u00e9sence italienne en Tunisie au d\u00e9but du 20e si\u00e8cle.<\/p>\n\n\n\n<p class=\"wp-block-paragraph\">Haji, le directeur du Bardo, s&rsquo;est montr\u00e9 enthousiaste : \u00ab\u00a0Ces images d\u00e9passent les barri\u00e8res linguistiques et entra\u00eenent le visiteur dans une exp\u00e9rience \u00e9motionnelle touchant \u00e0 la fois le c\u0153ur et l&rsquo;esprit. \u00ab\u00a0<\/p>\n","protected":false},"excerpt":{"rendered":"<p>L&rsquo;ambassadeur d&rsquo;Italie, Alessandro Prunas, a inaugur\u00e9 le 25 avril 2025, au mus\u00e9e du Bardo, l&rsquo;exposition photographique \u00ab\u00a0Daccourdou\u00a0\u00bb &#8211; un terme \u00e9voquant harmonieusement l&rsquo;alliance italo-tunisienne ! Ce mot qui signifie \u00ab\u00a0nous nous sommes compris, fratello\u00a0\u00bb illustre \u00e0 quel point nos deux nations sont intimement li\u00e9es, selon l&rsquo;agence Nova. L&rsquo;exposition, ouverte au Mus\u00e9e National du Bardo jusqu&rsquo;au [&hellip;]<\/p>\n","protected":false},"author":4,"featured_media":64165,"comment_status":"open","ping_status":"closed","sticky":false,"template":"","format":"standard","meta":{"content-type":"","jnews-multi-image_gallery":[],"jnews_single_post":{"format":"standard"},"jnews_primary_category":[],"jnews_override_bookmark_settings":[],"jnews_review":[],"enable_review":"","type":"","name":"","summary":"","brand":"","sku":"","good":[],"bad":[],"score_override":"","override_value":"","rating":[],"price":[],"jnews_post_split":[],"footnotes":""},"categories":[17],"tags":[11487,15120,9889],"class_list":["post-64164","post","type-post","status-publish","format-standard","has-post-thumbnail","hentry","category-entertainment","tag-alessandro-prunas","tag-daccourdou","tag-exposition-photographique"],"_links":{"self":[{"href":"https:\/\/www.africanchallenges.com\/index.php?rest_route=\/wp\/v2\/posts\/64164","targetHints":{"allow":["GET"]}}],"collection":[{"href":"https:\/\/www.africanchallenges.com\/index.php?rest_route=\/wp\/v2\/posts"}],"about":[{"href":"https:\/\/www.africanchallenges.com\/index.php?rest_route=\/wp\/v2\/types\/post"}],"author":[{"embeddable":true,"href":"https:\/\/www.africanchallenges.com\/index.php?rest_route=\/wp\/v2\/users\/4"}],"replies":[{"embeddable":true,"href":"https:\/\/www.africanchallenges.com\/index.php?rest_route=%2Fwp%2Fv2%2Fcomments&post=64164"}],"version-history":[{"count":1,"href":"https:\/\/www.africanchallenges.com\/index.php?rest_route=\/wp\/v2\/posts\/64164\/revisions"}],"predecessor-version":[{"id":64166,"href":"https:\/\/www.africanchallenges.com\/index.php?rest_route=\/wp\/v2\/posts\/64164\/revisions\/64166"}],"wp:featuredmedia":[{"embeddable":true,"href":"https:\/\/www.africanchallenges.com\/index.php?rest_route=\/wp\/v2\/media\/64165"}],"wp:attachment":[{"href":"https:\/\/www.africanchallenges.com\/index.php?rest_route=%2Fwp%2Fv2%2Fmedia&parent=64164"}],"wp:term":[{"taxonomy":"category","embeddable":true,"href":"https:\/\/www.africanchallenges.com\/index.php?rest_route=%2Fwp%2Fv2%2Fcategories&post=64164"},{"taxonomy":"post_tag","embeddable":true,"href":"https:\/\/www.africanchallenges.com\/index.php?rest_route=%2Fwp%2Fv2%2Ftags&post=64164"}],"curies":[{"name":"wp","href":"https:\/\/api.w.org\/{rel}","templated":true}]}}