{"id":64121,"date":"2025-04-24T20:07:34","date_gmt":"2025-04-24T19:07:34","guid":{"rendered":"https:\/\/www.africanchallenges.com\/?p=64121"},"modified":"2025-04-25T20:36:09","modified_gmt":"2025-04-25T19:36:09","slug":"la-tunisie-assure-la-preside-la-quarantieme-reunion-du-comite-directeur-de-linitiative-defense-5-plus-5","status":"publish","type":"post","link":"https:\/\/www.africanchallenges.com\/?p=64121","title":{"rendered":"La Tunisie assure la pr\u00e9sidence de la quaranti\u00e8me r\u00e9union du comit\u00e9 directeur de l&rsquo;initiative \u00ab\u00a0d\u00e9fense 5 Plus 5\u00a0\u00bb"},"content":{"rendered":"\n<p class=\"wp-block-paragraph\">La quaranti\u00e8me r\u00e9union du comit\u00e9 de pilotage de l&rsquo;initiative \u00ab\u00a0d\u00e9fense 5 Plus 5\u00a0\u00bb a d\u00e9but\u00e9 le jeudi 24 avril 2025 \u00e0 Tunis, r\u00e9unissant les repr\u00e9sentants des minist\u00e8res de la D\u00e9fense de l&rsquo;Alg\u00e9rie, de la France, de l&rsquo;Italie, de la Libye, de Malte, de la Mauritanie, du Maroc, du Portugal, de l&rsquo;Espagne et de la Tunisie.<\/p>\n\n\n\n<p class=\"wp-block-paragraph\">Dans un discours d&rsquo;ouverture enregistr\u00e9 adress\u00e9 aux d\u00e9l\u00e9gations pr\u00e9sentes, M. Khaled &nbsp;Sehili, Ministre de la D\u00e9fense nationale, a r\u00e9affirm\u00e9 l&rsquo;engagement ind\u00e9fectible de la Tunisie \u00e0 promouvoir et renforcer l&rsquo;initiative \u00ab\u00a0d\u00e9fense 5 Plus 5\u00a0\u00bb comme cadre de coop\u00e9ration r\u00e9gionale, qui, depuis deux d\u00e9cennies, repr\u00e9sente un mod\u00e8le d&rsquo;efficacit\u00e9 collaborative pour faire face aux d\u00e9fis s\u00e9curitaires, tout en contribuant \u00e0 l&rsquo;am\u00e9lioration des capacit\u00e9s de d\u00e9fense des pays impliqu\u00e9s gr\u00e2ce \u00e0 l&rsquo;\u00e9change d&rsquo;exp\u00e9riences, la formation conjointe, le d\u00e9veloppement de m\u00e9canismes de surveillance maritime et a\u00e9rienne, ainsi que le renforcement des comp\u00e9tences dans les domaines de la lutte contre la criminalit\u00e9, de la cybers\u00e9curit\u00e9 et de la gestion des crises.<\/p>\n\n\n\n<p class=\"wp-block-paragraph\">Il a mis en avant que le fait que la Tunisie pr\u00e9side l&rsquo;initiative pour l&rsquo;ann\u00e9e 2025 co\u00efncide avec sa proposition d&rsquo;organiser un forum de dialogue en septembre prochain, intitul\u00e9 \u00ab\u00a0initiative 5 Plus 5 d\u00e9fense : r\u00e9alit\u00e9 et perspectives\u00a0\u00bb. Il a soulign\u00e9 que ce forum repr\u00e9sente une opportunit\u00e9 pr\u00e9cieuse pour engager une discussion ouverte et \u00e9changer des id\u00e9es concernant l&rsquo;avenir de l&rsquo;initiative, tout en permettant d&rsquo;\u00e9valuer son parcours, d&rsquo;anticiper ses orientations et de rechercher des solutions pour renforcer les m\u00e9canismes d&rsquo;action conjointe face aux d\u00e9fis, avec une vision claire fond\u00e9e sur un engagement collectif, un partenariat constructif et un respect mutuel entre toutes les parties.<\/p>\n\n\n\n<p class=\"wp-block-paragraph\">Durant cette r\u00e9union, qui se d\u00e9roule sur deux jours, les activit\u00e9s pr\u00e9vues pour l&rsquo;ann\u00e9e en cours ont \u00e9t\u00e9 examin\u00e9es, un plan d&rsquo;activit\u00e9s a \u00e9t\u00e9 \u00e9labor\u00e9 pour l&rsquo;ann\u00e9e suivante et l&rsquo;avancement des projets au sein de l&rsquo;initiative a \u00e9t\u00e9 pass\u00e9 en revue, en pr\u00e9paration de la vingt et uni\u00e8me session de la r\u00e9union des ministres de la D\u00e9fense 5 Plus 5, que la Tunisie accueillera \u00e0 la fin de l&rsquo;ann\u00e9e.<\/p>\n\n\n\n<p class=\"wp-block-paragraph\">Il est important de noter que le comit\u00e9 directeur de l&rsquo;initiative \u00ab\u00a0d\u00e9fense 5 Plus 5\u00a0\u00bb est constitu\u00e9 de trois repr\u00e9sentants de chaque pays membre et se r\u00e9unit r\u00e9guli\u00e8rement deux fois par an dans le pays qui exerce la pr\u00e9sidence de l&rsquo;initiative, afin de pr\u00e9parer la r\u00e9union des ministres de la D\u00e9fense de l&rsquo;initiative.<\/p>\n\n\n\n<p class=\"wp-block-paragraph\">Il convient de mentionner que l&rsquo;initiative \u00ab\u00a0d\u00e9fense 5 Plus 5\u00a0\u00bb a pour objectif d&rsquo;\u00e9tablir une coop\u00e9ration multilat\u00e9rale et sur le terrain concernant des questions de s\u00e9curit\u00e9 d&rsquo;int\u00e9r\u00eat commun, tout en partageant des exp\u00e9riences et des connaissances dans divers domaines, tels que la surveillance maritime de la mer M\u00e9diterran\u00e9e occidentale et le r\u00f4le des forces arm\u00e9es dans la protection des civils et leur assistance lors de catastrophes majeures, ainsi que la s\u00e9curit\u00e9 a\u00e9rienne dans cette m\u00eame r\u00e9gion, en plus d&rsquo;organiser des formations et de mener de nombreuses recherches et \u00e9tudes sur la s\u00e9curit\u00e9 m\u00e9diterran\u00e9enne et sa durabilit\u00e9.<\/p>\n\n\n\n<p class=\"wp-block-paragraph\"><\/p>\n","protected":false},"excerpt":{"rendered":"<p>La quaranti\u00e8me r\u00e9union du comit\u00e9 de pilotage de l&rsquo;initiative \u00ab\u00a0d\u00e9fense 5 Plus 5\u00a0\u00bb a d\u00e9but\u00e9 le jeudi 24 avril 2025 \u00e0 Tunis, r\u00e9unissant les repr\u00e9sentants des minist\u00e8res de la D\u00e9fense de l&rsquo;Alg\u00e9rie, de la France, de l&rsquo;Italie, de la Libye, de Malte, de la Mauritanie, du Maroc, du Portugal, de l&rsquo;Espagne et de la Tunisie. [&hellip;]<\/p>\n","protected":false},"author":4,"featured_media":64122,"comment_status":"open","ping_status":"closed","sticky":false,"template":"","format":"standard","meta":{"content-type":"","jnews-multi-image_gallery":[],"jnews_single_post":{"format":"standard"},"jnews_primary_category":[],"jnews_override_bookmark_settings":[],"jnews_review":[],"enable_review":"","type":"","name":"","summary":"","brand":"","sku":"","good":[],"bad":[],"score_override":"","override_value":"","rating":[],"price":[],"jnews_post_split":[],"footnotes":""},"categories":[2],"tags":[15217,15216,54],"class_list":["post-64121","post","type-post","status-publish","format-standard","has-post-thumbnail","hentry","category-news-politique","tag-defense-5-plus-5","tag-reunion-du-comite-directeur-de-linitiative-defense-5-plus-5","tag-tunisie"],"_links":{"self":[{"href":"https:\/\/www.africanchallenges.com\/index.php?rest_route=\/wp\/v2\/posts\/64121","targetHints":{"allow":["GET"]}}],"collection":[{"href":"https:\/\/www.africanchallenges.com\/index.php?rest_route=\/wp\/v2\/posts"}],"about":[{"href":"https:\/\/www.africanchallenges.com\/index.php?rest_route=\/wp\/v2\/types\/post"}],"author":[{"embeddable":true,"href":"https:\/\/www.africanchallenges.com\/index.php?rest_route=\/wp\/v2\/users\/4"}],"replies":[{"embeddable":true,"href":"https:\/\/www.africanchallenges.com\/index.php?rest_route=%2Fwp%2Fv2%2Fcomments&post=64121"}],"version-history":[{"count":2,"href":"https:\/\/www.africanchallenges.com\/index.php?rest_route=\/wp\/v2\/posts\/64121\/revisions"}],"predecessor-version":[{"id":64124,"href":"https:\/\/www.africanchallenges.com\/index.php?rest_route=\/wp\/v2\/posts\/64121\/revisions\/64124"}],"wp:featuredmedia":[{"embeddable":true,"href":"https:\/\/www.africanchallenges.com\/index.php?rest_route=\/wp\/v2\/media\/64122"}],"wp:attachment":[{"href":"https:\/\/www.africanchallenges.com\/index.php?rest_route=%2Fwp%2Fv2%2Fmedia&parent=64121"}],"wp:term":[{"taxonomy":"category","embeddable":true,"href":"https:\/\/www.africanchallenges.com\/index.php?rest_route=%2Fwp%2Fv2%2Fcategories&post=64121"},{"taxonomy":"post_tag","embeddable":true,"href":"https:\/\/www.africanchallenges.com\/index.php?rest_route=%2Fwp%2Fv2%2Ftags&post=64121"}],"curies":[{"name":"wp","href":"https:\/\/api.w.org\/{rel}","templated":true}]}}