{"id":64098,"date":"2025-04-25T18:27:04","date_gmt":"2025-04-25T17:27:04","guid":{"rendered":"https:\/\/www.africanchallenges.com\/?p=64098"},"modified":"2025-04-25T18:27:26","modified_gmt":"2025-04-25T17:27:26","slug":"lambassade-de-linde-a-tunis-organise-une-exposition-photographique-en-hommage-au-dr-b-r-ambedkar","status":"publish","type":"post","link":"https:\/\/www.africanchallenges.com\/?p=64098","title":{"rendered":"Tunisie : L&rsquo;Ambassade de l&rsquo;Inde \u00e0 Tunis organise une exposition photographique en hommage au Dr B.R. Ambedkar"},"content":{"rendered":"\n<p class=\"wp-block-paragraph\">L&rsquo;Ambassade de l&rsquo;Inde \u00e0 Tunis, en collaboration avec la Facult\u00e9 des Lettres, des Arts et des Sciences Humaines de la Manouba, a organis\u00e9 le 24 avril 2025 une exposition photographique c\u00e9l\u00e9brant la vie et l&rsquo;h\u00e9ritage du Dr B.R. Ambedkar, principal architecte de la Constitution indienne et pionnier de la justice sociale.<\/p>\n\n\n\n<p class=\"wp-block-paragraph\">L&rsquo;\u00e9v\u00e9nement a r\u00e9uni professeurs et \u00e9tudiants pour rendre hommage aux contributions durables du Dr Ambedkar \u00e0 la d\u00e9mocratie, \u00e0 l&rsquo;\u00e9galit\u00e9 et \u00e0 l&rsquo;inclusion. L&rsquo;\u00e9v\u00e9nement a \u00e9t\u00e9 marqu\u00e9 par les discours de Mme Thouraya Ben Amor, vice-doyenne de la Facult\u00e9, et de S.E. Dr Devyani Uttam Khobragade, ambassadrice d\u00e9sign\u00e9e de l&rsquo;Inde en Tunisie, suivis de la projection d&rsquo;un documentaire sur la vie et les r\u00e9alisations du Dr Ambedkar.<\/p>\n\n\n\n<p class=\"wp-block-paragraph\">Dans son discours d&rsquo;ouverture, la vice-doyenne Mme Ben Amor a chaleureusement accueilli la pr\u00e9sence de l&rsquo;ambassade et a salu\u00e9 cette initiative, la qualifiant de contribution significative au dialogue interculturel. Elle a exprim\u00e9 son enthousiasme pour la poursuite de la collaboration avec l&rsquo;Inde, notamment pour faire d\u00e9couvrir aux \u00e9tudiants le riche patrimoine intellectuel et culturel du pays. Dans son discours, l&rsquo;ambassadrice Khobragade a soulign\u00e9 le leadership visionnaire du Dr Ambedkar et son engagement ind\u00e9fectible en faveur des r\u00e9formes sociales, de l&rsquo;\u00e9ducation et des valeurs constitutionnelles. Elle a \u00e9galement soulign\u00e9 son r\u00f4le pionnier dans la d\u00e9fense de l&rsquo;\u00e9galit\u00e9 des sexes et des droits des femmes, des actions qui restent d&rsquo;actualit\u00e9 \u00e0 l&rsquo;\u00e9chelle mondiale.<\/p>\n\n\n\n<p class=\"wp-block-paragraph\">Dans le cadre de l&rsquo;engagement culturel plus large de l&rsquo;ambassade, l&rsquo;ambassadrice a annonc\u00e9 la cr\u00e9ation d&rsquo;un espace d\u00e9di\u00e9 \u00e0 l&rsquo;Inde au sein de la facult\u00e9, un espace d&rsquo;information consacr\u00e9 \u00e0 l&rsquo;histoire, \u00e0 la litt\u00e9rature, \u00e0 la philosophie et \u00e0 la culture indiennes. Elle a \u00e9galement pr\u00e9sent\u00e9 les opportunit\u00e9s offertes aux \u00e9tudiants par les bourses et les stages du programme ICCR (Conseil Indien pour les Relations Culturelles). Les candidatures sont ouvertes sur https:\/\/a2ascholarships.iccr.gov.in.<\/p>\n\n\n\n<p class=\"wp-block-paragraph\">Un court m\u00e9trage documentaire sur le Dr Ambedkar a \u00e9t\u00e9 projet\u00e9 apr\u00e8s les discours, offrant un r\u00e9cit visuel puissant de son parcours inspirant. L&rsquo;\u00e9v\u00e9nement s&rsquo;est conclu par un petit buffet et des \u00e9changes entre l&rsquo;ambassadrice et les invit\u00e9s.<\/p>\n","protected":false},"excerpt":{"rendered":"<p>L&rsquo;Ambassade de l&rsquo;Inde \u00e0 Tunis, en collaboration avec la Facult\u00e9 des Lettres, des Arts et des Sciences Humaines de la Manouba, a organis\u00e9 le 24 avril 2025 une exposition photographique c\u00e9l\u00e9brant la vie et l&rsquo;h\u00e9ritage du Dr B.R. Ambedkar, principal architecte de la Constitution indienne et pionnier de la justice sociale. L&rsquo;\u00e9v\u00e9nement a r\u00e9uni professeurs [&hellip;]<\/p>\n","protected":false},"author":4,"featured_media":64099,"comment_status":"open","ping_status":"closed","sticky":false,"template":"","format":"standard","meta":{"content-type":"","jnews-multi-image_gallery":[],"jnews_single_post":{"format":"standard"},"jnews_primary_category":[],"jnews_override_bookmark_settings":[],"jnews_review":[],"enable_review":"","type":"","name":"","summary":"","brand":"","sku":"","good":[],"bad":[],"score_override":"","override_value":"","rating":[],"price":[],"jnews_post_split":[],"footnotes":""},"categories":[2],"tags":[15211,15212,15213,9889,238],"class_list":["post-64098","post","type-post","status-publish","format-standard","has-post-thumbnail","hentry","category-news-politique","tag-ambassade-de-linde-a-tunis","tag-dr-b-r-ambedkar","tag-dr-devyani-uttam-khobragade","tag-exposition-photographique","tag-hommage"],"_links":{"self":[{"href":"https:\/\/www.africanchallenges.com\/index.php?rest_route=\/wp\/v2\/posts\/64098","targetHints":{"allow":["GET"]}}],"collection":[{"href":"https:\/\/www.africanchallenges.com\/index.php?rest_route=\/wp\/v2\/posts"}],"about":[{"href":"https:\/\/www.africanchallenges.com\/index.php?rest_route=\/wp\/v2\/types\/post"}],"author":[{"embeddable":true,"href":"https:\/\/www.africanchallenges.com\/index.php?rest_route=\/wp\/v2\/users\/4"}],"replies":[{"embeddable":true,"href":"https:\/\/www.africanchallenges.com\/index.php?rest_route=%2Fwp%2Fv2%2Fcomments&post=64098"}],"version-history":[{"count":2,"href":"https:\/\/www.africanchallenges.com\/index.php?rest_route=\/wp\/v2\/posts\/64098\/revisions"}],"predecessor-version":[{"id":64101,"href":"https:\/\/www.africanchallenges.com\/index.php?rest_route=\/wp\/v2\/posts\/64098\/revisions\/64101"}],"wp:featuredmedia":[{"embeddable":true,"href":"https:\/\/www.africanchallenges.com\/index.php?rest_route=\/wp\/v2\/media\/64099"}],"wp:attachment":[{"href":"https:\/\/www.africanchallenges.com\/index.php?rest_route=%2Fwp%2Fv2%2Fmedia&parent=64098"}],"wp:term":[{"taxonomy":"category","embeddable":true,"href":"https:\/\/www.africanchallenges.com\/index.php?rest_route=%2Fwp%2Fv2%2Fcategories&post=64098"},{"taxonomy":"post_tag","embeddable":true,"href":"https:\/\/www.africanchallenges.com\/index.php?rest_route=%2Fwp%2Fv2%2Ftags&post=64098"}],"curies":[{"name":"wp","href":"https:\/\/api.w.org\/{rel}","templated":true}]}}