{"id":64048,"date":"2025-04-24T10:54:22","date_gmt":"2025-04-24T09:54:22","guid":{"rendered":"https:\/\/www.africanchallenges.com\/?p=64048"},"modified":"2025-04-24T10:54:35","modified_gmt":"2025-04-24T09:54:35","slug":"tunisie-le-chef-de-letat-insiste-sur-ladoption-dun-systeme-fiscal-juste-garantissant-equite-et-justice","status":"publish","type":"post","link":"https:\/\/www.africanchallenges.com\/?p=64048","title":{"rendered":"Tunisie : Le chef de l&rsquo;Etat insiste sur l&rsquo;adoption d&rsquo;un syst\u00e8me fiscal juste, garantissant \u00e9quit\u00e9 et justice"},"content":{"rendered":"\n<p class=\"wp-block-paragraph\">Le pr\u00e9sident de la R\u00e9publique, Ka\u00efs Sa\u00efed, a re\u00e7u hier mercredi 23 avril 2025 au Palais de Carthage la cheffe du gouvernement Sarra Za\u00e2frani Zanzri ainsi que la ministre des Finances Mechket Slama Khaldi, selon un communiqu\u00e9 \u00e9mis par la pr\u00e9sidence. <\/p>\n\n\n\n<p class=\"wp-block-paragraph\">Cette r\u00e9union a port\u00e9 sur les principales orientations du projet de loi de Finances pour l&rsquo;ann\u00e9e 2026. \u00c0 cette occasion, le chef de l&rsquo;\u00c9tat a soulign\u00e9 l&rsquo;importance de se distancier des m\u00e9thodes \u00e9conomiques conventionnelles, en insistant sur l&rsquo;urgence de donner la priorit\u00e9 \u00e0 l&rsquo;aspect social.<\/p>\n\n\n\n<p class=\"wp-block-paragraph\"> Il a \u00e9galement mis en avant la n\u00e9cessit\u00e9 d&rsquo;adopter un syst\u00e8me fiscal juste, garantissant \u00e9quit\u00e9 et justice. \u00ab Lorsque la justice est \u00e9tablie et que l&rsquo;\u00c9tat retrouve pleinement son r\u00f4le social, la stabilit\u00e9 s&rsquo;installe et ouvre la voie \u00e0 une croissance r\u00e9elle dont tous les citoyens peuvent b\u00e9n\u00e9ficier \u00bb, a affirm\u00e9 le pr\u00e9sident Sa\u00efed.<\/p>\n","protected":false},"excerpt":{"rendered":"<p>Le pr\u00e9sident de la R\u00e9publique, Ka\u00efs Sa\u00efed, a re\u00e7u hier mercredi 23 avril 2025 au Palais de Carthage la cheffe du gouvernement Sarra Za\u00e2frani Zanzri ainsi que la ministre des Finances Mechket Slama Khaldi, selon un communiqu\u00e9 \u00e9mis par la pr\u00e9sidence. Cette r\u00e9union a port\u00e9 sur les principales orientations du projet de loi de Finances [&hellip;]<\/p>\n","protected":false},"author":4,"featured_media":64049,"comment_status":"open","ping_status":"closed","sticky":false,"template":"","format":"standard","meta":{"content-type":"","jnews-multi-image_gallery":[],"jnews_single_post":{"format":"standard"},"jnews_primary_category":[],"jnews_override_bookmark_settings":[],"jnews_review":[],"enable_review":"","type":"","name":"","summary":"","brand":"","sku":"","good":[],"bad":[],"score_override":"","override_value":"","rating":[],"price":[],"jnews_post_split":[],"footnotes":""},"categories":[2],"tags":[1739,15198,15199,3712,9611,54],"class_list":["post-64048","post","type-post","status-publish","format-standard","has-post-thumbnail","hentry","category-news-politique","tag-adoption","tag-equite","tag-jusrice","tag-kais-saied-2","tag-systeme-fiscal","tag-tunisie"],"_links":{"self":[{"href":"https:\/\/www.africanchallenges.com\/index.php?rest_route=\/wp\/v2\/posts\/64048","targetHints":{"allow":["GET"]}}],"collection":[{"href":"https:\/\/www.africanchallenges.com\/index.php?rest_route=\/wp\/v2\/posts"}],"about":[{"href":"https:\/\/www.africanchallenges.com\/index.php?rest_route=\/wp\/v2\/types\/post"}],"author":[{"embeddable":true,"href":"https:\/\/www.africanchallenges.com\/index.php?rest_route=\/wp\/v2\/users\/4"}],"replies":[{"embeddable":true,"href":"https:\/\/www.africanchallenges.com\/index.php?rest_route=%2Fwp%2Fv2%2Fcomments&post=64048"}],"version-history":[{"count":2,"href":"https:\/\/www.africanchallenges.com\/index.php?rest_route=\/wp\/v2\/posts\/64048\/revisions"}],"predecessor-version":[{"id":64051,"href":"https:\/\/www.africanchallenges.com\/index.php?rest_route=\/wp\/v2\/posts\/64048\/revisions\/64051"}],"wp:featuredmedia":[{"embeddable":true,"href":"https:\/\/www.africanchallenges.com\/index.php?rest_route=\/wp\/v2\/media\/64049"}],"wp:attachment":[{"href":"https:\/\/www.africanchallenges.com\/index.php?rest_route=%2Fwp%2Fv2%2Fmedia&parent=64048"}],"wp:term":[{"taxonomy":"category","embeddable":true,"href":"https:\/\/www.africanchallenges.com\/index.php?rest_route=%2Fwp%2Fv2%2Fcategories&post=64048"},{"taxonomy":"post_tag","embeddable":true,"href":"https:\/\/www.africanchallenges.com\/index.php?rest_route=%2Fwp%2Fv2%2Ftags&post=64048"}],"curies":[{"name":"wp","href":"https:\/\/api.w.org\/{rel}","templated":true}]}}