{"id":64039,"date":"2025-04-23T23:56:24","date_gmt":"2025-04-23T22:56:24","guid":{"rendered":"https:\/\/www.africanchallenges.com\/?p=64039"},"modified":"2025-04-23T23:58:33","modified_gmt":"2025-04-23T22:58:33","slug":"tunisie-la-ministre-de-la-famille-supervise-la-reunion-du-comite-participatif-charge-de-concevoir-et-de-mettre-en-oeuvre-la-plateforme-nationale-de-commercialisation-des-produits-des-femmes-et-des-f","status":"publish","type":"post","link":"https:\/\/www.africanchallenges.com\/?p=64039","title":{"rendered":"Tunisie : La ministre de la famille supervise la r\u00e9union du commission participative charg\u00e9e de la conception et la r\u00e9alisation de la plateforme nationale pour la commercialisation des produits des femmes et des filles rurales"},"content":{"rendered":"\n<p class=\"wp-block-paragraph\">Madame Asma Jebri, Ministre de la Famille, de la Femme, des Enfants et des Personnes \u00e2g\u00e9es, a pr\u00e9sid\u00e9 le mercredi 23 avril 2025, au si\u00e8ge du minist\u00e8re, une r\u00e9union de la commission participative charg\u00e9e de la conception et la r\u00e9alisation de la plateforme nationale pour la commercialisation des produits des femmes et des filles rurales<\/p>\n\n\n\n<p class=\"wp-block-paragraph\">La ministre a soulign\u00e9 que les efforts d\u00e9ploy\u00e9s pour d\u00e9velopper cette plateforme num\u00e9rique nationale s&rsquo;inscrivent dans la volont\u00e9 nationale de soutenir, encourager et faciliter la commercialisation num\u00e9rique des produits destin\u00e9s aux femmes et aux filles des zones rurales, tant au niveau national qu&rsquo;international, tout en visant \u00e0 soutenir leurs initiatives pour garantir la durabilit\u00e9 et la rentabilit\u00e9 de leurs projets.<\/p>\n\n\n\n<p class=\"wp-block-paragraph\">Elle a pr\u00e9cis\u00e9 que la num\u00e9risation de la commercialisation des produits des femmes et des filles en milieu rural favoriserait leur int\u00e9gration dans les dynamiques de d\u00e9veloppement local et r\u00e9gional, en cr\u00e9ant de nouvelles opportunit\u00e9s d&rsquo;acc\u00e8s aux march\u00e9s, en facilitant la transition des activit\u00e9s des femmes et des filles du secteur informel vers le secteur formel, ainsi qu&rsquo;en permettant l&rsquo;introduction de produits d&rsquo;origine, ce qui contribue \u00e0 la pr\u00e9servation du patrimoine culturel.<\/p>\n\n\n\n<p class=\"wp-block-paragraph\">Madame Asma Jebri a indiqu\u00e9 que cette plateforme vise \u00e0 soutenir les femmes et les filles des zones rurales participant aux programmes du Minist\u00e8re de la Famille, des Femmes, des Enfants et des Personnes \u00e2g\u00e9es, qui ont pour but de favoriser l&rsquo;inclusion \u00e9conomique. Elle s&rsquo;adresse \u00e9galement aux femmes entrepreneures et aux &lsquo;pionni\u00e8res&rsquo; de l&rsquo;investissement, sans n\u00e9gliger d&rsquo;autres femmes et filles actives et entrepreneurs en milieu rural, tout en appelant \u00e0 am\u00e9liorer le mode de livraison tout en garantissant le respect des normes de qualit\u00e9, de s\u00e9curit\u00e9 et d&rsquo;efficacit\u00e9.<\/p>\n\n\n\n<p class=\"wp-block-paragraph\">La plateforme comprendra un site de commerce \u00e9lectronique avec un syst\u00e8me logistique pour faciliter et organiser les transactions financi\u00e8res, ainsi qu&rsquo;un espace virtuel pour la gestion d&rsquo;entreprise et le marketing num\u00e9rique.<\/p>\n\n\n\n<p class=\"wp-block-paragraph\">La r\u00e9union a eu lieu en pr\u00e9sence du chef de cabinet du Minist\u00e8re de la Famille, de la Femme, de l&rsquo;Enfance et des Personnes \u00e2g\u00e9es, ainsi que de repr\u00e9sentants des minist\u00e8res des technologies de la communication, du commerce, de l&rsquo;agriculture, de la sant\u00e9, du tourisme, des postes nationaux, des industries traditionnelles, de la famille et du D\u00e9veloppement Humain, ainsi que de l&rsquo;Agence Nationale de Cybers\u00e9curit\u00e9.<\/p>\n","protected":false},"excerpt":{"rendered":"<p>Madame Asma Jebri, Ministre de la Famille, de la Femme, des Enfants et des Personnes \u00e2g\u00e9es, a pr\u00e9sid\u00e9 le mercredi 23 avril 2025, au si\u00e8ge du minist\u00e8re, une r\u00e9union de la commission participative charg\u00e9e de la conception et la r\u00e9alisation de la plateforme nationale pour la commercialisation des produits des femmes et des filles rurales [&hellip;]<\/p>\n","protected":false},"author":3,"featured_media":64040,"comment_status":"open","ping_status":"closed","sticky":false,"template":"","format":"standard","meta":{"content-type":"","jnews-multi-image_gallery":[],"jnews_single_post":{"format":"standard"},"jnews_primary_category":[],"jnews_override_bookmark_settings":[],"jnews_review":[],"enable_review":"","type":"","name":"","summary":"","brand":"","sku":"","good":[],"bad":[],"score_override":"","override_value":"","rating":[],"price":[],"jnews_post_split":[],"footnotes":""},"categories":[2],"tags":[15193,3954,15194,15192],"class_list":["post-64039","post","type-post","status-publish","format-standard","has-post-thumbnail","hentry","category-news-politique","tag-commercialisations","tag-femmes","tag-milieur-rural","tag-plateforme-nationale"],"_links":{"self":[{"href":"https:\/\/www.africanchallenges.com\/index.php?rest_route=\/wp\/v2\/posts\/64039","targetHints":{"allow":["GET"]}}],"collection":[{"href":"https:\/\/www.africanchallenges.com\/index.php?rest_route=\/wp\/v2\/posts"}],"about":[{"href":"https:\/\/www.africanchallenges.com\/index.php?rest_route=\/wp\/v2\/types\/post"}],"author":[{"embeddable":true,"href":"https:\/\/www.africanchallenges.com\/index.php?rest_route=\/wp\/v2\/users\/3"}],"replies":[{"embeddable":true,"href":"https:\/\/www.africanchallenges.com\/index.php?rest_route=%2Fwp%2Fv2%2Fcomments&post=64039"}],"version-history":[{"count":3,"href":"https:\/\/www.africanchallenges.com\/index.php?rest_route=\/wp\/v2\/posts\/64039\/revisions"}],"predecessor-version":[{"id":64044,"href":"https:\/\/www.africanchallenges.com\/index.php?rest_route=\/wp\/v2\/posts\/64039\/revisions\/64044"}],"wp:featuredmedia":[{"embeddable":true,"href":"https:\/\/www.africanchallenges.com\/index.php?rest_route=\/wp\/v2\/media\/64040"}],"wp:attachment":[{"href":"https:\/\/www.africanchallenges.com\/index.php?rest_route=%2Fwp%2Fv2%2Fmedia&parent=64039"}],"wp:term":[{"taxonomy":"category","embeddable":true,"href":"https:\/\/www.africanchallenges.com\/index.php?rest_route=%2Fwp%2Fv2%2Fcategories&post=64039"},{"taxonomy":"post_tag","embeddable":true,"href":"https:\/\/www.africanchallenges.com\/index.php?rest_route=%2Fwp%2Fv2%2Ftags&post=64039"}],"curies":[{"name":"wp","href":"https:\/\/api.w.org\/{rel}","templated":true}]}}