{"id":64031,"date":"2025-04-23T23:04:53","date_gmt":"2025-04-23T22:04:53","guid":{"rendered":"https:\/\/www.africanchallenges.com\/?p=64031"},"modified":"2025-04-23T23:04:53","modified_gmt":"2025-04-23T22:04:53","slug":"le-quai-dorsay-a-t-il-un-commentaire-sur-les-condamnations-prononcees-dans-laffaire-du-complot-contre-la-surete-de-letat-en-tunisie","status":"publish","type":"post","link":"https:\/\/www.africanchallenges.com\/?p=64031","title":{"rendered":"Le Quai d\u2019Orsay a-t-il un commentaire sur les condamnations prononc\u00e9es dans l\u2019affaire du \u00ab\u00a0complot contre la s\u00fbret\u00e9 de l\u2019\u00c9tat\u00a0\u00bb en Tunisie ?"},"content":{"rendered":"\n<p class=\"wp-block-paragraph\">Q&nbsp;: Le Quai d\u2019Orsay a-t-il un commentaire sur les condamnations prononc\u00e9es dans l\u2019affaire du \u00ab\u00a0complot contre la s\u00fbret\u00e9 de l\u2019Etat\u00a0\u00bb en Tunisie&nbsp;?<\/p>\n\n\n\n<p class=\"wp-block-paragraph\">R&nbsp;: Nous avons pris connaissance avec pr\u00e9occupation des lourdes condamnations prononc\u00e9es en premi\u00e8re instance \u00e0 l\u2019encontre de nombreuses personnes accus\u00e9es de \u00ab&nbsp;complot contre la s\u00fbret\u00e9 de l\u2019\u00c9tat&nbsp;\u00bb, dont plusieurs ressortissants fran\u00e7ais, \u00e0 l\u2019issue de l\u2019audience du 18 avril. Nous regrettons que les conditions d\u2019un proc\u00e8s \u00e9quitable n\u2019aient pas \u00e9t\u00e9 respect\u00e9es.<\/p>\n\n\n\n<p class=\"wp-block-paragraph\">Plusieurs diplomates fran\u00e7ais, europ\u00e9ens et affinitaires se sont rendus au Tribunal de premi\u00e8re instance de Tunis \u00e0 l\u2019occasion des trois audiences afin de marquer l\u2019attention avec laquelle nous suivons ce dossier, dans le respect de la souverainet\u00e9 tunisienne. Les diplomates et journalistes n\u2019ont toutefois pas \u00e9t\u00e9 autoris\u00e9s \u00e0 suivre celle du 18 avril.<\/p>\n\n\n\n<p class=\"wp-block-paragraph\">La France est attach\u00e9e, en Tunisie comme partout dans le monde, au droit \u00e0 un proc\u00e8s \u00e9quitable, \u00e0 une justice ind\u00e9pendante et aux libert\u00e9s d\u2019association, d\u2019expression et de r\u00e9union. L\u2019\u00c9tat de droit est partout la garantie du d\u00e9veloppement d\u2019une d\u00e9mocratie stable et prosp\u00e8re.<\/p>\n","protected":false},"excerpt":{"rendered":"<p>Q&nbsp;: Le Quai d\u2019Orsay a-t-il un commentaire sur les condamnations prononc\u00e9es dans l\u2019affaire du \u00ab\u00a0complot contre la s\u00fbret\u00e9 de l\u2019Etat\u00a0\u00bb en Tunisie&nbsp;? R&nbsp;: Nous avons pris connaissance avec pr\u00e9occupation des lourdes condamnations prononc\u00e9es en premi\u00e8re instance \u00e0 l\u2019encontre de nombreuses personnes accus\u00e9es de \u00ab&nbsp;complot contre la s\u00fbret\u00e9 de l\u2019\u00c9tat&nbsp;\u00bb, dont plusieurs ressortissants fran\u00e7ais, \u00e0 l\u2019issue [&hellip;]<\/p>\n","protected":false},"author":4,"featured_media":51098,"comment_status":"open","ping_status":"closed","sticky":false,"template":"","format":"standard","meta":{"content-type":"","jnews-multi-image_gallery":[],"jnews_single_post":{"format":"standard"},"jnews_primary_category":[],"jnews_override_bookmark_settings":[],"jnews_review":[],"enable_review":"","type":"","name":"","summary":"","brand":"","sku":"","good":[],"bad":[],"score_override":"","override_value":"","rating":[],"price":[],"jnews_post_split":[],"footnotes":""},"categories":[2],"tags":[15186,15187,15185,54],"class_list":["post-64031","post","type-post","status-publish","format-standard","has-post-thumbnail","hentry","category-news-politique","tag-condamnations","tag-le-quai-dorsay-a-t-il-un-commentaire-sur-les-condamnations-prononcees-dans-laffaire-du-complot-contre-la-surete-de-letat-en-tunisie","tag-quai-dorsay","tag-tunisie"],"_links":{"self":[{"href":"https:\/\/www.africanchallenges.com\/index.php?rest_route=\/wp\/v2\/posts\/64031","targetHints":{"allow":["GET"]}}],"collection":[{"href":"https:\/\/www.africanchallenges.com\/index.php?rest_route=\/wp\/v2\/posts"}],"about":[{"href":"https:\/\/www.africanchallenges.com\/index.php?rest_route=\/wp\/v2\/types\/post"}],"author":[{"embeddable":true,"href":"https:\/\/www.africanchallenges.com\/index.php?rest_route=\/wp\/v2\/users\/4"}],"replies":[{"embeddable":true,"href":"https:\/\/www.africanchallenges.com\/index.php?rest_route=%2Fwp%2Fv2%2Fcomments&post=64031"}],"version-history":[{"count":1,"href":"https:\/\/www.africanchallenges.com\/index.php?rest_route=\/wp\/v2\/posts\/64031\/revisions"}],"predecessor-version":[{"id":64032,"href":"https:\/\/www.africanchallenges.com\/index.php?rest_route=\/wp\/v2\/posts\/64031\/revisions\/64032"}],"wp:featuredmedia":[{"embeddable":true,"href":"https:\/\/www.africanchallenges.com\/index.php?rest_route=\/wp\/v2\/media\/51098"}],"wp:attachment":[{"href":"https:\/\/www.africanchallenges.com\/index.php?rest_route=%2Fwp%2Fv2%2Fmedia&parent=64031"}],"wp:term":[{"taxonomy":"category","embeddable":true,"href":"https:\/\/www.africanchallenges.com\/index.php?rest_route=%2Fwp%2Fv2%2Fcategories&post=64031"},{"taxonomy":"post_tag","embeddable":true,"href":"https:\/\/www.africanchallenges.com\/index.php?rest_route=%2Fwp%2Fv2%2Ftags&post=64031"}],"curies":[{"name":"wp","href":"https:\/\/api.w.org\/{rel}","templated":true}]}}