{"id":63870,"date":"2025-04-18T13:25:16","date_gmt":"2025-04-18T12:25:16","guid":{"rendered":"https:\/\/www.africanchallenges.com\/?p=63870"},"modified":"2025-04-18T13:25:17","modified_gmt":"2025-04-18T12:25:17","slug":"lunion-de-radiodiffusion-des-etats-arabes-ouvre-les-candidatures-pour-la-15eme-edition-du-concours-de-musique-et-de-chant-arabes-jusqua-la-fin-avril-2025","status":"publish","type":"post","link":"https:\/\/www.africanchallenges.com\/?p=63870","title":{"rendered":"L&rsquo;Union de radiodiffusion des \u00c9tats arabes ouvre les candidatures pour la 15\u00e8me \u00e9dition du concours de musique et de chant arabes jusqu&rsquo;\u00e0 la fin avril 2025"},"content":{"rendered":"\n<p class=\"wp-block-paragraph\">L&rsquo;Union de radiodiffusion des \u00c9tats arabes ouvre les candidatures \u00e0 la quinzi\u00e8me \u00e9dition du concours de musique et de chant arabes jusqu&rsquo;\u00e0 la fin d&rsquo;avril 2025.<\/p>\n\n\n\n<p class=\"wp-block-paragraph\">Cette 15\u00e8me \u00e9dition se d\u00e9roulera au si\u00e8ge de la Direction G\u00e9n\u00e9rale de l&rsquo;Union de Radiodiffusion des \u00c9tats arabes du 27 au 29 mai 2025.<\/p>\n\n\n\n<p class=\"wp-block-paragraph\">L&rsquo;Union organise cet \u00e9v\u00e9nement tous les deux ans dans le cadre de son engagement pour promouvoir la cr\u00e9ativit\u00e9 musicale et vocale arabe, en mettant en avant une production musicale de qualit\u00e9, en d\u00e9couvrant de nouveaux talents, et en soutenant des initiatives artistiques novatrices, conform\u00e9ment \u00e0 sa mission de renforcer l&rsquo;identit\u00e9 culturelle arabe dans tous ses aspects cr\u00e9atifs.<\/p>\n\n\n\n<p class=\"wp-block-paragraph\">Cette 15\u00e8me \u00e9dition inclut deux cat\u00e9gories principales soigneusement choisies pour mettre en avant les dimensions artistiques remarquables de la musique et du chant arabes :<\/p>\n\n\n\n<p class=\"wp-block-paragraph\">&#8211; La cat\u00e9gorie des chansons orchestr\u00e9es, avec comme th\u00e8me le \u00ab\u00a0patriotisme\u00a0\u00bb, a \u00e9t\u00e9 choisie pour les chansons en comp\u00e9tition, o\u00f9 celles-ci doivent traduire des valeurs d&rsquo;attachement \u00e0 la patrie, de fiert\u00e9, et de sacrifice, tout en \u00e9tant pr\u00e9sent\u00e9es dans une orchestration \u00e9labor\u00e9e.<\/p>\n\n\n\n<p class=\"wp-block-paragraph\">&#8211; La cat\u00e9gorie de composition musicale, qui se concentre sur l&rsquo;interpr\u00e9tation d&rsquo;une \u0153uvre musicale originalement compos\u00e9e selon des sch\u00e9mas musicaux arabes traditionnels, en utilisant des maqams et des rythmes arabes, pr\u00e9sent\u00e9e dans un arrangement orchestral moderne qui fait preuve d&rsquo;originalit\u00e9 et d&rsquo;\u00e9l\u00e9ments contemporains.<\/p>\n\n\n\n<p class=\"wp-block-paragraph\">L&rsquo;Union de radiodiffusion des \u00c9tats arabes a \u00e9largi le champ des candidatures pour inclure les organismes de radiodiffusion membres, ainsi que les stations priv\u00e9es arabes, qu&rsquo;elles soient nationales ou internationales, avec un d\u00e9lai jusqu&rsquo;\u00e0 la fin avril 2025 pour soumettre les \u0153uvres participantes.<\/p>\n\n\n\n<p class=\"wp-block-paragraph\">Un jury sp\u00e9cialis\u00e9 sera constitu\u00e9 par la Direction G\u00e9n\u00e9rale de la F\u00e9d\u00e9ration, compos\u00e9 de cinq experts en musique et chant, qui analyseront les \u0153uvres selon des crit\u00e8res techniques sp\u00e9cifiques, notamment la qualit\u00e9 de la composition, l&rsquo;arrangement musical, la performance vocale, et le respect des sch\u00e9mas musicaux arabes authentiques, garantissant ainsi que les \u0153uvres retenues se distinguent par leur innovation, leur originalit\u00e9, et leur qualit\u00e9, tout en respectant les traditions musicales arabes.<\/p>\n\n\n\n<p class=\"wp-block-paragraph\">Les laur\u00e9ats seront r\u00e9v\u00e9l\u00e9s, et les \u0153uvres prim\u00e9es seront pr\u00e9sent\u00e9es lors de la 25\u00e8me \u00e9dition du Festival arabe de la radio et de la t\u00e9l\u00e9vision, qui aura lieu du 23 au 26 juin 2025.<\/p>\n\n\n\n<p class=\"wp-block-paragraph\">Les conditions de participation, les modalit\u00e9s de soumission des candidatures, et les montants des prix financiers attribu\u00e9s aux \u0153uvres gagnantes peuvent \u00eatre consult\u00e9s sur le lien suivant<\/p>\n\n\n\n<p class=\"wp-block-paragraph\">https:\/\/bit. ly\/4bAB3Vn<\/p>\n","protected":false},"excerpt":{"rendered":"<p>L&rsquo;Union de radiodiffusion des \u00c9tats arabes ouvre les candidatures \u00e0 la quinzi\u00e8me \u00e9dition du concours de musique et de chant arabes jusqu&rsquo;\u00e0 la fin d&rsquo;avril 2025. Cette 15\u00e8me \u00e9dition se d\u00e9roulera au si\u00e8ge de la Direction G\u00e9n\u00e9rale de l&rsquo;Union de Radiodiffusion des \u00c9tats arabes du 27 au 29 mai 2025. L&rsquo;Union organise cet \u00e9v\u00e9nement tous [&hellip;]<\/p>\n","protected":false},"author":4,"featured_media":63871,"comment_status":"open","ping_status":"closed","sticky":false,"template":"","format":"standard","meta":{"content-type":"","jnews-multi-image_gallery":[],"jnews_single_post":{"format":"standard"},"jnews_primary_category":[],"jnews_override_bookmark_settings":[],"jnews_review":[],"enable_review":"","type":"","name":"","summary":"","brand":"","sku":"","good":[],"bad":[],"score_override":"","override_value":"","rating":[],"price":[],"jnews_post_split":[],"footnotes":""},"categories":[17],"tags":[4457,12332,15127],"class_list":["post-63870","post","type-post","status-publish","format-standard","has-post-thumbnail","hentry","category-entertainment","tag-candidatures","tag-lunion-de-radiodiffusion-des-etats-arabes","tag-lunion-de-radiodiffusion-des-etats-arabes-ouvre-les-candidatures-pour-la-15eme-edition-du-concours-de-musique-et-de-chant-arabes-jusqua-la-fin-avril-2025"],"_links":{"self":[{"href":"https:\/\/www.africanchallenges.com\/index.php?rest_route=\/wp\/v2\/posts\/63870","targetHints":{"allow":["GET"]}}],"collection":[{"href":"https:\/\/www.africanchallenges.com\/index.php?rest_route=\/wp\/v2\/posts"}],"about":[{"href":"https:\/\/www.africanchallenges.com\/index.php?rest_route=\/wp\/v2\/types\/post"}],"author":[{"embeddable":true,"href":"https:\/\/www.africanchallenges.com\/index.php?rest_route=\/wp\/v2\/users\/4"}],"replies":[{"embeddable":true,"href":"https:\/\/www.africanchallenges.com\/index.php?rest_route=%2Fwp%2Fv2%2Fcomments&post=63870"}],"version-history":[{"count":1,"href":"https:\/\/www.africanchallenges.com\/index.php?rest_route=\/wp\/v2\/posts\/63870\/revisions"}],"predecessor-version":[{"id":63872,"href":"https:\/\/www.africanchallenges.com\/index.php?rest_route=\/wp\/v2\/posts\/63870\/revisions\/63872"}],"wp:featuredmedia":[{"embeddable":true,"href":"https:\/\/www.africanchallenges.com\/index.php?rest_route=\/wp\/v2\/media\/63871"}],"wp:attachment":[{"href":"https:\/\/www.africanchallenges.com\/index.php?rest_route=%2Fwp%2Fv2%2Fmedia&parent=63870"}],"wp:term":[{"taxonomy":"category","embeddable":true,"href":"https:\/\/www.africanchallenges.com\/index.php?rest_route=%2Fwp%2Fv2%2Fcategories&post=63870"},{"taxonomy":"post_tag","embeddable":true,"href":"https:\/\/www.africanchallenges.com\/index.php?rest_route=%2Fwp%2Fv2%2Ftags&post=63870"}],"curies":[{"name":"wp","href":"https:\/\/api.w.org\/{rel}","templated":true}]}}