{"id":63793,"date":"2025-04-16T23:08:31","date_gmt":"2025-04-16T22:08:31","guid":{"rendered":"https:\/\/www.africanchallenges.com\/?p=63793"},"modified":"2025-04-16T23:27:21","modified_gmt":"2025-04-16T22:27:21","slug":"tunisie-participation-du-reseau-eunic-a-la-39e-edition-de-la-foire-internationale-du-livre-de-tunis-du-25-avril-au-04-mai","status":"publish","type":"post","link":"https:\/\/www.africanchallenges.com\/?p=63793","title":{"rendered":"Tunisie : Participation du R\u00e9seau EUNIC \u00e0 la 39\u00e8 \u00e9dition de la foire internationale du livre de Tunis du 25 avril au 04 mai"},"content":{"rendered":"\n<p class=\"wp-block-paragraph\">La D\u00e9l\u00e9gation g\u00e9n\u00e9rale Wallonie-Bruxelles en Tunisie&nbsp; qui assure la pr\u00e9sidence de EUNIC Tunisie&nbsp; depuis mars 2024, a tenu, ce mercredi 16 avril 2025, une conf\u00e9rence de presse organis\u00e9e, \u00e0 l&rsquo;occasion de la 39\u00e8me \u00e9dition de la Foire du Livre de Tunis qui se tiendra du 25 avril au 04 mai.<\/p>\n\n\n\n<p class=\"wp-block-paragraph\">Ont pris part \u00e0 cette conf\u00e9rence, Monsieur Germinal Gil, directeur l&rsquo;Institut Cervantes de Tunis, Monsieur Valentin Ciprian Muntean , Ambassadeur de Roumanie en Tunisie , Monsieur Fabio Rugirello, directeur de de l&rsquo;Institut culturel italien de Tunis et Mme Marielle Morin, attach\u00e9e pour le livre et les m\u00e9diath\u00e8ques \u00e0 l&rsquo;Institut fran\u00e7ais de Tunisie ainsi que des repr\u00e9sentants des m\u00e9dias .<\/p>\n\n\n\n<p class=\"wp-block-paragraph\"><strong>La participation Espagnole<\/strong><\/p>\n\n\n\n<p class=\"wp-block-paragraph\">M.Germinal Gil De Gracia, directeur de l\u2019Institut Cervantes de Tunis, a indiqu\u00e9 que l&rsquo;Espagne a pris part l&rsquo;ann\u00e9e derni\u00e8re \u00e0 la foire, qu&rsquo;il a qualifi\u00e9e de \u00ab tr\u00e8s populaire et d&rsquo;une grande importance \u00e0 d\u00e9couvrir \u00bb. C&rsquo;est pourquoi l&rsquo;Espagne sera \u00e9galement pr\u00e9sente cette ann\u00e9e.<\/p>\n\n\n\n<p class=\"wp-block-paragraph\">Il a soulign\u00e9 l&rsquo;importance du plurilinguisme en tant qu&rsquo;outil pour favoriser la tol\u00e9rance et l&rsquo;interculturalit\u00e9, incitant les jeunes \u00e0 acqu\u00e9rir des comp\u00e9tences linguistiques pour des motifs culturels et \u00e9conomiques. Il a \u00e9galement \u00e9voqu\u00e9 la pertinence des cours d&rsquo;espagnol en Tunisie, o\u00f9 l&rsquo;on d\u00e9nombre 157 000 \u00e9tudiants apprenant cette langue.<\/p>\n\n\n\n<p class=\"wp-block-paragraph\"><strong>La participation de la France\u00a0:<\/strong><\/p>\n\n\n\n<p class=\"wp-block-paragraph\">Mme Marielle Morin, attach\u00e9e pour le livre et les m\u00e9diath\u00e8ques \u00e0 l\u2019Institut fran\u00e7ais de Tunisie (IFT), a mentionn\u00e9 que &nbsp;la programmation de l\u2019IFT pour cette ann\u00e9e, \u00e0 la foire, &nbsp;est ax\u00e9e sur la francophonie, l\u2019amour du livre, le dialogue, l\u2019ouverture et la paix.<\/p>\n\n\n\n<p class=\"wp-block-paragraph\">La programmation est comme suit :<\/p>\n\n\n\n<p class=\"wp-block-paragraph\">-Annonce du Prix litt\u00e9raire du Quai d\u2019Orsay le 25 avril, c\u00e9l\u00e9brant la fiction francophone engag\u00e9e.<\/p>\n\n\n\n<p class=\"wp-block-paragraph\">-Pr\u00e9sentation des ouvrages de Mazarine Pingeot, \u00ab Vivre sans \u00bb et \u00ab Onze quai Branly \u00bb, le 25 avril.<\/p>\n\n\n\n<p class=\"wp-block-paragraph\">-Participation au parcours francophone avec Hector Sonon (B\u00e9nin) et Samy Jack (Togo).<\/p>\n\n\n\n<p class=\"wp-block-paragraph\">-Activit\u00e9s jeunesse, ateliers et heures du conte, avec des autrices-illustratrices jeunesse.<\/p>\n\n\n\n<p class=\"wp-block-paragraph\">-Collaboration avec des \u00e9diteurs francophones tunisiens, avec C\u00e9cile Oumrani, Ahmed Ben Saleh, Mouha Harmel et Akbar Benden.<\/p>\n\n\n\n<p class=\"wp-block-paragraph\">-Nouvelles approches autour du livre : livre num\u00e9rique et biblioth\u00e9rapie.<\/p>\n\n\n\n<p class=\"wp-block-paragraph\"><strong>La participation italienne\u00a0:<\/strong><\/p>\n\n\n\n<p class=\"wp-block-paragraph\">Fabio Rugirello, directeur de l\u2019Institut culturel italien, a rappel\u00e9 que l\u2019Italie a \u00e9t\u00e9 le pays invit\u00e9 d\u2019honneur en 2024, et maintient sa pr\u00e9sence \u00e0 la Foire internationale du livre de Tunis cette ann\u00e9e \u00e0 travers trois initiatives :<\/p>\n\n\n\n<p class=\"wp-block-paragraph\">-Une Table ronde sur l\u2019intelligence artificielle (27 avril) : avec la participation de l\u2019\u00e9crivaine italienne Valentina Federici, qui a publi\u00e9 un livre comparant l\u2019\u00e9criture humaine \u00e0 celle de l\u2019IA. La discussion portera sur les relations entre l\u2019industrie de l\u2019\u00e9dition et l\u2019intelligence artificielle. (En fran\u00e7ais)<\/p>\n\n\n\n<p class=\"wp-block-paragraph\">-La Pr\u00e9sentation du livre \u00ab Calvino en Tunisie \u00bb (28 avril) : r\u00e9sultat d\u2019une s\u00e9rie d\u2019initiatives organis\u00e9es en 2023 pour le centenaire de la naissance d\u2019Italo Calvino. Des \u00e9crivains tunisiens (Chokri Mabkhout, Azza Filali) ont \u00e9t\u00e9 invit\u00e9s \u00e0 r\u00e9fl\u00e9chir sur son \u0153uvre. Le livre est d\u00e9di\u00e9 \u00e0 la m\u00e9moire de l\u2019\u00e9crivain tunisien Ali Becher.<\/p>\n\n\n\n<p class=\"wp-block-paragraph\">-Un Spectacle de marionnettes pour enfants (3 mai) : une compagnie de Milan pr\u00e9sentera \u00ab Farce Meneghine \u00bb, un spectacle mettant en sc\u00e8ne un personnage typique de Milan.<\/p>\n\n\n\n<p class=\"wp-block-paragraph\">Fabio Rugirello &nbsp;a annonc\u00e9 qu\u2019un \u00e9v\u00e9nement autour de Mario Scalesi sera organis\u00e9 en mois d\u2019octobre lors de la semaine de la langue italienne.<\/p>\n\n\n\n<p class=\"wp-block-paragraph\"><strong>La participation de la Romanie<\/strong><\/p>\n\n\n\n<p class=\"wp-block-paragraph\">Son Excellence Monsieur Valentin Ciprian Muntean, Ambassadeur de Roumanie en Tunisie, a soulign\u00e9 que c&rsquo;est la premi\u00e8re fois que son pays participe \u00e0 cette foire, ce qui constitue un honneur. Le comit\u00e9 organisateur de l&rsquo;\u00e9v\u00e9nement a convi\u00e9 M. Liviu Jicman, pr\u00e9sident de l&rsquo;institut culturel national (EUNIC), qui sera en visite en Tunisie du 24 au 28 avril et interviendra lors du colloque du 27 avril intitul\u00e9 \u00ab La production des contenus culturels et la transition num\u00e9rique \u00bb.<\/p>\n\n\n\n<p class=\"wp-block-paragraph\">Il a \u00e9galement pr\u00e9cis\u00e9 que l&rsquo;ambassade de Roumanie, en collaboration avec la d\u00e9l\u00e9gation g\u00e9n\u00e9rale Wallonie-Bruxelles, a pris l&rsquo;initiative d&rsquo;organiser un d\u00e9jeuner de travail. Ce d\u00e9jeuner r\u00e9unira des centres culturels europ\u00e9ens \u00e0 Tunis ainsi que le nouveau pr\u00e9sident \u00e9lu du groupe des Ambassadeurs francophones, Son Excellence Monsieur Musengo, ambassadeur de la R\u00e9publique D\u00e9mocratique du Congo. Cet \u00e9v\u00e9nement sera une occasion propice pour renforcer et dynamiser les efforts visant \u00e0 mettre en avant le r\u00f4le crucial de l&rsquo;interaction et de la cr\u00e9ativit\u00e9 culturelles.<\/p>\n\n\n\n<p class=\"wp-block-paragraph\">Le 26 avril, une soir\u00e9e sera organis\u00e9e par l&rsquo;ambassade de Roumanie en Tunisie en partenariat avec l&rsquo;IFT de Tunis. Cette soir\u00e9e comprendra la projection d&rsquo;un film documentaire consacr\u00e9 \u00e0 l&rsquo;histoire, \u00e0 l&rsquo;art et \u00e0 la culture roumaine, intitul\u00e9 \u00ab La couronne de Roumanie \u00bb (qui retrace l&rsquo;histoire de la Roumanie entre le 14e et le 20e si\u00e8cle), suivie d&rsquo;un cocktail d\u00eenatoire \u00e0 l&rsquo;IFT.<\/p>\n\n\n\n<p class=\"wp-block-paragraph\">Le stand de la Roumanie \u00e0 la foire internationale du livre pr\u00e9sentera des \u0153uvres d&rsquo;\u00e9crivains roumains, traduites en fran\u00e7ais et en arabe. On notera \u00e9galement la pr\u00e9sence de Mme Magda C\u0103rneci, \u00e9crivaine, critique et historienne de l&rsquo;art, qui joue un r\u00f4le significatif dans la promotion de la francophonie en Roumanie.<\/p>\n\n\n\n<p class=\"wp-block-paragraph\">Le Lectorat de langue roumaine, situ\u00e9 \u00e0 l&rsquo;institut Bourguiba des langues vivantes, sera \u00e9galement pr\u00e9sent au stand de la Roumanie et fournira aux int\u00e9ress\u00e9s toutes les informations n\u00e9cessaires concernant l&rsquo;apprentissage de la langue roumaine \u00e0 Tunis. Enfin, le 3 mai, une exposition de blouses roumaines sera organis\u00e9e avec l&rsquo;artiste plasticienne Mme Maria Zaibi de Tozeur.<\/p>\n","protected":false},"excerpt":{"rendered":"<p>La D\u00e9l\u00e9gation g\u00e9n\u00e9rale Wallonie-Bruxelles en Tunisie&nbsp; qui assure la pr\u00e9sidence de EUNIC Tunisie&nbsp; depuis mars 2024, a tenu, ce mercredi 16 avril 2025, une conf\u00e9rence de presse organis\u00e9e, \u00e0 l&rsquo;occasion de la 39\u00e8me \u00e9dition de la Foire du Livre de Tunis qui se tiendra du 25 avril au 04 mai. Ont pris part \u00e0 cette [&hellip;]<\/p>\n","protected":false},"author":3,"featured_media":63794,"comment_status":"open","ping_status":"closed","sticky":false,"template":"","format":"standard","meta":{"content-type":"","jnews-multi-image_gallery":[],"jnews_single_post":{"format":"standard"},"jnews_primary_category":[],"jnews_override_bookmark_settings":[],"jnews_review":[],"enable_review":"","type":"","name":"","summary":"","brand":"","sku":"","good":[],"bad":[],"score_override":"","override_value":"","rating":[],"price":[],"jnews_post_split":[],"footnotes":""},"categories":[17],"tags":[9199,14092,15108],"class_list":["post-63793","post","type-post","status-publish","format-standard","has-post-thumbnail","hentry","category-entertainment","tag-delegation-generale-wallonie-bruxelles","tag-foire-du-livre-de-tunis","tag-reseau-eunic"],"_links":{"self":[{"href":"https:\/\/www.africanchallenges.com\/index.php?rest_route=\/wp\/v2\/posts\/63793","targetHints":{"allow":["GET"]}}],"collection":[{"href":"https:\/\/www.africanchallenges.com\/index.php?rest_route=\/wp\/v2\/posts"}],"about":[{"href":"https:\/\/www.africanchallenges.com\/index.php?rest_route=\/wp\/v2\/types\/post"}],"author":[{"embeddable":true,"href":"https:\/\/www.africanchallenges.com\/index.php?rest_route=\/wp\/v2\/users\/3"}],"replies":[{"embeddable":true,"href":"https:\/\/www.africanchallenges.com\/index.php?rest_route=%2Fwp%2Fv2%2Fcomments&post=63793"}],"version-history":[{"count":4,"href":"https:\/\/www.africanchallenges.com\/index.php?rest_route=\/wp\/v2\/posts\/63793\/revisions"}],"predecessor-version":[{"id":63800,"href":"https:\/\/www.africanchallenges.com\/index.php?rest_route=\/wp\/v2\/posts\/63793\/revisions\/63800"}],"wp:featuredmedia":[{"embeddable":true,"href":"https:\/\/www.africanchallenges.com\/index.php?rest_route=\/wp\/v2\/media\/63794"}],"wp:attachment":[{"href":"https:\/\/www.africanchallenges.com\/index.php?rest_route=%2Fwp%2Fv2%2Fmedia&parent=63793"}],"wp:term":[{"taxonomy":"category","embeddable":true,"href":"https:\/\/www.africanchallenges.com\/index.php?rest_route=%2Fwp%2Fv2%2Fcategories&post=63793"},{"taxonomy":"post_tag","embeddable":true,"href":"https:\/\/www.africanchallenges.com\/index.php?rest_route=%2Fwp%2Fv2%2Ftags&post=63793"}],"curies":[{"name":"wp","href":"https:\/\/api.w.org\/{rel}","templated":true}]}}