{"id":63764,"date":"2025-04-15T16:06:19","date_gmt":"2025-04-15T15:06:19","guid":{"rendered":"https:\/\/www.africanchallenges.com\/?p=63764"},"modified":"2025-04-15T16:11:08","modified_gmt":"2025-04-15T15:11:08","slug":"tunisie-renforcement-de-partenariat-euro-mediterraneen-pour-une-industrie-textile-durable","status":"publish","type":"post","link":"https:\/\/www.africanchallenges.com\/?p=63764","title":{"rendered":"Tunisie\u00a0: Renforcement de partenariat euro-m\u00e9diterran\u00e9en pour une industrie textile durable"},"content":{"rendered":"\n<p class=\"wp-block-paragraph\">La ministre de l&rsquo;Industrie, des Mines et de l&rsquo;\u00e9nergie, Mme Fatma Thabit Chiboub, a donn\u00e9 le coup d\u2019envoie du \u00ab\u00a0sommet textile tuniso-europ\u00e9en\u00a0\u00bb , le mardi 15 avril 2025, &nbsp;\u00e0 Monastir, en pr\u00e9sence du gouverneur de la r\u00e9gion, M. Issa Moussa, de l&rsquo;ambassadeur de l&rsquo;Union Europ\u00e9enne en Tunisie, M. Giuseppe Perrone, de l&rsquo;ambassadeur d&rsquo;Italie en Tunisie, M. Alessandro Brunas, et de l&rsquo;ambassadeur du royaume des Pays-Bas en Tunisie, Mme Jos\u00e9phine Frantzen.<\/p>\n\n\n\n<p class=\"wp-block-paragraph\">Lors de cet \u00e9v\u00e9nement, \u00e9taient \u00e9galement pr\u00e9sents le pr\u00e9sident de f\u00e9d\u00e9ration &nbsp;Tunisienne du textile et de l&rsquo;habillement, M. Haytham Bouajila, le pr\u00e9sident de l&rsquo;Union Europ\u00e9enne des associations et de l&rsquo;Union des Textiles Nationaux \u00ab\u00a0EURATEX\u00a0\u00bb, M. Mario Jorge Machado, le directeur g\u00e9n\u00e9ral du p\u00f4le de d\u00e9veloppement de Monastir, M. Tarek Farjaoui, ainsi qu&rsquo;un certain nombre de hauts fonctionnaires du minist\u00e8re, des repr\u00e9sentants r\u00e9gionaux, et un large \u00e9ventail d&rsquo;industriels, d&rsquo;acteurs \u00e9conomiques et de responsables d&rsquo;institutions li\u00e9es au p\u00f4le technologique dans divers domaines.<\/p>\n\n\n\n<p class=\"wp-block-paragraph\">Dans son discours, la ministre a mis en avant l&rsquo;importance de cette rencontre, qui jouera un r\u00f4le crucial pour renforcer le partenariat euro-m\u00e9diterran\u00e9en dans l&rsquo;objectif de garantir une industrie textile durable, tout en restant au fait des derni\u00e8res avanc\u00e9es mondiales ax\u00e9es sur des pratiques respectueuses de l&rsquo;environnement.<\/p>\n\n\n\n<p class=\"wp-block-paragraph\">Ce secteur repr\u00e9sente 29 % des emplois dans l&rsquo;industrie, engendrant plus de 150 000 postes et comptant 1 400 entreprises industrielles, soit 31 % du total des entreprises industrielles. De plus, il participe \u00e0 hauteur de 16 % des exportations industrielles nationales, avec une valeur d&rsquo;exportations d&rsquo;environ 9000 millions de dinars d&rsquo;ici la fin de 2024, atteignant un taux de couverture de 127 %.<\/p>\n\n\n\n<p class=\"wp-block-paragraph\"><strong>La Tunisie se classe neuvi\u00e8me parmi les fournisseurs de v\u00eatements \u00e0 l&rsquo;UE<\/strong><\/p>\n\n\n\n<p class=\"wp-block-paragraph\">\u00c0 l&rsquo;occasion de cet \u00e9v\u00e9nement, un protocole d&rsquo;accord a \u00e9t\u00e9 sign\u00e9 entre la f\u00e9d\u00e9ration Tunisienne du textile et de l&rsquo;habillement et l&rsquo;Union Europ\u00e9enne des Associations et F\u00e9d\u00e9rations Nationales du Textile EURATEX, visant \u00e0 am\u00e9liorer l&rsquo;acc\u00e8s des produits textiles au march\u00e9 europ\u00e9en et \u00e0 renforcer leur int\u00e9gration dans les cha\u00eenes de valeur europ\u00e9ennes, en plus de stimuler les investissements dans des secteurs \u00e0 forte valeur ajout\u00e9e, tout en promouvant la formation et en se tenant inform\u00e9 des avanc\u00e9es technologiques.<\/p>\n\n\n\n<p class=\"wp-block-paragraph\">La ministre a \u00e9galement \u00e9voqu\u00e9 les composantes cl\u00e9s du programme GTEX\/MENATEX, r\u00e9alis\u00e9 par le Centre du Commerce International (ITC) et financ\u00e9 par le Secr\u00e9tariat Suisse \u00e0 l&rsquo;\u00c9conomie (SECO) ainsi que par l&rsquo;Agence Su\u00e9doise de Coop\u00e9ration Internationale au D\u00e9veloppement (Asdi), afin d&rsquo;appuyer le secteur du textile et de l&rsquo;habillement dans cinq pays, dont la Tunisie, pour am\u00e9liorer sa comp\u00e9titivit\u00e9 \u00e0 l&rsquo;exportation en mettant un accent particulier sur la transformation num\u00e9rique.<\/p>\n\n\n\n<p class=\"wp-block-paragraph\">La visite a aussi offert une occasion durant laquelle le ministre a examin\u00e9 une gamme de textiles circulaires pr\u00e9sent\u00e9s par le p\u00f4le, cr\u00e9\u00e9s par 18 \u00e9tablissements tunisiens pour inciter les autres institutions op\u00e9rationnelles \u00e0 adopter des pratiques durables dans le secteur textile. Cette collection sera pr\u00e9sent\u00e9e par la suite lors de plusieurs foires europ\u00e9ennes.<\/p>\n","protected":false},"excerpt":{"rendered":"<p>La ministre de l&rsquo;Industrie, des Mines et de l&rsquo;\u00e9nergie, Mme Fatma Thabit Chiboub, a donn\u00e9 le coup d\u2019envoie du \u00ab\u00a0sommet textile tuniso-europ\u00e9en\u00a0\u00bb , le mardi 15 avril 2025, &nbsp;\u00e0 Monastir, en pr\u00e9sence du gouverneur de la r\u00e9gion, M. Issa Moussa, de l&rsquo;ambassadeur de l&rsquo;Union Europ\u00e9enne en Tunisie, M. Giuseppe Perrone, de l&rsquo;ambassadeur d&rsquo;Italie en Tunisie, [&hellip;]<\/p>\n","protected":false},"author":4,"featured_media":63770,"comment_status":"open","ping_status":"closed","sticky":false,"template":"","format":"standard","meta":{"content-type":"","jnews-multi-image_gallery":[],"jnews_single_post":{"format":"standard"},"jnews_primary_category":[],"jnews_override_bookmark_settings":[],"jnews_review":[],"enable_review":"","type":"","name":"","summary":"","brand":"","sku":"","good":[],"bad":[],"score_override":"","override_value":"","rating":[],"price":[],"jnews_post_split":[],"footnotes":""},"categories":[43,73],"tags":[15096,15095,54],"class_list":["post-63764","post","type-post","status-publish","format-standard","has-post-thumbnail","hentry","category-eco-business","category-eco","tag-industrie-textile","tag-partenariat-euro-mediterraneen","tag-tunisie"],"_links":{"self":[{"href":"https:\/\/www.africanchallenges.com\/index.php?rest_route=\/wp\/v2\/posts\/63764","targetHints":{"allow":["GET"]}}],"collection":[{"href":"https:\/\/www.africanchallenges.com\/index.php?rest_route=\/wp\/v2\/posts"}],"about":[{"href":"https:\/\/www.africanchallenges.com\/index.php?rest_route=\/wp\/v2\/types\/post"}],"author":[{"embeddable":true,"href":"https:\/\/www.africanchallenges.com\/index.php?rest_route=\/wp\/v2\/users\/4"}],"replies":[{"embeddable":true,"href":"https:\/\/www.africanchallenges.com\/index.php?rest_route=%2Fwp%2Fv2%2Fcomments&post=63764"}],"version-history":[{"count":3,"href":"https:\/\/www.africanchallenges.com\/index.php?rest_route=\/wp\/v2\/posts\/63764\/revisions"}],"predecessor-version":[{"id":63769,"href":"https:\/\/www.africanchallenges.com\/index.php?rest_route=\/wp\/v2\/posts\/63764\/revisions\/63769"}],"wp:featuredmedia":[{"embeddable":true,"href":"https:\/\/www.africanchallenges.com\/index.php?rest_route=\/wp\/v2\/media\/63770"}],"wp:attachment":[{"href":"https:\/\/www.africanchallenges.com\/index.php?rest_route=%2Fwp%2Fv2%2Fmedia&parent=63764"}],"wp:term":[{"taxonomy":"category","embeddable":true,"href":"https:\/\/www.africanchallenges.com\/index.php?rest_route=%2Fwp%2Fv2%2Fcategories&post=63764"},{"taxonomy":"post_tag","embeddable":true,"href":"https:\/\/www.africanchallenges.com\/index.php?rest_route=%2Fwp%2Fv2%2Ftags&post=63764"}],"curies":[{"name":"wp","href":"https:\/\/api.w.org\/{rel}","templated":true}]}}