{"id":63711,"date":"2025-04-14T09:13:52","date_gmt":"2025-04-14T08:13:52","guid":{"rendered":"https:\/\/www.africanchallenges.com\/?p=63711"},"modified":"2025-04-14T09:14:32","modified_gmt":"2025-04-14T08:14:32","slug":"tunisie-journee-nationale-de-lenfance-2025-fierte-de-lidentite-nationale","status":"publish","type":"post","link":"https:\/\/www.africanchallenges.com\/?p=63711","title":{"rendered":"Tunisie : Journ\u00e9e nationale de l&rsquo;Enfance 2025: fiert\u00e9 de l&rsquo;identit\u00e9 nationale"},"content":{"rendered":"\n<p class=\"wp-block-paragraph\">Le samedi 12 avril 2025, Asma Jebri, Ministre de la Famille, de la Femme, de l&rsquo;Enfance et des personnes \u00e2g\u00e9es, a pr\u00e9sid\u00e9 une manifestation c\u00e9l\u00e9brant la Journ\u00e9e Nationale de l&rsquo;Enfance, plac\u00e9e sous le th\u00e8me \u00ab\u00a0Journ\u00e9e nationale de l&rsquo;Enfance 2025 : fiert\u00e9 de l&rsquo;identit\u00e9 nationale\u00a0\u00bb, en pr\u00e9sence de M. Imed Boukhris, gouverneur de Tunis.<\/p>\n\n\n\n<p class=\"wp-block-paragraph\">La c\u00e9r\u00e9monie a d\u00e9but\u00e9 par un salut au drapeau, accompagn\u00e9 de l&rsquo;hymne national interpr\u00e9t\u00e9 par une escouade de l&rsquo;Arm\u00e9e nationale. La ministre a ensuite pr\u00e9sent\u00e9 les \u00e9l\u00e9ments de l&rsquo;exposition, con\u00e7ue pour mettre en avant les diff\u00e9rentes p\u00e9riodes marquantes de l&rsquo;histoire tunisienne, illustrant la lutte pour l&rsquo;ind\u00e9pendance et la construction de l&rsquo;\u00c9tat national \u00e0 travers des maquettes et des \u0153uvres cr\u00e9atives r\u00e9alis\u00e9es par des institutions d\u00e9di\u00e9es \u00e0 l&rsquo;enfance, ainsi qu&rsquo;une exposition documentaire pr\u00e9par\u00e9e par le Minist\u00e8re de la D\u00e9fense nationale.<\/p>\n\n\n\n<p class=\"wp-block-paragraph\">La ministre a \u00e9galement explor\u00e9 les divers espaces de c\u00e9l\u00e9bration de la journ\u00e9e Nationale de l&rsquo;enfance, en collaboration avec plusieurs organismes publics relevant des minist\u00e8res de la Famille, de l&rsquo;Int\u00e9rieur, de la D\u00e9fense, de la Sant\u00e9, de l&rsquo;Environnement et de la Culture. Cet \u00e9v\u00e9nement a \u00e9t\u00e9 marqu\u00e9 par une ambiance m\u00ealant fiert\u00e9 nationale et soutien ind\u00e9fectible de la Tunisie et de son peuple envers la cause palestinienne, tout en exprimant la solidarit\u00e9 des enfants tunisiens avec ceux de Gaza.<\/p>\n\n\n\n<p class=\"wp-block-paragraph\">Mme Asma Jebri a ensuite assist\u00e9 \u00e0 un spectacle choral pr\u00e9sent\u00e9 par des enfants issus d&rsquo;institutions pour enfants, qui ont interpr\u00e9t\u00e9 un r\u00e9pertoire de chants patriotiques. Cela a \u00e9t\u00e9 suivi par la projection de courts m\u00e9trages sur l&rsquo;identit\u00e9 nationale, r\u00e9alis\u00e9s par l&rsquo;Association Culturelle tunisienne pour l&rsquo;int\u00e9gration et la formation, accompagn\u00e9s d&rsquo;une d\u00e9monstration de costumes traditionnels pour les enfants.<\/p>\n\n\n\n<p class=\"wp-block-paragraph\">La ministre a \u00e9galement examin\u00e9 les divers ateliers de revitalisation propos\u00e9s par plusieurs centres int\u00e9gr\u00e9s pour la jeunesse et l&rsquo;enfance, ainsi que par des clubs pour enfants, des clubs mobiles, des jardins d&rsquo;enfants et le Centre National des m\u00e9dias pour enfants. Ces activit\u00e9s comprenaient des animations de masse, des danses, des comp\u00e9titions et des jeux pour les enfants, des ateliers de robotique, de dessin, de cr\u00e9ation de maquettes en argile de sites arch\u00e9ologiques tunisiens, de fabrication de poup\u00e9es et de contes de f\u00e9es, ainsi qu&rsquo;un atelier de d\u00e9coration du visage des enfants avec le drapeau tunisien et un atelier de ballons, attirant un grand nombre d&rsquo;enfants et de familles.<\/p>\n\n\n\n<p class=\"wp-block-paragraph\">Lors de cet \u00e9v\u00e9nement, la Maison de la Culture Ibn Rashiq a \u00e9galement organis\u00e9 des ateliers de calligraphie arabe, de mosa\u00efque et de marionnettes, ainsi qu&rsquo;un atelier de sensibilisation \u00e0 la nutrition et \u00e0 la sant\u00e9 des enfants, en collaboration avec le D\u00e9partement de M\u00e9decine scolaire. Un atelier environnemental a \u00e9t\u00e9 mis en place par l&rsquo; Agence de protection et d&rsquo;am\u00e9nagement du littoral APAL, et un autre sur la s\u00e9curit\u00e9 routi\u00e8re a \u00e9t\u00e9 anim\u00e9 par l&rsquo;Observatoire National de la S\u00e9curit\u00e9 Routi\u00e8re. De plus, un espace sp\u00e9cial a \u00e9t\u00e9 d\u00e9di\u00e9 au Bureau National de la Protection Civile, ax\u00e9 sur les premiers secours, ainsi qu&rsquo;une pr\u00e9sentation holographique sur la \u00ab\u00a0Maison des risques\u00a0\u00bb.<\/p>\n\n\n\n<p class=\"wp-block-paragraph\">L&rsquo;\u00e9v\u00e9nement a \u00e9galement b\u00e9n\u00e9fici\u00e9 de la participation du Centre International de Tunis pour l&rsquo;\u00e9conomie culturelle num\u00e9rique, qui a pr\u00e9sent\u00e9 ses projets et services, incluant des applications innovantes, des programmes \u00e9ducatifs num\u00e9riques pour les \u00e9l\u00e8ves du primaire, des jeux pour enfants, un atelier sur les services et programmes de l&rsquo;Association Tunisienne des villages \u00ab\u00a0s et S\u00a0\u00bb, ainsi qu&rsquo;un atelier de fabrication de cerfs-volants organis\u00e9 par l&rsquo;Association Internationale des cerfs-volants et pneus d&rsquo;enfance \u00e0 Manouba. Des ateliers de remise \u00e0 niveau ont \u00e9galement \u00e9t\u00e9 propos\u00e9s par le Bureau R\u00e9gional des stations baln\u00e9aires et des circuits \u00e0 Ben Arous.<\/p>\n","protected":false},"excerpt":{"rendered":"<p>Le samedi 12 avril 2025, Asma Jebri, Ministre de la Famille, de la Femme, de l&rsquo;Enfance et des personnes \u00e2g\u00e9es, a pr\u00e9sid\u00e9 une manifestation c\u00e9l\u00e9brant la Journ\u00e9e Nationale de l&rsquo;Enfance, plac\u00e9e sous le th\u00e8me \u00ab\u00a0Journ\u00e9e nationale de l&rsquo;Enfance 2025 : fiert\u00e9 de l&rsquo;identit\u00e9 nationale\u00a0\u00bb, en pr\u00e9sence de M. Imed Boukhris, gouverneur de Tunis. La c\u00e9r\u00e9monie [&hellip;]<\/p>\n","protected":false},"author":4,"featured_media":63712,"comment_status":"open","ping_status":"closed","sticky":false,"template":"","format":"standard","meta":{"content-type":"","jnews-multi-image_gallery":[],"jnews_single_post":{"format":"standard"},"jnews_primary_category":[],"jnews_override_bookmark_settings":[],"jnews_review":[],"enable_review":"","type":"","name":"","summary":"","brand":"","sku":"","good":[],"bad":[],"score_override":"","override_value":"","rating":[],"price":[],"jnews_post_split":[],"footnotes":""},"categories":[2],"tags":[12902,15086,15085,54],"class_list":["post-63711","post","type-post","status-publish","format-standard","has-post-thumbnail","hentry","category-news-politique","tag-asma-jebri","tag-identite-nationale","tag-journee-nationale-de-lenfance","tag-tunisie"],"_links":{"self":[{"href":"https:\/\/www.africanchallenges.com\/index.php?rest_route=\/wp\/v2\/posts\/63711","targetHints":{"allow":["GET"]}}],"collection":[{"href":"https:\/\/www.africanchallenges.com\/index.php?rest_route=\/wp\/v2\/posts"}],"about":[{"href":"https:\/\/www.africanchallenges.com\/index.php?rest_route=\/wp\/v2\/types\/post"}],"author":[{"embeddable":true,"href":"https:\/\/www.africanchallenges.com\/index.php?rest_route=\/wp\/v2\/users\/4"}],"replies":[{"embeddable":true,"href":"https:\/\/www.africanchallenges.com\/index.php?rest_route=%2Fwp%2Fv2%2Fcomments&post=63711"}],"version-history":[{"count":2,"href":"https:\/\/www.africanchallenges.com\/index.php?rest_route=\/wp\/v2\/posts\/63711\/revisions"}],"predecessor-version":[{"id":63715,"href":"https:\/\/www.africanchallenges.com\/index.php?rest_route=\/wp\/v2\/posts\/63711\/revisions\/63715"}],"wp:featuredmedia":[{"embeddable":true,"href":"https:\/\/www.africanchallenges.com\/index.php?rest_route=\/wp\/v2\/media\/63712"}],"wp:attachment":[{"href":"https:\/\/www.africanchallenges.com\/index.php?rest_route=%2Fwp%2Fv2%2Fmedia&parent=63711"}],"wp:term":[{"taxonomy":"category","embeddable":true,"href":"https:\/\/www.africanchallenges.com\/index.php?rest_route=%2Fwp%2Fv2%2Fcategories&post=63711"},{"taxonomy":"post_tag","embeddable":true,"href":"https:\/\/www.africanchallenges.com\/index.php?rest_route=%2Fwp%2Fv2%2Ftags&post=63711"}],"curies":[{"name":"wp","href":"https:\/\/api.w.org\/{rel}","templated":true}]}}