{"id":63708,"date":"2025-04-14T08:30:00","date_gmt":"2025-04-14T07:30:00","guid":{"rendered":"https:\/\/www.africanchallenges.com\/?p=63708"},"modified":"2025-04-14T08:52:48","modified_gmt":"2025-04-14T07:52:48","slug":"tunisie-le-president-de-letat-preconise-une-reforme-du-regime-dindemnisation-des-licenciements-economiques","status":"publish","type":"post","link":"https:\/\/www.africanchallenges.com\/?p=63708","title":{"rendered":"Tunisie : Le pr\u00e9sident de l&rsquo;\u00c9tat pr\u00e9conise une r\u00e9forme du \u00a0r\u00e9gime d\u2019indemnisation des licenciements \u00e9conomiques"},"content":{"rendered":"\n<p class=\"wp-block-paragraph\">Le pr\u00e9sident de la R\u00e9publique, Ka\u00efs Sa\u00efed, a re\u00e7u le 11 avril 2025, au Palais de Carthage, le ministre des Affaires sociales, Issam Lahmar, afin d&rsquo;\u00e9voquer le projet de loi relatif \u00e0 la d\u00e9finition de l&rsquo;indemnit\u00e9 accord\u00e9e lors de licenciements pour motifs \u00e9conomiques.<\/p>\n\n\n\n<p class=\"wp-block-paragraph\">Lors de cette rencontre, selon un communiqu\u00e9 pr\u00e9sidentiel diffus\u00e9 \u00e0 00h53, le chef de l&rsquo;\u00c9tat a mis en avant l&rsquo;importance de contextualiser ce projet dans une approche plus large, rompre avec les l\u00e9gislations ant\u00e9rieures et les projets d&rsquo;amendement pass\u00e9s. Il a insist\u00e9 sur l&rsquo;imp\u00e9ratif de prot\u00e9ger les droits des employ\u00e9s, qu&rsquo;ils soient licenci\u00e9s pour des raisons \u00e9conomiques, techniques ou, comme observ\u00e9 dans plusieurs l\u00e9gislations \u00e9trang\u00e8res, en raison de transformations technologiques.<\/p>\n\n\n\n<p class=\"wp-block-paragraph\">Ka\u00efs Sa\u00efed a r\u00e9affirm\u00e9 l&rsquo;engagement de l&rsquo;\u00c9tat envers sa politique sociale, en soulignant que la stabilit\u00e9 sociale est la pierre angulaire d&rsquo;un d\u00e9veloppement juste et \u00e9quitable.<\/p>\n","protected":false},"excerpt":{"rendered":"<p>Le pr\u00e9sident de la R\u00e9publique, Ka\u00efs Sa\u00efed, a re\u00e7u le 11 avril 2025, au Palais de Carthage, le ministre des Affaires sociales, Issam Lahmar, afin d&rsquo;\u00e9voquer le projet de loi relatif \u00e0 la d\u00e9finition de l&rsquo;indemnit\u00e9 accord\u00e9e lors de licenciements pour motifs \u00e9conomiques. Lors de cette rencontre, selon un communiqu\u00e9 pr\u00e9sidentiel diffus\u00e9 \u00e0 00h53, le [&hellip;]<\/p>\n","protected":false},"author":4,"featured_media":63709,"comment_status":"open","ping_status":"closed","sticky":false,"template":"","format":"standard","meta":{"content-type":"","jnews-multi-image_gallery":[],"jnews_single_post":{"format":"standard"},"jnews_primary_category":[],"jnews_override_bookmark_settings":[],"jnews_review":[],"enable_review":"","type":"","name":"","summary":"","brand":"","sku":"","good":[],"bad":[],"score_override":"","override_value":"","rating":[],"price":[],"jnews_post_split":[],"footnotes":""},"categories":[2],"tags":[2506,3712,15084,4544,11213,54],"class_list":["post-63708","post","type-post","status-publish","format-standard","has-post-thumbnail","hentry","category-news-politique","tag-indemnisation","tag-kais-saied-2","tag-licenciements-economiques","tag-reforme","tag-regime","tag-tunisie"],"_links":{"self":[{"href":"https:\/\/www.africanchallenges.com\/index.php?rest_route=\/wp\/v2\/posts\/63708","targetHints":{"allow":["GET"]}}],"collection":[{"href":"https:\/\/www.africanchallenges.com\/index.php?rest_route=\/wp\/v2\/posts"}],"about":[{"href":"https:\/\/www.africanchallenges.com\/index.php?rest_route=\/wp\/v2\/types\/post"}],"author":[{"embeddable":true,"href":"https:\/\/www.africanchallenges.com\/index.php?rest_route=\/wp\/v2\/users\/4"}],"replies":[{"embeddable":true,"href":"https:\/\/www.africanchallenges.com\/index.php?rest_route=%2Fwp%2Fv2%2Fcomments&post=63708"}],"version-history":[{"count":1,"href":"https:\/\/www.africanchallenges.com\/index.php?rest_route=\/wp\/v2\/posts\/63708\/revisions"}],"predecessor-version":[{"id":63710,"href":"https:\/\/www.africanchallenges.com\/index.php?rest_route=\/wp\/v2\/posts\/63708\/revisions\/63710"}],"wp:featuredmedia":[{"embeddable":true,"href":"https:\/\/www.africanchallenges.com\/index.php?rest_route=\/wp\/v2\/media\/63709"}],"wp:attachment":[{"href":"https:\/\/www.africanchallenges.com\/index.php?rest_route=%2Fwp%2Fv2%2Fmedia&parent=63708"}],"wp:term":[{"taxonomy":"category","embeddable":true,"href":"https:\/\/www.africanchallenges.com\/index.php?rest_route=%2Fwp%2Fv2%2Fcategories&post=63708"},{"taxonomy":"post_tag","embeddable":true,"href":"https:\/\/www.africanchallenges.com\/index.php?rest_route=%2Fwp%2Fv2%2Ftags&post=63708"}],"curies":[{"name":"wp","href":"https:\/\/api.w.org\/{rel}","templated":true}]}}