{"id":63685,"date":"2025-04-14T00:28:46","date_gmt":"2025-04-13T23:28:46","guid":{"rendered":"https:\/\/www.africanchallenges.com\/?p=63685"},"modified":"2025-04-14T01:05:33","modified_gmt":"2025-04-14T00:05:33","slug":"tunisie-film-startup-de-haifel-ben-youssef-explore-lamour-sous-le-charme-de-lile-de-djerba","status":"publish","type":"post","link":"https:\/\/www.africanchallenges.com\/?p=63685","title":{"rendered":"Tunisie : Film Startup, de Haifel Ben Youssef explore \u00ab\u00a0l&rsquo;Amour sous le charme de l&rsquo;\u00eele de Djerba\u00a0\u00bb"},"content":{"rendered":"\n<p class=\"wp-block-paragraph\">Le film Startup, une com\u00e9die romantique tunisienne r\u00e9alis\u00e9e par Haifel Ben Youssef et diffus\u00e9e par Goubantini Cin\u00e9ma, nous immerge dans l&rsquo;ambiance enchanteresse de l&rsquo;\u00eele de Djerba.<\/p>\n\n\n\n<p class=\"wp-block-paragraph\">Pr\u00e9vu pour une sortie en salles tunisiennes le 16 avril, ce long-m\u00e9trage rassemble des personnalit\u00e9s embl\u00e9matiques du cin\u00e9ma : Nidhal Saadi, Fatma Bououn, Imen Cherif, Manal Abdelkawi, Mourad Ben Nafla, Mahrez Hassani, Chadhli Al Arfaoui et Jihad Charni.<\/p>\n\n\n\n<p class=\"wp-block-paragraph\">Lors de la soir\u00e9e de samedi 13 avril 2025, les m\u00e9dias tunisiens ont eu\u00a0l&rsquo;opportunit\u00e9\u00a0d&rsquo;assister\u00a0\u00e0 l&rsquo;avant-\u00a0premi\u00e8re\u00a0du film\u00a0au\u00a0Colis\u00e9e de Tunis, en pr\u00e9sence du r\u00e9alisateur et de l&rsquo;\u00e9quipe du film.<\/p>\n\n\n\n<p class=\"wp-block-paragraph\"><strong>Symposuim :<\/strong><\/p>\n\n\n\n<p class=\"wp-block-paragraph\">Zina est une jeune femme de 30 ans, pleine d&rsquo;ambition, r\u00e9solue \u00e0 faire prosp\u00e9rer son projet entrepreneurial.<\/p>\n\n\n\n<p class=\"wp-block-paragraph\">Zakaria, un homme d&rsquo;affaires de 32 ans, arrive pour la premi\u00e8re fois \u00e0 Djerba, assailli par son pass\u00e9. Entre le d\u00e9sir ardent de Zina et le pragmatisme de Zakaria, une romance remplie de moments \u00e9mouvants et humoristiques \u00e9merge, le tout sous le charme singulier de l&rsquo;\u00eele et de ses traditions.<\/p>\n\n\n\n<figure class=\"wp-block-gallery has-nested-images columns-default is-cropped wp-block-gallery-1 is-layout-flex wp-block-gallery-is-layout-flex\">\n<figure class=\"wp-block-image size-large\"><img fetchpriority=\"high\" decoding=\"async\" width=\"615\" height=\"820\" data-id=\"63697\" src=\"https:\/\/www.africanchallenges.com\/wp-content\/uploads\/2025\/04\/startup7.jpg\" alt=\"\" class=\"wp-image-63697\" srcset=\"https:\/\/www.africanchallenges.com\/wp-content\/uploads\/2025\/04\/startup7.jpg 615w, https:\/\/www.africanchallenges.com\/wp-content\/uploads\/2025\/04\/startup7-225x300.jpg 225w\" sizes=\"(max-width: 615px) 100vw, 615px\" \/><\/figure>\n\n\n\n<figure class=\"wp-block-image size-large\"><img decoding=\"async\" width=\"615\" height=\"820\" data-id=\"63698\" src=\"https:\/\/www.africanchallenges.com\/wp-content\/uploads\/2025\/04\/startup8.jpg\" alt=\"\" class=\"wp-image-63698\" srcset=\"https:\/\/www.africanchallenges.com\/wp-content\/uploads\/2025\/04\/startup8.jpg 615w, https:\/\/www.africanchallenges.com\/wp-content\/uploads\/2025\/04\/startup8-225x300.jpg 225w\" sizes=\"(max-width: 615px) 100vw, 615px\" \/><\/figure>\n\n\n\n<figure class=\"wp-block-image size-large\"><img decoding=\"async\" width=\"615\" height=\"277\" data-id=\"63699\" src=\"https:\/\/www.africanchallenges.com\/wp-content\/uploads\/2025\/04\/startup9.jpg\" alt=\"\" class=\"wp-image-63699\" srcset=\"https:\/\/www.africanchallenges.com\/wp-content\/uploads\/2025\/04\/startup9.jpg 615w, https:\/\/www.africanchallenges.com\/wp-content\/uploads\/2025\/04\/startup9-300x135.jpg 300w\" sizes=\"(max-width: 615px) 100vw, 615px\" \/><\/figure>\n\n\n\n<figure class=\"wp-block-image size-large\"><img loading=\"lazy\" decoding=\"async\" width=\"615\" height=\"277\" data-id=\"63701\" src=\"https:\/\/www.africanchallenges.com\/wp-content\/uploads\/2025\/04\/startup11.jpg\" alt=\"\" class=\"wp-image-63701\" srcset=\"https:\/\/www.africanchallenges.com\/wp-content\/uploads\/2025\/04\/startup11.jpg 615w, https:\/\/www.africanchallenges.com\/wp-content\/uploads\/2025\/04\/startup11-300x135.jpg 300w\" sizes=\"(max-width: 615px) 100vw, 615px\" \/><\/figure>\n<\/figure>\n\n\n\n<p class=\"wp-block-paragraph\"><\/p>\n\n\n\n<p class=\"wp-block-paragraph\"><strong>Qui est Heifel Ben Youssef ?<\/strong><\/p>\n\n\n\n<p class=\"wp-block-paragraph\">Heifel Ben Youssef est un jeune cr\u00e9ateur tunisien, n\u00e9 \u00e0 Tunis le 23 avril 1987. \u00c9pris d&rsquo;art et de cin\u00e9ma depuis son jeune \u00e2ge, il a d&rsquo;abord \u00e9tudi\u00e9 \u00e0 l&rsquo;\u00c9cole sup\u00e9rieure des sciences et technologies du Design (Universit\u00e9 de la Manouba-ESSTED). Par la suite, il s&rsquo;est sp\u00e9cialis\u00e9 dans l&rsquo;\u00e9criture et la r\u00e9alisation \u00e0 l&rsquo;\u00c9cole Sup\u00e9rieure de l&rsquo;Audiovisuel et du Cin\u00e9ma ESAC (Gammarth-Tunisie).<\/p>\n\n\n\n<p class=\"wp-block-paragraph\"><strong>Heifel Ben Youssef le Cin\u00e9aste <\/strong><\/p>\n\n\n\n<p class=\"wp-block-paragraph\">\u2022 Sa premi\u00e8re exp\u00e9rience dans le cin\u00e9ma amateur fut son film Gahaf, un docu-fiction qui participa \u00e0 la comp\u00e9tition officielle du Festival FIFAK de Tunis ainsi qu\u2019au Festival du Film Documentaire de Tunis. Ce film a \u00e9t\u00e9 censur\u00e9 par le r\u00e9gime en place.<\/p>\n\n\n\n<p class=\"wp-block-paragraph\">\u2022 En 2015 : Il a \u00e9crit le court m\u00e9trage Ala Ajla qui a \u00e9t\u00e9 s\u00e9lectionn\u00e9 par la suite pour Les Nuits du court-m\u00e9trage tunisien.<\/p>\n\n\n\n<p class=\"wp-block-paragraph\">\u2022 En 2017 : Heifel Ben Youssef a produit et r\u00e9alis\u00e9 le long-m\u00e9trage Weldek Rajel, un projet qu\u2019il a m\u00fbri pendant cinq ans, offrant un regard humain sur l\u2019immigration ill\u00e9gale.<\/p>\n\n\n\n<p class=\"wp-block-paragraph\">Weldek Rajel est le premier long-m\u00e9trage de l\u2019agence, un docu-fiction qui a remport\u00e9 le prix FIFOG d\u2019argent lors de la 12\u00e8me \u00e9dition du Festival International \u00e0 Gen\u00e8ve, a \u00e9t\u00e9 pr\u00e9sent\u00e9 au Short Corner du Festival de Cannes, au Festival de Luxor, au Festival du film de T\u00e9touane au Maroc, aux TNT Documentary Days en Turquie et aux Journ\u00e9es Cin\u00e9matographiques de Carthage o\u00f9 il a suscit\u00e9 un tel engouement que des projections suppl\u00e9mentaires ont \u00e9t\u00e9 programm\u00e9es, ainsi que d&rsquo;autres projections dans les r\u00e9gions et m\u00eame dans les \u00e9tablissements p\u00e9nitentiaires.<\/p>\n\n\n\n<p class=\"wp-block-paragraph\">Ce film a constitu\u00e9 un d\u00e9fi car il a \u00e9t\u00e9 r\u00e9alis\u00e9 par une jeune soci\u00e9t\u00e9 avec des moyens limit\u00e9s, un tournage qui s\u2019est \u00e9chelonn\u00e9 sur cinq ans, m\u00ealant technique, patience et sinc\u00e9rit\u00e9 artistique qui a su toucher les spectateurs.<\/p>\n\n\n\n<p class=\"wp-block-paragraph\">\u2022 L\u2019\u00e9quipe d&rsquo;Iris Prod a commenc\u00e9 la production du documentaire Kif Me Yarjaa El Farfatou (Butterfly) en 2020.Ce film aborde le th\u00e8me de l&rsquo;\u00e9migration et pose la question d&rsquo;un \u00e9ventuel retour au pays.<\/p>\n\n\n\n<p class=\"wp-block-paragraph\">\u2022 En 2020, le court-m\u00e9trage El Hess (It\u2019s all about) a re\u00e7u un soutien \u00e0 la production du minist\u00e8re des affaires culturelles et se trouve actuellement en phase de post-production. Ce projet est le fruit d&rsquo;une co-production entre Iris Production et le Centre National du Cin\u00e9ma et de l\u2019Image CNCI.<\/p>\n\n\n\n<p class=\"wp-block-paragraph\">\u2022 Un nouveau long-m\u00e9trage de fiction, intitul\u00e9 \u00abTchikito\u00bb, est en cours de conception, et il marquera le premier film tunisien de fiction destin\u00e9 \u00e0 un public sp\u00e9cifique.<\/p>\n\n\n\n<p class=\"wp-block-paragraph\">\u2022 Le court-m\u00e9trage Manda a \u00e9t\u00e9 retenu par le comit\u00e9 des JCC pour son \u00e9dition REMAKE COUP DE C\u0152UR JCC 1966-2019 et sera diffus\u00e9 lors de la c\u00e9r\u00e9monie d\u2019ouverture des JOURN\u00c9ES CIN\u00c9MATOGRAPHIQUES de CARTHAGE 2020.<\/p>\n\n\n\n<p class=\"wp-block-paragraph\">\u2022En mars 2024, le nouveau feuilleton tunisien Beb Rezk \u0628\u0627\u0628 \u0627\u0644\u0631\u0632\u0642 \u00a0du r\u00e9alisateur Heifel Ben Youssef qui est son premier feuilleton a \u00e9t\u00e9 diffus\u00e9 sur la chaine el wataneya durant le mois de ramadan.<\/p>\n\n\n\n<p class=\"wp-block-paragraph\">\u2022En avril 2025, son nouveau film intitul\u00e9 \u00ab\u00a0Startup\u00a0\u00bb sera projet\u00e9 dans les salles \u00e0 partir du 16 avril.<\/p>\n\n\n\n<figure class=\"wp-block-gallery has-nested-images columns-default is-cropped wp-block-gallery-2 is-layout-flex wp-block-gallery-is-layout-flex\">\n<figure class=\"wp-block-image size-large\"><img loading=\"lazy\" decoding=\"async\" width=\"615\" height=\"335\" data-id=\"63689\" src=\"https:\/\/www.africanchallenges.com\/wp-content\/uploads\/2025\/04\/startup-1.jpg\" alt=\"\" class=\"wp-image-63689\" srcset=\"https:\/\/www.africanchallenges.com\/wp-content\/uploads\/2025\/04\/startup-1.jpg 615w, https:\/\/www.africanchallenges.com\/wp-content\/uploads\/2025\/04\/startup-1-300x163.jpg 300w\" sizes=\"(max-width: 615px) 100vw, 615px\" \/><\/figure>\n\n\n\n<figure class=\"wp-block-image size-large\"><img loading=\"lazy\" decoding=\"async\" width=\"615\" height=\"277\" data-id=\"63690\" src=\"https:\/\/www.africanchallenges.com\/wp-content\/uploads\/2025\/04\/startup2.jpg\" alt=\"\" class=\"wp-image-63690\" srcset=\"https:\/\/www.africanchallenges.com\/wp-content\/uploads\/2025\/04\/startup2.jpg 615w, https:\/\/www.africanchallenges.com\/wp-content\/uploads\/2025\/04\/startup2-300x135.jpg 300w\" sizes=\"(max-width: 615px) 100vw, 615px\" \/><\/figure>\n\n\n\n<figure class=\"wp-block-image size-large\"><img loading=\"lazy\" decoding=\"async\" width=\"615\" height=\"277\" data-id=\"63691\" src=\"https:\/\/www.africanchallenges.com\/wp-content\/uploads\/2025\/04\/startup3.jpg\" alt=\"\" class=\"wp-image-63691\" srcset=\"https:\/\/www.africanchallenges.com\/wp-content\/uploads\/2025\/04\/startup3.jpg 615w, https:\/\/www.africanchallenges.com\/wp-content\/uploads\/2025\/04\/startup3-300x135.jpg 300w\" sizes=\"(max-width: 615px) 100vw, 615px\" \/><\/figure>\n<\/figure>\n\n\n\n<p class=\"wp-block-paragraph\"><\/p>\n\n\n\n<p class=\"wp-block-paragraph\"><strong>Distinctions et R\u00e9compenses<\/strong><\/p>\n\n\n\n<p class=\"wp-block-paragraph\">Heifel Ben Youssef a \u00e9t\u00e9 nomm\u00e9 \u00e0 la commission de lecture de la T\u00e9l\u00e9vision.<\/p>\n\n\n\n<p class=\"wp-block-paragraph\">Le r\u00e9alisateur s\u2019investit activement dans l\u2019association d\u00e9di\u00e9e \u00e0 la protection des droits d\u2019auteur.<\/p>\n\n\n\n<p class=\"wp-block-paragraph\">En 2020, il a \u00e9t\u00e9 engag\u00e9 par la F\u00e9d\u00e9ration Tunisienne du Cin\u00e9ma Amateur pour prendre le r\u00f4le d\u2019encadrant au Festival International du Film Amateur de Kelibia.<\/p>\n\n\n\n<p class=\"wp-block-paragraph\">La s\u00e9rie Hjar Land, un dessin anim\u00e9 en 3D qu&rsquo;il a con\u00e7u et \u00e9crit, a re\u00e7u le troisi\u00e8me prix des meilleures cr\u00e9ations pour enfants au Festival de la T\u00e9l\u00e9vision Arabe.<\/p>\n\n\n\n<p class=\"wp-block-paragraph\">Weldek Rajel a \u00e9t\u00e9 d\u00e9cor\u00e9 du prix FIFOG d\u2019argent lors de la 12\u00e8me \u00e9dition du Festival International \u00e0 Gen\u00e8ve.<\/p>\n\n\n\n<p class=\"wp-block-paragraph\">Heifel Ben Youssef : Initiateur du Festival du Film Maghr\u00e9bin de Montr\u00e9al<\/p>\n\n\n\n<p class=\"wp-block-paragraph\">En 2017, Heifel Ben Youssef a \u00e9tabli et co-organis\u00e9 le \u00ab Festival du Film Maghr\u00e9bin de Montr\u00e9al \u00bb pour promouvoir le cin\u00e9ma maghr\u00e9bin. Convaincu que les \u00e9v\u00e9nements culturels jouent un r\u00f4le cl\u00e9 dans l&rsquo;\u00e9mergence d&rsquo;une nouvelle g\u00e9n\u00e9ration de cin\u00e9astes et de films, il a su relever ce d\u00e9fi.<\/p>\n\n\n\n<figure class=\"wp-block-embed is-type-video is-provider-youtube wp-block-embed-youtube wp-embed-aspect-16-9 wp-has-aspect-ratio\"><div class=\"wp-block-embed__wrapper\">\n<div class=\"jeg_video_container jeg_video_content\"><iframe title=\"Haifel Ben Youssef\" width=\"500\" height=\"281\" src=\"https:\/\/www.youtube.com\/embed\/iiYOI0fTsNQ?feature=oembed\" frameborder=\"0\" allow=\"accelerometer; autoplay; clipboard-write; encrypted-media; gyroscope; picture-in-picture; web-share\" referrerpolicy=\"strict-origin-when-cross-origin\" allowfullscreen><\/iframe><\/div>\n<\/div><\/figure>\n\n\n\n<p class=\"wp-block-paragraph\">\u00a0<\/p>\n\n\n\n<p class=\"wp-block-paragraph\"><\/p>\n","protected":false},"excerpt":{"rendered":"<p>Le film Startup, une com\u00e9die romantique tunisienne r\u00e9alis\u00e9e par Haifel Ben Youssef et diffus\u00e9e par Goubantini Cin\u00e9ma, nous immerge dans l&rsquo;ambiance enchanteresse de l&rsquo;\u00eele de Djerba. Pr\u00e9vu pour une sortie en salles tunisiennes le 16 avril, ce long-m\u00e9trage rassemble des personnalit\u00e9s embl\u00e9matiques du cin\u00e9ma : Nidhal Saadi, Fatma Bououn, Imen Cherif, Manal Abdelkawi, Mourad Ben [&hellip;]<\/p>\n","protected":false},"author":3,"featured_media":63686,"comment_status":"open","ping_status":"closed","sticky":false,"template":"","format":"standard","meta":{"content-type":"","jnews-multi-image_gallery":[],"jnews_single_post":{"format":"standard"},"jnews_primary_category":[],"jnews_override_bookmark_settings":[],"jnews_review":[],"enable_review":"","type":"","name":"","summary":"","brand":"","sku":"","good":[],"bad":[],"score_override":"","override_value":"","rating":[],"price":[],"jnews_post_split":[],"footnotes":""},"categories":[17],"tags":[15082,15081,11411,3421,1243,54],"class_list":["post-63685","post","type-post","status-publish","format-standard","has-post-thumbnail","hentry","category-entertainment","tag-fatma-bououn","tag-haifel-ben-youssef","tag-lile-de-djerba","tag-nidhal-saadi","tag-startup","tag-tunisie"],"_links":{"self":[{"href":"https:\/\/www.africanchallenges.com\/index.php?rest_route=\/wp\/v2\/posts\/63685","targetHints":{"allow":["GET"]}}],"collection":[{"href":"https:\/\/www.africanchallenges.com\/index.php?rest_route=\/wp\/v2\/posts"}],"about":[{"href":"https:\/\/www.africanchallenges.com\/index.php?rest_route=\/wp\/v2\/types\/post"}],"author":[{"embeddable":true,"href":"https:\/\/www.africanchallenges.com\/index.php?rest_route=\/wp\/v2\/users\/3"}],"replies":[{"embeddable":true,"href":"https:\/\/www.africanchallenges.com\/index.php?rest_route=%2Fwp%2Fv2%2Fcomments&post=63685"}],"version-history":[{"count":7,"href":"https:\/\/www.africanchallenges.com\/index.php?rest_route=\/wp\/v2\/posts\/63685\/revisions"}],"predecessor-version":[{"id":63704,"href":"https:\/\/www.africanchallenges.com\/index.php?rest_route=\/wp\/v2\/posts\/63685\/revisions\/63704"}],"wp:featuredmedia":[{"embeddable":true,"href":"https:\/\/www.africanchallenges.com\/index.php?rest_route=\/wp\/v2\/media\/63686"}],"wp:attachment":[{"href":"https:\/\/www.africanchallenges.com\/index.php?rest_route=%2Fwp%2Fv2%2Fmedia&parent=63685"}],"wp:term":[{"taxonomy":"category","embeddable":true,"href":"https:\/\/www.africanchallenges.com\/index.php?rest_route=%2Fwp%2Fv2%2Fcategories&post=63685"},{"taxonomy":"post_tag","embeddable":true,"href":"https:\/\/www.africanchallenges.com\/index.php?rest_route=%2Fwp%2Fv2%2Ftags&post=63685"}],"curies":[{"name":"wp","href":"https:\/\/api.w.org\/{rel}","templated":true}]}}