{"id":63627,"date":"2025-04-10T14:16:27","date_gmt":"2025-04-10T13:16:27","guid":{"rendered":"https:\/\/www.africanchallenges.com\/?p=63627"},"modified":"2025-04-10T14:16:28","modified_gmt":"2025-04-10T13:16:28","slug":"tunisie-le-president-de-la-republique-kais-saied-recoit-le-ministre-detat-algerien-en-charge-des-affaires-etrangeres-de-la-communaute-nationale-a-letranger-et-des-affaires-africaines-ahmed","status":"publish","type":"post","link":"https:\/\/www.africanchallenges.com\/?p=63627","title":{"rendered":"Tunisie : Le pr\u00e9sident de la R\u00e9publique, Kais Saied, re\u00e7oit le ministre d&rsquo;\u00c9tat alg\u00e9rien, en charge des Affaires \u00e9trang\u00e8res, de la communaut\u00e9 nationale \u00e0 l&rsquo;\u00e9tranger et des affaires africaines, Ahmed Attaf"},"content":{"rendered":"\n<p class=\"wp-block-paragraph\">Le pr\u00e9sident de la R\u00e9publique, Kais Saied, a re\u00e7u mercredi matin, au palais de Carthage, le ministre d&rsquo;\u00c9tat alg\u00e9rien, en charge des Affaires \u00e9trang\u00e8res, de la communaut\u00e9 nationale \u00e0 l&rsquo;\u00e9tranger et des affaires africaines, Ahmed Attaf.<\/p>\n\n\n\n<p class=\"wp-block-paragraph\">Au cours de cette rencontre, selon un communiqu\u00e9, le pr\u00e9sident Sa\u00efed a r\u00e9affirm\u00e9 la forte conviction de la Tunisie quant \u00e0 l\u2019unit\u00e9 de son avenir avec l\u2019Alg\u00e9rie et son engagement ferme \u00e0 renforcer la tradition de consultation et de coordination entre les deux nations.<\/p>\n\n\n\n<p class=\"wp-block-paragraph\">Il a \u00e9galement plaid\u00e9 pour une convergence des opinions et des positions sur les questions r\u00e9gionales et internationales, en particulier dans le contexte actuel que traverse la r\u00e9gion et le monde.<\/p>\n\n\n\n<p class=\"wp-block-paragraph\">De plus, lors de cet entretien, le chef de l&rsquo;\u00c9tat a soulign\u00e9 l&rsquo;engagement de la Tunisie \u00e0 renforcer les liens fraternels entre les deux pays dans divers domaines, notamment le d\u00e9veloppement des zones frontali\u00e8res, l&rsquo;augmentation des \u00e9changes commerciaux et la promotion des investissements.<\/p>\n\n\n\n<p class=\"wp-block-paragraph\">La lutte contre la contrebande et la migration ill\u00e9gale a \u00e9galement \u00e9t\u00e9 mentionn\u00e9e par le pr\u00e9sident, qui a sugg\u00e9r\u00e9 qu&rsquo;elle soit conduite selon une vision commune au service des int\u00e9r\u00eats des peuples tunisien et alg\u00e9rien.<\/p>\n\n\n\n<p class=\"wp-block-paragraph\">Le pr\u00e9sident Sa\u00efed a profit\u00e9 de l&rsquo;occasion pour rappeler que la visite d&rsquo;Ahmed Attaf en tant qu&rsquo;envoy\u00e9 sp\u00e9cial du pr\u00e9sident alg\u00e9rien Abdelmajid Tabboune, co\u00efncidant avec la c\u00e9l\u00e9bration de la f\u00eate des martyrs en Tunisie, est un t\u00e9moignage manifeste de l\u2019unit\u00e9 de l\u2019histoire, du pr\u00e9sent et de l\u2019avenir des deux pays.<\/p>\n\n\n\n<p class=\"wp-block-paragraph\">En abordant la situation en Palestine, le chef de l&rsquo;\u00c9tat a r\u00e9affirm\u00e9 la position de principe de la Tunisie en faveur du peuple palestinien fr\u00e8re dans sa lutte pour la restitution de ses droits et la cr\u00e9ation de son \u00c9tat ind\u00e9pendant sur l\u2019ensemble du territoire palestinien, avec pour capitale la ville sainte d&rsquo;Al-Qods.<\/p>\n\n\n\n<p class=\"wp-block-paragraph\">Pour sa part, selon une vid\u00e9o publi\u00e9e sur la page Facebook de la pr\u00e9sidence, le ministre alg\u00e9rien a tenu \u00e0 souligner que cette visite s&rsquo;inscrit dans une volont\u00e9 de renforcer la tradition du dialogue et de concertation entre la Tunisie et l\u2019Alg\u00e9rie.<\/p>\n\n\n\n<p class=\"wp-block-paragraph\">Concernant la situation en Afrique, Attaf a indiqu\u00e9 qu\u2019elle \u00e9tait \u00ab\u00a0pr\u00e9occupante\u00a0\u00bb dans de nombreux aspects, qu&rsquo;ils soient s\u00e9curitaires, politiques ou \u00e9conomiques, en citant les conflits r\u00e9currents qui touchent le continent, notamment dans la r\u00e9gion sah\u00e9lo-saharienne.<\/p>\n\n\n\n<p class=\"wp-block-paragraph\">Face \u00e0 cette situation et aux d\u00e9fis constants, Attaf a affirm\u00e9 que la coordination entre la Tunisie et l&rsquo;Alg\u00e9rie est d\u00e9sormais non seulement \u00ab\u00a0n\u00e9cessaire, mais \u00e9galement incontournable\u00a0\u00bb.<\/p>\n\n\n\n<p class=\"wp-block-paragraph\">Tout en exprimant une vision n\u00e9gative sur une situation r\u00e9gionale et mondiale qu&rsquo;il a jug\u00e9e \u201csans promesse d&rsquo;avenir\u201d, l&rsquo;envoy\u00e9 sp\u00e9cial d&rsquo;Alg\u00e9rie a critiqu\u00e9 \u201cl&rsquo;\u00e9rosion continue\u201d des principes fondamentaux du droit international, en particulier le r\u00f4le des organisations internationales et de l&rsquo;ONU.<\/p>\n\n\n\n<p class=\"wp-block-paragraph\">En parlant de la cause palestinienne, il a not\u00e9 que cette question traverse l&rsquo;un des moments les plus critiques de son histoire, affirmant qu&rsquo;elle fait face actuellement \u00e0 un \u201cd\u00e9fi existentiel. \u201d<\/p>\n\n\n\n<p class=\"wp-block-paragraph\"><\/p>\n","protected":false},"excerpt":{"rendered":"<p>Le pr\u00e9sident de la R\u00e9publique, Kais Saied, a re\u00e7u mercredi matin, au palais de Carthage, le ministre d&rsquo;\u00c9tat alg\u00e9rien, en charge des Affaires \u00e9trang\u00e8res, de la communaut\u00e9 nationale \u00e0 l&rsquo;\u00e9tranger et des affaires africaines, Ahmed Attaf. Au cours de cette rencontre, selon un communiqu\u00e9, le pr\u00e9sident Sa\u00efed a r\u00e9affirm\u00e9 la forte conviction de la Tunisie [&hellip;]<\/p>\n","protected":false},"author":4,"featured_media":63628,"comment_status":"open","ping_status":"closed","sticky":false,"template":"","format":"standard","meta":{"content-type":"","jnews-multi-image_gallery":[],"jnews_single_post":{"format":"standard"},"jnews_primary_category":[],"jnews_override_bookmark_settings":[],"jnews_review":[],"enable_review":"","type":"","name":"","summary":"","brand":"","sku":"","good":[],"bad":[],"score_override":"","override_value":"","rating":[],"price":[],"jnews_post_split":[],"footnotes":""},"categories":[2],"tags":[11181,2410,4409,3712,12027,1282,54],"class_list":["post-63627","post","type-post","status-publish","format-standard","has-post-thumbnail","hentry","category-news-politique","tag-ahmed-attaf","tag-algerie","tag-contrebande","tag-kais-saied-2","tag-migration-illegale","tag-rencontre","tag-tunisie"],"_links":{"self":[{"href":"https:\/\/www.africanchallenges.com\/index.php?rest_route=\/wp\/v2\/posts\/63627","targetHints":{"allow":["GET"]}}],"collection":[{"href":"https:\/\/www.africanchallenges.com\/index.php?rest_route=\/wp\/v2\/posts"}],"about":[{"href":"https:\/\/www.africanchallenges.com\/index.php?rest_route=\/wp\/v2\/types\/post"}],"author":[{"embeddable":true,"href":"https:\/\/www.africanchallenges.com\/index.php?rest_route=\/wp\/v2\/users\/4"}],"replies":[{"embeddable":true,"href":"https:\/\/www.africanchallenges.com\/index.php?rest_route=%2Fwp%2Fv2%2Fcomments&post=63627"}],"version-history":[{"count":1,"href":"https:\/\/www.africanchallenges.com\/index.php?rest_route=\/wp\/v2\/posts\/63627\/revisions"}],"predecessor-version":[{"id":63629,"href":"https:\/\/www.africanchallenges.com\/index.php?rest_route=\/wp\/v2\/posts\/63627\/revisions\/63629"}],"wp:featuredmedia":[{"embeddable":true,"href":"https:\/\/www.africanchallenges.com\/index.php?rest_route=\/wp\/v2\/media\/63628"}],"wp:attachment":[{"href":"https:\/\/www.africanchallenges.com\/index.php?rest_route=%2Fwp%2Fv2%2Fmedia&parent=63627"}],"wp:term":[{"taxonomy":"category","embeddable":true,"href":"https:\/\/www.africanchallenges.com\/index.php?rest_route=%2Fwp%2Fv2%2Fcategories&post=63627"},{"taxonomy":"post_tag","embeddable":true,"href":"https:\/\/www.africanchallenges.com\/index.php?rest_route=%2Fwp%2Fv2%2Ftags&post=63627"}],"curies":[{"name":"wp","href":"https:\/\/api.w.org\/{rel}","templated":true}]}}