{"id":63558,"date":"2025-04-07T09:30:00","date_gmt":"2025-04-07T08:30:00","guid":{"rendered":"https:\/\/www.africanchallenges.com\/?p=63558"},"modified":"2025-04-07T11:10:36","modified_gmt":"2025-04-07T10:10:36","slug":"tunisie-le-ministre-de-linterieur-participe-au-sommet-sur-la-securite-des-frontieres-du-royaume-uni","status":"publish","type":"post","link":"https:\/\/www.africanchallenges.com\/?p=63558","title":{"rendered":"Tunisie: Le ministre de l&rsquo;Int\u00e9rieur participe au Sommet sur la s\u00e9curit\u00e9 des fronti\u00e8res au Royaume-Uni"},"content":{"rendered":"\n<p class=\"wp-block-paragraph\">\u00c0 l&rsquo;invitation de la ministre britannique de l&rsquo;Int\u00e9rieur, Mme Evatt Cooper, M. Khaled Nouri, ministre de l&rsquo;Int\u00e9rieur, accompagn\u00e9 d&rsquo;une d\u00e9l\u00e9gation de hauts responsables du minist\u00e8re, s&rsquo;est rendu \u00e0 Londres, la capitale britannique, pour participer au \u00ab\u00a0Sommet sur la s\u00e9curit\u00e9 des fronti\u00e8res : Crime organis\u00e9 dans le domaine des migrations\u00a0\u00bb, qui a \u00e9t\u00e9 organis\u00e9 par le Royaume-Uni les 31 mars et 1er avril 2025. <\/p>\n\n\n\n<p class=\"wp-block-paragraph\">Ce sommet a rassembl\u00e9 des d\u00e9l\u00e9gations de 46 nations, men\u00e9es par 37 ministres, ainsi que des repr\u00e9sentants d&rsquo;institutions et d&rsquo;organisations r\u00e9gionales et internationales, incluant l&rsquo;Union europ\u00e9enne, le Conseil de l&rsquo;Europe, l&rsquo;Office des Nations Unies contre la drogue et le crime, ainsi que des repr\u00e9sentants de plateformes de r\u00e9seaux sociaux (X, Meta, et TikTok). L&rsquo;objectif \u00e9tait de d\u00e9battre des mani\u00e8res d&rsquo;am\u00e9liorer les m\u00e9canismes d&rsquo;action collective pour combattre le ph\u00e9nom\u00e8ne de la migration irr\u00e9guli\u00e8re et les crimes transnationaux qui lui sont associ\u00e9s, lit-on dans un communiqu\u00e9 de presse publi\u00e9 par le minist\u00e8re de l&rsquo;int\u00e9rieur.<\/p>\n\n\n\n<p class=\"wp-block-paragraph\">La premi\u00e8re journ\u00e9e du sommet international, inaugur\u00e9e par le chef du gouvernement britannique, a \u00e9t\u00e9 d\u00e9di\u00e9e \u00e0 la r\u00e9union des ministres participants, dirig\u00e9e par le ministre de l&rsquo;Int\u00e9rieur du Royaume-Uni. Celui-ci a tenu un discours abordant les strat\u00e9gies pour renforcer la collaboration dans la lutte contre les crimes li\u00e9s \u00e0 la migration irr\u00e9guli\u00e8re, notamment par l&rsquo;interruption des flux financiers.<\/p>\n\n\n\n<p class=\"wp-block-paragraph\"> Dans son intervention, il a r\u00e9it\u00e9r\u00e9 l&rsquo;appel de la Tunisie pour adopter une approche fond\u00e9e sur le partenariat et le partage des responsabilit\u00e9s entre l&rsquo;ensemble des parties concern\u00e9es, tout en respectant les principes universels des droits de l&rsquo;homme et les chartes internationales. Cela permettrait de r\u00e9duire ce ph\u00e9nom\u00e8ne tout en s&rsquo;attaquant simultan\u00e9ment aux causes profondes qui en sont \u00e0 l&rsquo;origine, la principale \u00e9tant l&rsquo;in\u00e9galit\u00e9 de d\u00e9veloppement entre les pays. <\/p>\n\n\n\n<p class=\"wp-block-paragraph\">Il a soulign\u00e9 que le combat contre la migration irr\u00e9guli\u00e8re d\u00e9passe les capacit\u00e9s d&rsquo;un quelconque pays, m\u00eame dot\u00e9 de toutes les ressources humaines et mat\u00e9rielles n\u00e9cessaires. Ainsi, il est devenu crucial de travailler \u00e0 l&rsquo;unification des efforts internationaux et \u00e0 la coordination ainsi qu&rsquo;au renforcement des m\u00e9canismes de coop\u00e9ration entre les \u00c9tats et les organisations internationales comp\u00e9tentes.<\/p>\n\n\n\n<p class=\"wp-block-paragraph\">En parall\u00e8le de sa pr\u00e9sence \u00e0 ce sommet international, le ministre de l&rsquo;Int\u00e9rieur a eu des discussions avec la ministre britannique de l&rsquo;Int\u00e9rieur \u00ab\u00a0Yvette Cooper\u00a0\u00bb, la ministre d&rsquo;\u00c9tat en charge de la s\u00e9curit\u00e9 des fronti\u00e8res et de l&rsquo;asile \u00ab\u00a0Angela Eagle\u00a0\u00bb, le ministre italien de l&rsquo;Int\u00e9rieur \u00ab\u00a0Matteo Piantozzi\u00a0\u00bb, le ministre irakien de l&rsquo;Int\u00e9rieur \u00ab\u00a0Abdul Amir al-Shammari\u00a0\u00bb, le ministre autrichien de l&rsquo;Int\u00e9rieur \u00ab\u00a0Gerhart Corner\u00a0\u00bb, le ministre fran\u00e7ais de l&rsquo;Int\u00e9rieur \u00ab\u00a0Breno Retayo\u00a0\u00bb, le ministre nig\u00e9rian de l&rsquo;Int\u00e9rieur \u00ab\u00a0Anbumi Tunji Ojo\u00a0\u00bb et le Secr\u00e9taire d&rsquo;\u00c9tat britannique aux affaires \u00e9trang\u00e8res responsable du Moyen-Orient et de l&rsquo;Afrique du Nord \u00ab\u00a0Faucon de Marge\u00a0\u00bb.<\/p>\n","protected":false},"excerpt":{"rendered":"<p>\u00c0 l&rsquo;invitation de la ministre britannique de l&rsquo;Int\u00e9rieur, Mme Evatt Cooper, M. Khaled Nouri, ministre de l&rsquo;Int\u00e9rieur, accompagn\u00e9 d&rsquo;une d\u00e9l\u00e9gation de hauts responsables du minist\u00e8re, s&rsquo;est rendu \u00e0 Londres, la capitale britannique, pour participer au \u00ab\u00a0Sommet sur la s\u00e9curit\u00e9 des fronti\u00e8res : Crime organis\u00e9 dans le domaine des migrations\u00a0\u00bb, qui a \u00e9t\u00e9 organis\u00e9 par le [&hellip;]<\/p>\n","protected":false},"author":3,"featured_media":63559,"comment_status":"open","ping_status":"closed","sticky":false,"template":"","format":"standard","meta":{"content-type":"","jnews-multi-image_gallery":[],"jnews_single_post":{"format":"standard"},"jnews_primary_category":[],"jnews_override_bookmark_settings":[],"jnews_review":[],"enable_review":"","type":"","name":"","summary":"","brand":"","sku":"","good":[],"bad":[],"score_override":"","override_value":"","rating":[],"price":[],"jnews_post_split":[],"footnotes":""},"categories":[2],"tags":[12513,6589,15035,1326],"class_list":["post-63558","post","type-post","status-publish","format-standard","has-post-thumbnail","hentry","category-news-politique","tag-khaled-nouri","tag-londres","tag-securite-des-frontieres","tag-sommet"],"_links":{"self":[{"href":"https:\/\/www.africanchallenges.com\/index.php?rest_route=\/wp\/v2\/posts\/63558","targetHints":{"allow":["GET"]}}],"collection":[{"href":"https:\/\/www.africanchallenges.com\/index.php?rest_route=\/wp\/v2\/posts"}],"about":[{"href":"https:\/\/www.africanchallenges.com\/index.php?rest_route=\/wp\/v2\/types\/post"}],"author":[{"embeddable":true,"href":"https:\/\/www.africanchallenges.com\/index.php?rest_route=\/wp\/v2\/users\/3"}],"replies":[{"embeddable":true,"href":"https:\/\/www.africanchallenges.com\/index.php?rest_route=%2Fwp%2Fv2%2Fcomments&post=63558"}],"version-history":[{"count":3,"href":"https:\/\/www.africanchallenges.com\/index.php?rest_route=\/wp\/v2\/posts\/63558\/revisions"}],"predecessor-version":[{"id":63563,"href":"https:\/\/www.africanchallenges.com\/index.php?rest_route=\/wp\/v2\/posts\/63558\/revisions\/63563"}],"wp:featuredmedia":[{"embeddable":true,"href":"https:\/\/www.africanchallenges.com\/index.php?rest_route=\/wp\/v2\/media\/63559"}],"wp:attachment":[{"href":"https:\/\/www.africanchallenges.com\/index.php?rest_route=%2Fwp%2Fv2%2Fmedia&parent=63558"}],"wp:term":[{"taxonomy":"category","embeddable":true,"href":"https:\/\/www.africanchallenges.com\/index.php?rest_route=%2Fwp%2Fv2%2Fcategories&post=63558"},{"taxonomy":"post_tag","embeddable":true,"href":"https:\/\/www.africanchallenges.com\/index.php?rest_route=%2Fwp%2Fv2%2Ftags&post=63558"}],"curies":[{"name":"wp","href":"https:\/\/api.w.org\/{rel}","templated":true}]}}