{"id":63528,"date":"2025-04-07T09:07:33","date_gmt":"2025-04-07T08:07:33","guid":{"rendered":"https:\/\/www.africanchallenges.com\/?p=63528"},"modified":"2025-04-07T09:07:35","modified_gmt":"2025-04-07T08:07:35","slug":"tunisie-le-president-de-la-republique-kais-saied-dement-lexistence-de-tout-nouvel-accord-avec-litalie","status":"publish","type":"post","link":"https:\/\/www.africanchallenges.com\/?p=63528","title":{"rendered":"Tunisie : Le pr\u00e9sident de la R\u00e9publique, Ka\u00efs Sa\u00efed  d\u00e9ment l&rsquo;existence de tout nouvel accord avec l&rsquo;Italie"},"content":{"rendered":"\n<p class=\"wp-block-paragraph\">En marge de sa visite au mausol\u00e9e de Habib Bourguiba pour&nbsp;comm\u00e9morer&nbsp;le 25e anniversaire de la disparition du leader du mouvement national, le pr\u00e9sident de la R\u00e9publique, Ka\u00efs Sa\u00efed, a&nbsp;organis\u00e9&nbsp;un point de presse le dimanche 6 avril 2025, au cours duquel il a r\u00e9pondu \u00e0 de&nbsp;nombreuses&nbsp;interrogations&nbsp;des journalistes,&nbsp;portant&nbsp;notamment sur les&nbsp;enjeux&nbsp;migratoires, la d\u00e9sinformation et les&nbsp;all\u00e9gations&nbsp;de d\u00e9stabilisation de l\u2019\u00c9tat.<br><br>D\u00e8s&nbsp;le&nbsp;d\u00e9but&nbsp;de son intervention, le chef de l\u2019\u00c9tat a&nbsp;condamn\u00e9&nbsp;la&nbsp;diffusion&nbsp;de rumeurs et de fausses&nbsp;nouvelles,&nbsp;souvent&nbsp;propuls\u00e9es&nbsp;par des&nbsp;personnalit\u00e9s&nbsp;politiques \u00ab rejet\u00e9es par la population&nbsp;tunisienne&nbsp;\u00bb et \u00ab&nbsp;connect\u00e9es&nbsp;\u00e0 des r\u00e9seaux \u00e9trangers \u00bb.&nbsp;Il a d\u00e9nonc\u00e9&nbsp;l\u2019utilisation&nbsp;manipul\u00e9e&nbsp;d&rsquo;images d&rsquo;archives pour alimenter ces&nbsp;r\u00e9cits.<br><br>Concernant la&nbsp;probl\u00e9matique&nbsp;migratoire, Ka\u00efs Sa\u00efed a salu\u00e9 les op\u00e9rations d\u2019\u00e9vacuation r\u00e9cemment&nbsp;r\u00e9alis\u00e9es&nbsp;dans les&nbsp;zones&nbsp;de Jebeniana et El Amra, les qualifiant&nbsp;d\u2019exemplaires&nbsp;et sans pr\u00e9c\u00e9dent au niveau mondial.&nbsp;Il a affirm\u00e9 que cette action&nbsp;avait&nbsp;\u00e9t\u00e9&nbsp;men\u00e9e&nbsp;sans&nbsp;aucun&nbsp;recours \u00e0 la violence, gr\u00e2ce \u00e0 l\u2019intervention coordonn\u00e9e de la protection civile, du Croissant-Rouge tunisien, des scouts et des&nbsp;membres&nbsp;de la&nbsp;communaut\u00e9&nbsp;locale.&nbsp;Il a&nbsp;r\u00e9it\u00e9r\u00e9&nbsp;la position de la Tunisie : \u00ab Nous refusons que le pays soit une terre de transit ou d&rsquo;installation \u00bb.&nbsp;Le pr\u00e9sident a rappel\u00e9 que les migrants pr\u00e9sents en Tunisie sont, dans de&nbsp;nombreux&nbsp;cas, des victimes de r\u00e9seaux criminels \u00e0 l\u2019\u00e9chelle internationale, sp\u00e9cialis\u00e9s dans la traite des \u00eatres humains et le trafic d\u2019organes.&nbsp;\u00ab Leur&nbsp;orientation&nbsp;vers la Tunisie n&rsquo;\u00e9tait pas&nbsp;fortuite&nbsp;\u00bb, a-t-il d\u00e9clar\u00e9.<br><br>Lorsqu&rsquo;on&nbsp;lui a&nbsp;pos\u00e9&nbsp;des questions sur les retours forc\u00e9s de Tunisiens depuis l&rsquo;Italie, Ka\u00efs Sa\u00efed a&nbsp;formellement&nbsp;ni\u00e9&nbsp;l\u2019existence de nouveaux accords.&nbsp;Il a pr\u00e9cis\u00e9 que seuls deux accords de r\u00e9admission&nbsp;avaient&nbsp;\u00e9t\u00e9 sign\u00e9s dans le pass\u00e9 : en 2008 et en 2011.&nbsp;Il a&nbsp;rejet\u00e9&nbsp;les rumeurs concernant de&nbsp;suppos\u00e9es&nbsp;conventions r\u00e9centes : \u00ab Tout cela n\u2019est&nbsp;qu\u2019un&nbsp;mensonge et une&nbsp;invention&nbsp;\u00bb.&nbsp;De plus, il a mis en cause certaines vid\u00e9os en&nbsp;circulation&nbsp;en ligne, les qualifiant de \u00ab vieilles \u00bb et utilis\u00e9es pour&nbsp;manipuler&nbsp;l\u2019opinion publique.<br><br>Ka\u00efs Sa\u00efed a rappel\u00e9 l&rsquo;attachement de la Tunisie \u00e0 son identit\u00e9 africaine : \u00ab Nous sommes Africains et nous en sommes fiers \u00bb, a-t-il d\u00e9clar\u00e9.&nbsp;Cependant,&nbsp;il a soulign\u00e9 que la Tunisie ne&nbsp;pouvait&nbsp;pas, seule,&nbsp;supporter&nbsp;les d\u00e9s\u00e9quilibres&nbsp;caus\u00e9s&nbsp;par le syst\u00e8me \u00e9conomique mondial.&nbsp;Il a insist\u00e9 sur le fait que les migrants&nbsp;avaient&nbsp;\u00e9t\u00e9 trait\u00e9s avec humanit\u00e9 et dignit\u00e9, en&nbsp;respectant&nbsp;les valeurs morales de la nation.<br>Critiquant&nbsp;ses&nbsp;opposants&nbsp;politiques, le pr\u00e9sident a&nbsp;d\u00e9crit&nbsp;les \u00e9v\u00e9nements r\u00e9cents&nbsp;comme&nbsp;des \u00ab mises en sc\u00e8ne \u00bb orchestr\u00e9es par les m\u00eames&nbsp;protagonistes,&nbsp;qu\u2019il accuse de&nbsp;tenter&nbsp;de \u00ab&nbsp;fragmenter&nbsp;et faire&nbsp;\u00e9clater&nbsp;l\u2019\u00c9tat tunisien \u00bb.&nbsp;Il a d\u00e9clar\u00e9 que \u00ab le peuple tunisien a&nbsp;d\u00e9montr\u00e9&nbsp;une maturit\u00e9 historique qui d\u00e9jouera tous les&nbsp;intrigues&nbsp;\u00bb.<br><br>Dans un dernier message&nbsp;destin\u00e9&nbsp;\u00e0 la jeunesse, Ka\u00efs Sa\u00efed a encourag\u00e9&nbsp;l&rsquo;implication&nbsp;des jeunes dipl\u00f4m\u00e9s, m\u00eame sans&nbsp;exp\u00e9rience,&nbsp;dans la gestion des affaires publiques, estimant qu&rsquo;ils sont pr\u00e9f\u00e9rables \u00e0 ceux ayant \u00ab de l&rsquo;exp\u00e9rience en corruption ou en&nbsp;abus&nbsp;envers&nbsp;les citoyens \u00bb.&nbsp;Il a promis de&nbsp;poursuivre&nbsp;les r\u00e9formes&nbsp;afin&nbsp;d&rsquo;\u00e9tablir&nbsp;une administration plus int\u00e8gre et au service des Tunisiens.<br><br>Le pr\u00e9sident a soulign\u00e9&nbsp;l&rsquo;urgence&nbsp;de r\u00e9formes profondes en Tunisie, notamment concernant l\u2019administration et le syst\u00e8me politique.&nbsp;Il a critiqu\u00e9&nbsp;l&rsquo;ancien&nbsp;syst\u00e8me qui, selon lui,&nbsp;avait&nbsp;permis&nbsp;l&rsquo;essor&nbsp;de la corruption et de l&rsquo;injustice au d\u00e9triment des citoyens tunisiens.&nbsp;Il a fait&nbsp;part&nbsp;de sa volont\u00e9&nbsp;d&rsquo;\u00e9tablir&nbsp;un syst\u00e8me politique o\u00f9 les \u00e9lus seraient v\u00e9ritablement responsables devant les \u00e9lecteurs.&nbsp;Il a \u00e9galement insist\u00e9 sur la n\u00e9cessit\u00e9 de&nbsp;r\u00e9viser&nbsp;les lois locales et les m\u00e9canismes de gouvernance pour garantir une meilleure transparence et un v\u00e9ritable contr\u00f4le citoyen.&nbsp;Quant&nbsp;aux \u00e9lections, le pr\u00e9sident a \u00e9voqu\u00e9 l&rsquo;importance d&rsquo;un nouveau syst\u00e8me \u00e9lectoral et a soulign\u00e9 que la relation entre les citoyens et leurs repr\u00e9sentants devait \u00eatre repens\u00e9e.&nbsp;Il a propos\u00e9 des r\u00e9formes&nbsp;visant&nbsp;\u00e0 garantir que les \u00e9lus soient responsables de leurs&nbsp;actes,&nbsp;permettant&nbsp;aux \u00e9lecteurs&nbsp;d\u2019exercer&nbsp;un contr\u00f4le&nbsp;constant&nbsp;sur eux, non seulement lors des \u00e9lections, mais&nbsp;durant&nbsp;toute&nbsp;la&nbsp;dur\u00e9e&nbsp;de leur mandat.<br><br>Le pr\u00e9sident a conclu son&nbsp;allocution&nbsp;en appelant \u00e0 l&rsquo;unit\u00e9 nationale face aux d\u00e9fis&nbsp;auxquels&nbsp;la Tunisie est&nbsp;confront\u00e9e.&nbsp;Il a salu\u00e9 la r\u00e9silience du peuple tunisien,&nbsp;affirmant&nbsp;qu&rsquo;il a fait preuve d\u2019une grande sagesse en&nbsp;repoussant&nbsp;les tentatives de d\u00e9stabilisation.&nbsp;Il a \u00e9galement mis en&nbsp;exergue&nbsp;que la Tunisie doit avancer vers l\u2019avenir en poursuivant les r\u00e9formes n\u00e9cessaires \u00e0 sa construction et \u00e0 son d\u00e9veloppement, tout en&nbsp;sauvegardant&nbsp;ses int\u00e9r\u00eats et sa souverainet\u00e9.&nbsp;Il a d\u00e9clar\u00e9 son engagement \u00e0 continuer les r\u00e9formes, en insistant sur le fait que la Tunisie ne reviendrait pas sur ses acquis et ne&nbsp;souffrirait&nbsp;pas de pressions ext\u00e9rieures.&nbsp;Il a pr\u00e9cis\u00e9 que la Tunisie est&nbsp;engag\u00e9e&nbsp;dans un&nbsp;processus&nbsp;de reconstruction et de transformation, et que le peuple tunisien doit continuer \u00e0&nbsp;\u0153uvrer&nbsp;ensemble pour un avenir meilleur.<\/p>\n\n\n\n<p class=\"wp-block-paragraph\"><\/p>\n","protected":false},"excerpt":{"rendered":"<p>En marge de sa visite au mausol\u00e9e de Habib Bourguiba pour&nbsp;comm\u00e9morer&nbsp;le 25e anniversaire de la disparition du leader du mouvement national, le pr\u00e9sident de la R\u00e9publique, Ka\u00efs Sa\u00efed, a&nbsp;organis\u00e9&nbsp;un point de presse le dimanche 6 avril 2025, au cours duquel il a r\u00e9pondu \u00e0 de&nbsp;nombreuses&nbsp;interrogations&nbsp;des journalistes,&nbsp;portant&nbsp;notamment sur les&nbsp;enjeux&nbsp;migratoires, la d\u00e9sinformation et les&nbsp;all\u00e9gations&nbsp;de d\u00e9stabilisation de l\u2019\u00c9tat. [&hellip;]<\/p>\n","protected":false},"author":4,"featured_media":63529,"comment_status":"open","ping_status":"closed","sticky":false,"template":"","format":"standard","meta":{"content-type":"","jnews-multi-image_gallery":[],"jnews_single_post":{"format":"standard"},"jnews_primary_category":[],"jnews_override_bookmark_settings":[],"jnews_review":[],"enable_review":"","type":"","name":"","summary":"","brand":"","sku":"","good":[],"bad":[],"score_override":"","override_value":"","rating":[],"price":[],"jnews_post_split":[],"footnotes":""},"categories":[2,7950],"tags":[1103,3599,3694,15022,54,1190],"class_list":["post-63528","post","type-post","status-publish","format-standard","has-post-thumbnail","hentry","category-news-politique","category-politique","tag-accord","tag-italie","tag-kais-saied","tag-mausolee-de-habib-bourguiba","tag-tunisie","tag-visite"],"_links":{"self":[{"href":"https:\/\/www.africanchallenges.com\/index.php?rest_route=\/wp\/v2\/posts\/63528","targetHints":{"allow":["GET"]}}],"collection":[{"href":"https:\/\/www.africanchallenges.com\/index.php?rest_route=\/wp\/v2\/posts"}],"about":[{"href":"https:\/\/www.africanchallenges.com\/index.php?rest_route=\/wp\/v2\/types\/post"}],"author":[{"embeddable":true,"href":"https:\/\/www.africanchallenges.com\/index.php?rest_route=\/wp\/v2\/users\/4"}],"replies":[{"embeddable":true,"href":"https:\/\/www.africanchallenges.com\/index.php?rest_route=%2Fwp%2Fv2%2Fcomments&post=63528"}],"version-history":[{"count":1,"href":"https:\/\/www.africanchallenges.com\/index.php?rest_route=\/wp\/v2\/posts\/63528\/revisions"}],"predecessor-version":[{"id":63530,"href":"https:\/\/www.africanchallenges.com\/index.php?rest_route=\/wp\/v2\/posts\/63528\/revisions\/63530"}],"wp:featuredmedia":[{"embeddable":true,"href":"https:\/\/www.africanchallenges.com\/index.php?rest_route=\/wp\/v2\/media\/63529"}],"wp:attachment":[{"href":"https:\/\/www.africanchallenges.com\/index.php?rest_route=%2Fwp%2Fv2%2Fmedia&parent=63528"}],"wp:term":[{"taxonomy":"category","embeddable":true,"href":"https:\/\/www.africanchallenges.com\/index.php?rest_route=%2Fwp%2Fv2%2Fcategories&post=63528"},{"taxonomy":"post_tag","embeddable":true,"href":"https:\/\/www.africanchallenges.com\/index.php?rest_route=%2Fwp%2Fv2%2Ftags&post=63528"}],"curies":[{"name":"wp","href":"https:\/\/api.w.org\/{rel}","templated":true}]}}