{"id":63466,"date":"2025-04-02T20:19:08","date_gmt":"2025-04-02T19:19:08","guid":{"rendered":"https:\/\/www.africanchallenges.com\/?p=63466"},"modified":"2025-04-02T20:19:18","modified_gmt":"2025-04-02T19:19:18","slug":"tunisie-libye-la-cooperation-et-ras-jedir-au-coeur-des-pourparlers-de-saied-et-dbeibah","status":"publish","type":"post","link":"https:\/\/www.africanchallenges.com\/?p=63466","title":{"rendered":"Tunisie-Libye: La coop\u00e9ration et Ras Jedir au c\u0153ur des pourparlers\u00a0 de Saied et Dbeibah"},"content":{"rendered":"\n<p class=\"wp-block-paragraph\">Le pr\u00e9sident de la R\u00e9publique, Ka\u00efs Sa\u00efed, a discut\u00e9 avec le chef du gouvernement d&rsquo;union nationale libyen, Abdelhamid Dbeibah, des relations entre la Tunisie et la Libye et des m\u00e9thodes pour accro\u00eetre la coop\u00e9ration dans divers aspects, au b\u00e9n\u00e9fice r\u00e9ciproque des populations des deux nations.<\/p>\n\n\n\n<p class=\"wp-block-paragraph\">D&rsquo;apr\u00e8s l&rsquo;agence de presse libyenne, cette conversation a eu lieu lors d&rsquo;un appel t\u00e9l\u00e9phonique que Ka\u00efs Sa\u00efed a effectu\u00e9 \u00e0 Abdelhamid Dbeibah dans l&rsquo;apr\u00e8s-midi du mercredi 2 avril 2025.<\/p>\n\n\n\n<p class=\"wp-block-paragraph\">La m\u00eame source indique que l&rsquo;appel a aussi trait\u00e9 de la situation au poste-fronti\u00e8re de Ras Jedir. Les deux parties ont soulign\u00e9 la n\u00e9cessit\u00e9 d&rsquo;am\u00e9liorer la coordination entre les autorit\u00e9s concern\u00e9es pour faciliter le passage des citoyens et renforcer les \u00e9changes commerciaux, dans une optique d&rsquo;int\u00e9gration \u00e9conomique entre les deux pays.<\/p>\n","protected":false},"excerpt":{"rendered":"<p>Le pr\u00e9sident de la R\u00e9publique, Ka\u00efs Sa\u00efed, a discut\u00e9 avec le chef du gouvernement d&rsquo;union nationale libyen, Abdelhamid Dbeibah, des relations entre la Tunisie et la Libye et des m\u00e9thodes pour accro\u00eetre la coop\u00e9ration dans divers aspects, au b\u00e9n\u00e9fice r\u00e9ciproque des populations des deux nations. D&rsquo;apr\u00e8s l&rsquo;agence de presse libyenne, cette conversation a eu lieu [&hellip;]<\/p>\n","protected":false},"author":4,"featured_media":45045,"comment_status":"open","ping_status":"closed","sticky":false,"template":"","format":"standard","meta":{"content-type":"","jnews-multi-image_gallery":[],"jnews_single_post":{"format":"standard"},"jnews_primary_category":[],"jnews_override_bookmark_settings":[],"jnews_review":[],"enable_review":"","type":"","name":"","summary":"","brand":"","sku":"","good":[],"bad":[],"score_override":"","override_value":"","rating":[],"price":[],"jnews_post_split":[],"footnotes":""},"categories":[2],"tags":[7042,298,3712,2830,8406,54],"class_list":["post-63466","post","type-post","status-publish","format-standard","has-post-thumbnail","hentry","category-news-politique","tag-abdelhamid-dbeibah","tag-cooperation","tag-kais-saied-2","tag-libye","tag-ras-jedir","tag-tunisie"],"_links":{"self":[{"href":"https:\/\/www.africanchallenges.com\/index.php?rest_route=\/wp\/v2\/posts\/63466","targetHints":{"allow":["GET"]}}],"collection":[{"href":"https:\/\/www.africanchallenges.com\/index.php?rest_route=\/wp\/v2\/posts"}],"about":[{"href":"https:\/\/www.africanchallenges.com\/index.php?rest_route=\/wp\/v2\/types\/post"}],"author":[{"embeddable":true,"href":"https:\/\/www.africanchallenges.com\/index.php?rest_route=\/wp\/v2\/users\/4"}],"replies":[{"embeddable":true,"href":"https:\/\/www.africanchallenges.com\/index.php?rest_route=%2Fwp%2Fv2%2Fcomments&post=63466"}],"version-history":[{"count":2,"href":"https:\/\/www.africanchallenges.com\/index.php?rest_route=\/wp\/v2\/posts\/63466\/revisions"}],"predecessor-version":[{"id":63468,"href":"https:\/\/www.africanchallenges.com\/index.php?rest_route=\/wp\/v2\/posts\/63466\/revisions\/63468"}],"wp:featuredmedia":[{"embeddable":true,"href":"https:\/\/www.africanchallenges.com\/index.php?rest_route=\/wp\/v2\/media\/45045"}],"wp:attachment":[{"href":"https:\/\/www.africanchallenges.com\/index.php?rest_route=%2Fwp%2Fv2%2Fmedia&parent=63466"}],"wp:term":[{"taxonomy":"category","embeddable":true,"href":"https:\/\/www.africanchallenges.com\/index.php?rest_route=%2Fwp%2Fv2%2Fcategories&post=63466"},{"taxonomy":"post_tag","embeddable":true,"href":"https:\/\/www.africanchallenges.com\/index.php?rest_route=%2Fwp%2Fv2%2Ftags&post=63466"}],"curies":[{"name":"wp","href":"https:\/\/api.w.org\/{rel}","templated":true}]}}