{"id":63460,"date":"2025-03-30T17:22:47","date_gmt":"2025-03-30T16:22:47","guid":{"rendered":"https:\/\/www.africanchallenges.com\/?p=63460"},"modified":"2025-03-30T17:22:48","modified_gmt":"2025-03-30T16:22:48","slug":"la-tunisie-clarifie-sa-position-vis-a-vis-de-la-cour-africaine-des-droits-de-lhomme-et-des-peuples","status":"publish","type":"post","link":"https:\/\/www.africanchallenges.com\/?p=63460","title":{"rendered":"La Tunisie clarifie sa position vis-\u00e0-vis de la Cour africaine des droits de l&rsquo;homme et des peuples"},"content":{"rendered":"\n<p class=\"wp-block-paragraph\">Le minist\u00e8re tunisien des Affaires \u00e9trang\u00e8res, de la Migration et des Tunisiens \u00e0 l\u2019\u00e9tranger a ni\u00e9 toute sortie de la Tunisie du Protocole associ\u00e9 \u00e0 la Charte africaine des droits de l\u2019homme et des peuples, qui a \u00e9tabli la Cour africaine des droits de l\u2019homme et des peuples. Il a indiqu\u00e9 que la d\u00e9cision concernait uniquement le retrait de la d\u00e9claration de 2017, laquelle accordait la comp\u00e9tence \u00e0 cette institution pour traiter les demandes individuelles et celles des organisations non gouvernementales (ONG).<\/p>\n\n\n\n<p class=\"wp-block-paragraph\">D&rsquo;apr\u00e8s un communiqu\u00e9 du minist\u00e8re, cette mesure est une r\u00e9ponse \u00e0 l&rsquo;augmentation des plaintes \u00ab utilis\u00e9es \u00e0 des fins politiques \u00bb contre la Tunisie.<\/p>\n\n\n\n<p class=\"wp-block-paragraph\">Le minist\u00e8re a soulign\u00e9 que parmi les 34 pays africains ayant ratifi\u00e9 le Protocole, seuls sept continuent de reconna\u00eetre cette comp\u00e9tence, tandis que cinq autres \u2013 y compris la Tanzanie, qui abrite le si\u00e8ge de la Cour \u2013 ont \u00e9galement effectu\u00e9 un retrait similaire.<\/p>\n\n\n\n<p class=\"wp-block-paragraph\">La Tunisie r\u00e9it\u00e8re son engagement envers la Cour africaine pour le traitement des diff\u00e9rends li\u00e9s \u00e0 la Charte des droits de l\u2019homme, tout en refusant \u00ab toute interf\u00e9rence dans ses affaires internes \u00bb. Elle r\u00e9affirme sa d\u00e9termination \u00e0 promouvoir les droits humains et la coop\u00e9ration en Afrique.<\/p>\n","protected":false},"excerpt":{"rendered":"<p>Le minist\u00e8re tunisien des Affaires \u00e9trang\u00e8res, de la Migration et des Tunisiens \u00e0 l\u2019\u00e9tranger a ni\u00e9 toute sortie de la Tunisie du Protocole associ\u00e9 \u00e0 la Charte africaine des droits de l\u2019homme et des peuples, qui a \u00e9tabli la Cour africaine des droits de l\u2019homme et des peuples. Il a indiqu\u00e9 que la d\u00e9cision concernait [&hellip;]<\/p>\n","protected":false},"author":4,"featured_media":20675,"comment_status":"open","ping_status":"closed","sticky":false,"template":"","format":"standard","meta":{"content-type":"","jnews-multi-image_gallery":[],"jnews_single_post":{"format":"standard"},"jnews_primary_category":[],"jnews_override_bookmark_settings":[],"jnews_review":[],"enable_review":"","type":"","name":"","summary":"","brand":"","sku":"","good":[],"bad":[],"score_override":"","override_value":"","rating":[],"price":[],"jnews_post_split":[],"footnotes":""},"categories":[2],"tags":[880,5336,54],"class_list":["post-63460","post","type-post","status-publish","format-standard","has-post-thumbnail","hentry","category-news-politique","tag-cour-africaine-des-droits-de-lhomme-et-des-peuples","tag-position","tag-tunisie"],"_links":{"self":[{"href":"https:\/\/www.africanchallenges.com\/index.php?rest_route=\/wp\/v2\/posts\/63460","targetHints":{"allow":["GET"]}}],"collection":[{"href":"https:\/\/www.africanchallenges.com\/index.php?rest_route=\/wp\/v2\/posts"}],"about":[{"href":"https:\/\/www.africanchallenges.com\/index.php?rest_route=\/wp\/v2\/types\/post"}],"author":[{"embeddable":true,"href":"https:\/\/www.africanchallenges.com\/index.php?rest_route=\/wp\/v2\/users\/4"}],"replies":[{"embeddable":true,"href":"https:\/\/www.africanchallenges.com\/index.php?rest_route=%2Fwp%2Fv2%2Fcomments&post=63460"}],"version-history":[{"count":1,"href":"https:\/\/www.africanchallenges.com\/index.php?rest_route=\/wp\/v2\/posts\/63460\/revisions"}],"predecessor-version":[{"id":63461,"href":"https:\/\/www.africanchallenges.com\/index.php?rest_route=\/wp\/v2\/posts\/63460\/revisions\/63461"}],"wp:featuredmedia":[{"embeddable":true,"href":"https:\/\/www.africanchallenges.com\/index.php?rest_route=\/wp\/v2\/media\/20675"}],"wp:attachment":[{"href":"https:\/\/www.africanchallenges.com\/index.php?rest_route=%2Fwp%2Fv2%2Fmedia&parent=63460"}],"wp:term":[{"taxonomy":"category","embeddable":true,"href":"https:\/\/www.africanchallenges.com\/index.php?rest_route=%2Fwp%2Fv2%2Fcategories&post=63460"},{"taxonomy":"post_tag","embeddable":true,"href":"https:\/\/www.africanchallenges.com\/index.php?rest_route=%2Fwp%2Fv2%2Ftags&post=63460"}],"curies":[{"name":"wp","href":"https:\/\/api.w.org\/{rel}","templated":true}]}}