{"id":63429,"date":"2025-03-30T13:08:17","date_gmt":"2025-03-30T12:08:17","guid":{"rendered":"https:\/\/www.africanchallenges.com\/?p=63429"},"modified":"2025-03-30T14:18:22","modified_gmt":"2025-03-30T13:18:22","slug":"tunisie-le-gouvernement-annonce-officiellement-trois-jours-de-conge-pour-laid-el-fitr","status":"publish","type":"post","link":"https:\/\/www.africanchallenges.com\/?p=63429","title":{"rendered":"Tunisie : Le gouvernement annonce officiellement trois jours de cong\u00e9 pour l\u2019A\u00efd El-Fitr"},"content":{"rendered":"\n<p class=\"wp-block-paragraph\">La &nbsp;Pr\u00e9sidence du gouvernement a annonc\u00e9 l\u2019octroi de trois jours de cong\u00e9 aux agents de l\u2019\u00c9tat, aux collectivit\u00e9s locales ainsi qu\u2019aux \u00e9tablissements publics \u00e0 caract\u00e8re administratif, \u00e0 l\u2019occasion de l\u2019A\u00efd El-Fitr.<\/p>\n\n\n\n<p class=\"wp-block-paragraph\">D&rsquo;apr\u00e8s le communiqu\u00e9 officiel, ces jours de repos sont fix\u00e9s aux 30 et 31 mars ainsi qu\u2019au 1\u1d49\u02b3 avril 2025.\u00a0<\/p>\n","protected":false},"excerpt":{"rendered":"<p>La &nbsp;Pr\u00e9sidence du gouvernement a annonc\u00e9 l\u2019octroi de trois jours de cong\u00e9 aux agents de l\u2019\u00c9tat, aux collectivit\u00e9s locales ainsi qu\u2019aux \u00e9tablissements publics \u00e0 caract\u00e8re administratif, \u00e0 l\u2019occasion de l\u2019A\u00efd El-Fitr. D&rsquo;apr\u00e8s le communiqu\u00e9 officiel, ces jours de repos sont fix\u00e9s aux 30 et 31 mars ainsi qu\u2019au 1\u1d49\u02b3 avril 2025.\u00a0<\/p>\n","protected":false},"author":4,"featured_media":34241,"comment_status":"open","ping_status":"closed","sticky":false,"template":"","format":"standard","meta":{"content-type":"","jnews-multi-image_gallery":[],"jnews_single_post":{"format":"standard"},"jnews_primary_category":[],"jnews_override_bookmark_settings":[],"jnews_review":[],"enable_review":"","type":"","name":"","summary":"","brand":"","sku":"","good":[],"bad":[],"score_override":"","override_value":"","rating":[],"price":[],"jnews_post_split":[],"footnotes":""},"categories":[2],"tags":[12362,1682,14999],"class_list":["post-63429","post","type-post","status-publish","format-standard","has-post-thumbnail","hentry","category-news-politique","tag-conge","tag-gouvernement","tag-laid-el-fitr"],"_links":{"self":[{"href":"https:\/\/www.africanchallenges.com\/index.php?rest_route=\/wp\/v2\/posts\/63429","targetHints":{"allow":["GET"]}}],"collection":[{"href":"https:\/\/www.africanchallenges.com\/index.php?rest_route=\/wp\/v2\/posts"}],"about":[{"href":"https:\/\/www.africanchallenges.com\/index.php?rest_route=\/wp\/v2\/types\/post"}],"author":[{"embeddable":true,"href":"https:\/\/www.africanchallenges.com\/index.php?rest_route=\/wp\/v2\/users\/4"}],"replies":[{"embeddable":true,"href":"https:\/\/www.africanchallenges.com\/index.php?rest_route=%2Fwp%2Fv2%2Fcomments&post=63429"}],"version-history":[{"count":1,"href":"https:\/\/www.africanchallenges.com\/index.php?rest_route=\/wp\/v2\/posts\/63429\/revisions"}],"predecessor-version":[{"id":63430,"href":"https:\/\/www.africanchallenges.com\/index.php?rest_route=\/wp\/v2\/posts\/63429\/revisions\/63430"}],"wp:featuredmedia":[{"embeddable":true,"href":"https:\/\/www.africanchallenges.com\/index.php?rest_route=\/wp\/v2\/media\/34241"}],"wp:attachment":[{"href":"https:\/\/www.africanchallenges.com\/index.php?rest_route=%2Fwp%2Fv2%2Fmedia&parent=63429"}],"wp:term":[{"taxonomy":"category","embeddable":true,"href":"https:\/\/www.africanchallenges.com\/index.php?rest_route=%2Fwp%2Fv2%2Fcategories&post=63429"},{"taxonomy":"post_tag","embeddable":true,"href":"https:\/\/www.africanchallenges.com\/index.php?rest_route=%2Fwp%2Fv2%2Ftags&post=63429"}],"curies":[{"name":"wp","href":"https:\/\/api.w.org\/{rel}","templated":true}]}}