{"id":63420,"date":"2025-03-27T13:36:03","date_gmt":"2025-03-27T12:36:03","guid":{"rendered":"https:\/\/www.africanchallenges.com\/?p=63420"},"modified":"2025-03-27T13:37:51","modified_gmt":"2025-03-27T12:37:51","slug":"tunisie-hommage-des-etudiants-gagnants-du-programme-%d8%b7%d8%a7%d9%82%d8%a7%d8%aa%d9%8a-mes-energies","status":"publish","type":"post","link":"https:\/\/www.africanchallenges.com\/?p=63420","title":{"rendered":"Tunisie : Hommage des \u00e9tudiants gagnants du programme \u00ab\u00a0\u00a0\u00bb\u0637\u0627\u0642\u0627\u062a\u064a\u00a0\u00bb Mes \u00e9nergies"},"content":{"rendered":"\n<p class=\"wp-block-paragraph\">\u00a0La ministre de l&rsquo;Industrie, des Mines et de l&rsquo;\u00e9nergie, Mme Fatma Thabet Chiboub, a supervis\u00e9 mercredi 26 mars, au si\u00e8ge du minist\u00e8re, la c\u00e9r\u00e9monie d&rsquo; hommage aux \u00e9tudiants couronn\u00e9s dans le programme \u00ab\u00a0\u00a0\u00bb\u0637\u0627\u0642\u0627\u062a\u064a\u00a0\u00bb  Mes \u00e9nergies, organis\u00e9 par Vivo Energy Tunisie, sp\u00e9cialis\u00e9e dans la vente et la distribution de produits p\u00e9troliers \u00e0 la soci\u00e9t\u00e9 \u00ab\u00a0shell\u00a0\u00bb, en partenariat avec le Minist\u00e8re de l&rsquo;Education.<\/p>\n\n\n\n<p class=\"wp-block-paragraph\">La c\u00e9r\u00e9monie a r\u00e9uni le secr\u00e9taire d&rsquo;Etat charg\u00e9 de la transition \u00e9nerg\u00e9tique, M. Wael Chouchane, le chef de cabinet, Mme Afef Chachi Tayari, le directeur g\u00e9n\u00e9ral de l&rsquo;Agence de Ma\u00eetrise de l&rsquo;\u00c9nergie, M. Fethi Hanachi, et le directeur g\u00e9n\u00e9ral de la soci\u00e9t\u00e9 \u00ab\u00a0Vivo Energy Tunisie\u00a0\u00bb, M. Nabil Medkouri, ainsi qu&rsquo;un certain nombre de membres du personnel du minist\u00e8re et de la famille \u00e9ducative.<\/p>\n\n\n\n<p class=\"wp-block-paragraph\">Dans son discours, Mme Fatma Thabet Chiboub a soulign\u00e9 l&rsquo;importance de cette initiative, qui refl\u00e8te l&rsquo;engagement \u00e0 incarner la vision nationale d&rsquo;un avenir plus durable en introduisant le secteur de l&rsquo;\u00e9nergie d\u00e8s le plus jeune \u00e2ge, soulignant le r\u00f4le de telles initiatives dans le soutien \u00e0 l&rsquo;innovation chez les \u00e9tudiants qui sont consid\u00e9r\u00e9s comme des ambassadeurs de l&rsquo;\u00e9nergie propre.<\/p>\n\n\n\n<p class=\"wp-block-paragraph\">La ministre a salu\u00e9 les efforts du minist\u00e8re de l&rsquo;\u00c9ducation et de tous les acteurs dans la mise en \u0153uvre de ce programme \u00e9ducatif et leur volont\u00e9 de contribuer \u00e0 la construction d&rsquo;un avenir durable en stimulant des changements positifs et en pla\u00e7ant les \u00e9l\u00e8ves \u00e0 l&rsquo;avant-garde des efforts environnementaux avec la conviction de leur capacit\u00e9 \u00e0 construire un avenir bas\u00e9 sur la promotion d&rsquo;une culture de conservation des Ressources Naturelles et la promotion d&rsquo;\u00e9nergies propres et durables.<\/p>\n\n\n\n<p class=\"wp-block-paragraph\">Elle a \u00e9galement soulign\u00e9 l&rsquo;apport de ce programme pour \u00e9clairer le secteur des \u00e9nergies renouvelables en formant les \u00e9tudiants et en les motivant \u00e0 trouver des solutions pratiques qui aideront \u00e0 consommer l&rsquo;\u00e9nergie de mani\u00e8re efficace et intelligente.<\/p>\n\n\n\n<p class=\"wp-block-paragraph\">De leur c\u00f4t\u00e9, les \u00e9tudiants couronn\u00e9s ont exprim\u00e9 leur bonheur avec cette exp\u00e9rience, qui a stimul\u00e9 leur passion pour la recherche et l&rsquo;innovation dans le domaine des \u00e9nergies renouvelables, ce qui est un pas vers la cr\u00e9ation d&rsquo;une nouvelle g\u00e9n\u00e9ration d&rsquo;\u00e9tudiants conscients du r\u00f4le des \u00e9nergies propres dans la pr\u00e9servation de l&rsquo;environnement et de l&rsquo;oc\u00e9an.<\/p>\n\n\n\n<p class=\"wp-block-paragraph\">Le d\u00e9fil\u00e9 d&rsquo;honneur a \u00e9t\u00e9 l&rsquo;occasion de revoir les composantes du programme Takati \u00ab\u00a0Mes \u00e9nergies\u00a0\u00bb : ses objectifs, ses r\u00e9sultats et ses projets culminants, en plus d&rsquo;\u00e9couter les propositions des \u00e9l\u00e8ves dans les domaines du d\u00e9veloppement durable, et de leur permettre de contribuer \u00e0 l&rsquo;am\u00e9lioration de l&rsquo;environnement scolaire et communautaire.<\/p>\n\n\n\n<p class=\"wp-block-paragraph\">Il est \u00e0 noter que cet \u00e9v\u00e9nement s&rsquo;inscrit dans le cadre du programme \u00e9ducatif lanc\u00e9 par la soci\u00e9t\u00e9 \u00ab\u00a0Vivo Energy Tunisie\u00a0\u00bb en partenariat avec le Minist\u00e8re de l&rsquo;\u00c9ducation en novembre 2024, visant \u00e0 pr\u00e9senter le concept des \u00e9nergies renouvelables et leurs applications pratiques aux \u00e9coliers \u00e0 travers une gamme d&rsquo;activit\u00e9s et de jeux innovants dans le cadre de divers clubs.<\/p>\n\n\n\n<p class=\"wp-block-paragraph\">Pour y parvenir, 50 enseignants s\u00e9lectionn\u00e9s par le minist\u00e8re de l&rsquo;\u00c9ducation ont \u00e9t\u00e9 form\u00e9s pour \u00eatre des ambassadeurs du programme et contribuer au transfert de son contenu p\u00e9dagogique \u00e0 leurs \u00e9l\u00e8ves.<\/p>\n\n\n\n<p class=\"wp-block-paragraph\">Il est \u00e0 noter que ce concours a vu la participation de 1 200 \u00e9tudiants de 48 \u00e9tablissements d&rsquo;enseignement r\u00e9partis entre plusieurs entit\u00e9s internes afin de mener \u00e0 bien des projets visant \u00e0 rationaliser la consommation d&rsquo;\u00e9nergie et \u00e0 promouvoir la d\u00e9pendance aux \u00e9nergies propres.<\/p>\n\n\n\n<p class=\"wp-block-paragraph\">&nbsp;15 \u00e9l\u00e8ves de 3 \u00e9coles r\u00e9parties sur les gouvernorats de la Manouba, Monastir et Baja ont \u00e9t\u00e9 couronn\u00e9s cela en plus du couronnement de 3 enseignants qui se sont efforc\u00e9s de faire de cette initiative un succ\u00e8s.<\/p>\n\n\n\n<p class=\"wp-block-paragraph\">Ces projets culminants sont les suivants :<\/p>\n\n\n\n<p class=\"wp-block-paragraph\">* Arbre de l&rsquo;\u00e9nergie durable pour les \u00e9l\u00e8ves de l&rsquo;\u00e9cole Intilaqa Borj El-Amri dans le gouvernorat de Manouba.<\/p>\n\n\n\n<p class=\"wp-block-paragraph\">* Projet de tuiles intelligentes pour les \u00e9l\u00e8ves de l&rsquo;\u00e9cole Fadhline de la d\u00e9l\u00e9gation Tbolba dans le gouvernorat de Monastir<\/p>\n\n\n\n<p class=\"wp-block-paragraph\">* Le projet ville de demain pour les \u00e9l\u00e8ves de l&rsquo;\u00e9cole de&nbsp; la cit\u00e9 Garnata \u00e0 Testor de gouvernorat de B\u00e9ja.<\/p>\n\n\n\n<p class=\"wp-block-paragraph\">Les \u00e9tudiants honor\u00e9s ont \u00e9t\u00e9 inform\u00e9s du convoi \u00e9nerg\u00e9tique, \u00e9quip\u00e9 des derni\u00e8res technologies dans le domaine de l&rsquo;\u00e9nergie solaire photovolta\u00efque, en plus de visiter la station photovolta\u00efque mod\u00e8le situ\u00e9e au si\u00e8ge de l&rsquo;Agence nationale de ma\u00eetrise de l&rsquo;\u00c9nergie d\u00e9di\u00e9e \u00e0 la recharge d&rsquo;une voiture \u00e9lectrique respectueuse de l&rsquo;environnement.<\/p>\n","protected":false},"excerpt":{"rendered":"<p>\u00a0La ministre de l&rsquo;Industrie, des Mines et de l&rsquo;\u00e9nergie, Mme Fatma Thabet Chiboub, a supervis\u00e9 mercredi 26 mars, au si\u00e8ge du minist\u00e8re, la c\u00e9r\u00e9monie d&rsquo; hommage aux \u00e9tudiants couronn\u00e9s dans le programme \u00ab\u00a0\u00a0\u00bb\u0637\u0627\u0642\u0627\u062a\u064a\u00a0\u00bb Mes \u00e9nergies, organis\u00e9 par Vivo Energy Tunisie, sp\u00e9cialis\u00e9e dans la vente et la distribution de produits p\u00e9troliers \u00e0 la soci\u00e9t\u00e9 \u00ab\u00a0shell\u00a0\u00bb, en [&hellip;]<\/p>\n","protected":false},"author":4,"featured_media":63421,"comment_status":"open","ping_status":"closed","sticky":false,"template":"","format":"standard","meta":{"content-type":"","jnews-multi-image_gallery":[],"jnews_single_post":{"format":"standard"},"jnews_primary_category":[],"jnews_override_bookmark_settings":[],"jnews_review":[],"enable_review":"","type":"","name":"","summary":"","brand":"","sku":"","good":[],"bad":[],"score_override":"","override_value":"","rating":[],"price":[],"jnews_post_split":[],"footnotes":""},"categories":[43,73],"tags":[14993,238,4817,14994,54,116],"class_list":["post-63420","post","type-post","status-publish","format-standard","has-post-thumbnail","hentry","category-eco-business","category-eco","tag-gagants","tag-hommage","tag-le-ministere-de-leducation","tag-programme-","tag-tunisie","tag-vivo-energy-tunisie"],"_links":{"self":[{"href":"https:\/\/www.africanchallenges.com\/index.php?rest_route=\/wp\/v2\/posts\/63420","targetHints":{"allow":["GET"]}}],"collection":[{"href":"https:\/\/www.africanchallenges.com\/index.php?rest_route=\/wp\/v2\/posts"}],"about":[{"href":"https:\/\/www.africanchallenges.com\/index.php?rest_route=\/wp\/v2\/types\/post"}],"author":[{"embeddable":true,"href":"https:\/\/www.africanchallenges.com\/index.php?rest_route=\/wp\/v2\/users\/4"}],"replies":[{"embeddable":true,"href":"https:\/\/www.africanchallenges.com\/index.php?rest_route=%2Fwp%2Fv2%2Fcomments&post=63420"}],"version-history":[{"count":3,"href":"https:\/\/www.africanchallenges.com\/index.php?rest_route=\/wp\/v2\/posts\/63420\/revisions"}],"predecessor-version":[{"id":63424,"href":"https:\/\/www.africanchallenges.com\/index.php?rest_route=\/wp\/v2\/posts\/63420\/revisions\/63424"}],"wp:featuredmedia":[{"embeddable":true,"href":"https:\/\/www.africanchallenges.com\/index.php?rest_route=\/wp\/v2\/media\/63421"}],"wp:attachment":[{"href":"https:\/\/www.africanchallenges.com\/index.php?rest_route=%2Fwp%2Fv2%2Fmedia&parent=63420"}],"wp:term":[{"taxonomy":"category","embeddable":true,"href":"https:\/\/www.africanchallenges.com\/index.php?rest_route=%2Fwp%2Fv2%2Fcategories&post=63420"},{"taxonomy":"post_tag","embeddable":true,"href":"https:\/\/www.africanchallenges.com\/index.php?rest_route=%2Fwp%2Fv2%2Ftags&post=63420"}],"curies":[{"name":"wp","href":"https:\/\/api.w.org\/{rel}","templated":true}]}}