{"id":63405,"date":"2025-03-27T13:06:54","date_gmt":"2025-03-27T12:06:54","guid":{"rendered":"https:\/\/www.africanchallenges.com\/?p=63405"},"modified":"2025-03-27T13:06:54","modified_gmt":"2025-03-27T12:06:54","slug":"tunisie-le-ministre-du-tourisme-supervise-le-lancement-de-la-campagne-publicitaire-nationale-destinee-aux-marches-europeens","status":"publish","type":"post","link":"https:\/\/www.africanchallenges.com\/?p=63405","title":{"rendered":"Tunisie\u00a0: Le ministre du Tourisme supervise le lancement de la campagne publicitaire nationale destin\u00e9e aux march\u00e9s europ\u00e9ens"},"content":{"rendered":"\n<p class=\"wp-block-paragraph\">Le mardi 25 mars 2025, \u00e0 Kobbet enhas de Manouba, M. Sofiane Tekia, Ministre du Tourisme, a pr\u00e9sid\u00e9 le d\u00e9but de la campagne publicitaire nationale ciblant les march\u00e9s europ\u00e9ens sous le slogan \u00ab vivez l\u2019instant pr\u00e9sent. Vivez le moment de la Tunisie \u00bb, organis\u00e9e par l\u2019Office national tunisien du tourisme. Cet \u00e9v\u00e9nement s&rsquo;est d\u00e9roul\u00e9 en pr\u00e9sence du ministre des Affaires \u00c9trang\u00e8res et de l\u2019Immigration ainsi que des Tunisiens de l\u2019\u00e9tranger, gouverneur de Manouba, accompagn\u00e9 de plusieurs ambassadeurs accr\u00e9dit\u00e9s en Tunisie, incluant ceux de France, d\u2019Allemagne, du Royaume-Uni, d\u2019Italie, de la R\u00e9publique Tch\u00e8que, de Pologne, d\u2019Espagne, de Suisse, de Su\u00e8de, de Finlande et des Pays-Bas, ainsi que le directeur g\u00e9n\u00e9ral des m\u00e9dias nationaux tunisiens, tant locaux qu\u2019internationaux.<\/p>\n\n\n\n<p class=\"wp-block-paragraph\">M. Sofiane Tekia a mis en avant que la campagne publicitaire \u00e0 destination des march\u00e9s europ\u00e9ens repr\u00e9sente une \u00e9tape strat\u00e9gique touchant 16 pays europ\u00e9ens et sera diffus\u00e9e en 14 langues distinctes. Elle sera promue \u00e0 travers des affiches publicitaires dans les gares, les m\u00e9tros, les a\u00e9roports et d&rsquo;autres grands lieux, en soulignant que cette initiative repose principalement sur la promotion num\u00e9rique, avec 90 % de son contenu ax\u00e9 sur les plateformes num\u00e9riques pour stimuler l\u2019afflux de touristes venant de divers pays vers notre nation.<\/p>\n\n\n\n<p class=\"wp-block-paragraph\">Le ministre a pr\u00e9cis\u00e9 que la demande pour la destination tunisienne sur le march\u00e9 europ\u00e9en est en plein essor, ce qui n\u00e9cessite des efforts suppl\u00e9mentaires pour diversifier l\u2019offre, am\u00e9liorer la qualit\u00e9 des services, optimiser le transport a\u00e9rien et \u00e9tablir toutes les conditions ad\u00e9quates pour accueillir les visiteurs dans notre pays. Il a \u00e9galement fait ressortir que la Tunisie est la premi\u00e8re destination touristique sur le march\u00e9 fran\u00e7ais et se classe troisi\u00e8me en Afrique.<\/p>\n\n\n\n<p class=\"wp-block-paragraph\">Dans un cadre connexe, le ministre a accentu\u00e9 l\u2019importance du tourisme durable dans la perspective future du secteur, indiquant que la promotion des investissements dans le tourisme alternatif se poursuivra et incitant les jeunes \u00e0 soumettre des projets touristiques dans les r\u00e9gions int\u00e9rieures.<\/p>\n\n\n\n<p class=\"wp-block-paragraph\">M. Sofiane Tekia a aussi ajout\u00e9 que le minist\u00e8re \u0153uvre pour maintenir sa part de march\u00e9 \u00e0 l\u2019\u00e9chelle mondiale, en particulier en Europe, en soulignant que la r\u00e9alisation de cet objectif requiert l\u2019engagement collectif de tous les partenaires locaux et internationaux. Il a mis l&rsquo;accent sur le r\u00f4le des m\u00e9dias et des r\u00e9seaux sociaux dans l\u2019enrichissement de la sc\u00e8ne promotionnelle et marketing.<\/p>\n\n\n\n<p class=\"wp-block-paragraph\">Honorer les \u00e9tudiants gagnants du programme \u00ab\u00a0Mes \u00e9nergies\u00a0\u00bb<\/p>\n\n\n\n<p class=\"wp-block-paragraph\">&nbsp;La ministre de l&rsquo;Industrie, des Mines et de l&rsquo;\u00e9nergie, Mme Fatma Thabet Chiboub, a supervis\u00e9 mercredi 26 mars, au si\u00e8ge du minist\u00e8re, le d\u00e9fil\u00e9 en hommage aux \u00e9tudiants couronn\u00e9s dans le programme Takati \u00a0\u00bb Mes \u00e9nergies\u00a0\u00bb, organis\u00e9 par Vivo Energy Tunisie, sp\u00e9cialis\u00e9e dans la vente et la distribution de produits p\u00e9troliers \u00e0 la soci\u00e9t\u00e9 \u00ab\u00a0shell\u00a0\u00bb, en partenariat avec le Minist\u00e8re de l&rsquo;Education.<\/p>\n\n\n\n<p class=\"wp-block-paragraph\">La c\u00e9r\u00e9monie a r\u00e9uni le secr\u00e9taire d&rsquo;Etat charg\u00e9 de la transition \u00e9nerg\u00e9tique, M. Wael Chouchane, le chef de cabinet, Mme Afef Chachi Tayari, le directeur g\u00e9n\u00e9ral de l&rsquo;Agence de Ma\u00eetrise de l&rsquo;\u00c9nergie, M. Fethi Hanachi, et le directeur g\u00e9n\u00e9ral de la soci\u00e9t\u00e9 \u00ab\u00a0Vivo Energy Tunisie\u00a0\u00bb, M. Nabil Medkouri, ainsi qu&rsquo;un certain nombre de membres du personnel du minist\u00e8re et de la famille \u00e9ducative.<\/p>\n\n\n\n<p class=\"wp-block-paragraph\">Dans son discours, Mme Fatma Thabet Chiboub a soulign\u00e9 l&rsquo;importance de cette initiative, qui refl\u00e8te l&rsquo;engagement \u00e0 incarner la vision nationale d&rsquo;un avenir plus durable en introduisant le secteur de l&rsquo;\u00e9nergie d\u00e8s le plus jeune \u00e2ge, soulignant le r\u00f4le de telles initiatives dans le soutien \u00e0 l&rsquo;innovation chez les \u00e9tudiants qui sont consid\u00e9r\u00e9s comme des ambassadeurs de l&rsquo;\u00e9nergie propre.<\/p>\n\n\n\n<p class=\"wp-block-paragraph\">La ministre a salu\u00e9 les efforts du minist\u00e8re de l&rsquo;\u00c9ducation et de tous les acteurs dans la mise en \u0153uvre de ce programme \u00e9ducatif et leur volont\u00e9 de contribuer \u00e0 la construction d&rsquo;un avenir durable en stimulant des changements positifs et en pla\u00e7ant les \u00e9l\u00e8ves \u00e0 l&rsquo;avant-garde des efforts environnementaux avec la conviction de leur capacit\u00e9 \u00e0 construire un avenir bas\u00e9 sur la promotion d&rsquo;une culture de conservation des Ressources Naturelles et la promotion d&rsquo;\u00e9nergies propres et durables.<\/p>\n\n\n\n<p class=\"wp-block-paragraph\">Elle a \u00e9galement soulign\u00e9 l&rsquo;apport de ce programme pour \u00e9clairer le secteur des \u00e9nergies renouvelables en formant les \u00e9tudiants et en les motivant \u00e0 trouver des solutions pratiques qui aideront \u00e0 consommer l&rsquo;\u00e9nergie de mani\u00e8re efficace et intelligente.<\/p>\n\n\n\n<p class=\"wp-block-paragraph\">De leur c\u00f4t\u00e9, les \u00e9tudiants couronn\u00e9s ont exprim\u00e9 leur bonheur avec cette exp\u00e9rience, qui a stimul\u00e9 leur passion pour la recherche et l&rsquo;innovation dans le domaine des \u00e9nergies renouvelables, ce qui est un pas vers la cr\u00e9ation d&rsquo;une nouvelle g\u00e9n\u00e9ration d&rsquo;\u00e9tudiants conscients du r\u00f4le des \u00e9nergies propres dans la pr\u00e9servation de l&rsquo;environnement et de l&rsquo;oc\u00e9an.<\/p>\n\n\n\n<p class=\"wp-block-paragraph\">Le d\u00e9fil\u00e9 d&rsquo;honneur a \u00e9t\u00e9 l&rsquo;occasion de revoir les composantes du programme Takati \u00ab\u00a0Mes \u00e9nergies\u00a0\u00bb : ses objectifs, ses r\u00e9sultats et ses projets culminants, en plus d&rsquo;\u00e9couter les propositions des \u00e9l\u00e8ves dans les domaines du d\u00e9veloppement durable, et de leur permettre de contribuer \u00e0 l&rsquo;am\u00e9lioration de l&rsquo;environnement scolaire et communautaire.<\/p>\n\n\n\n<p class=\"wp-block-paragraph\">Il est \u00e0 noter que cet \u00e9v\u00e9nement s&rsquo;inscrit dans le cadre du programme \u00e9ducatif lanc\u00e9 par la soci\u00e9t\u00e9 \u00ab\u00a0Vivo Energy Tunisie\u00a0\u00bb en partenariat avec le Minist\u00e8re de l&rsquo;\u00c9ducation en novembre 2024, visant \u00e0 pr\u00e9senter le concept des \u00e9nergies renouvelables et leurs applications pratiques aux \u00e9coliers \u00e0 travers une gamme d&rsquo;activit\u00e9s et de jeux innovants dans le cadre de divers clubs.<\/p>\n\n\n\n<p class=\"wp-block-paragraph\">Pour y parvenir, 50 enseignants s\u00e9lectionn\u00e9s par le minist\u00e8re de l&rsquo;\u00c9ducation ont \u00e9t\u00e9 form\u00e9s pour \u00eatre des ambassadeurs du programme et contribuer au transfert de son contenu p\u00e9dagogique \u00e0 leurs \u00e9l\u00e8ves.<\/p>\n\n\n\n<p class=\"wp-block-paragraph\">Il est \u00e0 noter que ce concours a vu la participation de 1 200 \u00e9tudiants de 48 \u00e9tablissements d&rsquo;enseignement r\u00e9partis entre plusieurs entit\u00e9s internes afin de mener \u00e0 bien des projets visant \u00e0 rationaliser la consommation d&rsquo;\u00e9nergie et \u00e0 promouvoir la d\u00e9pendance aux \u00e9nergies propres.<\/p>\n\n\n\n<p class=\"wp-block-paragraph\">&nbsp;15 \u00e9l\u00e8ves de 3 \u00e9coles r\u00e9parties sur les gouvernorats de la Manouba, Monastir et Baja ont \u00e9t\u00e9 couronn\u00e9s cela en plus du couronnement de 3 enseignants qui se sont efforc\u00e9s de faire de cette initiative un succ\u00e8s.<\/p>\n\n\n\n<p class=\"wp-block-paragraph\">Ces projets culminants sont les suivants :<\/p>\n\n\n\n<p class=\"wp-block-paragraph\">* Arbre de l&rsquo;\u00e9nergie durable pour les \u00e9l\u00e8ves de l&rsquo;\u00e9cole Intilaqa Borj El-Amri dans le gouvernorat de Manouba.<\/p>\n\n\n\n<p class=\"wp-block-paragraph\">* Projet de tuiles intelligentes pour les \u00e9l\u00e8ves de l&rsquo;\u00e9cole Fadhline de la d\u00e9l\u00e9gation Tbolba dans le gouvernorat de Monastir<\/p>\n\n\n\n<p class=\"wp-block-paragraph\">* Le projet ville de demain pour les \u00e9l\u00e8ves de l&rsquo;\u00e9cole de&nbsp; la cit\u00e9 Garnata \u00e0 Testor de gouvernorat de B\u00e9ja.<\/p>\n\n\n\n<p class=\"wp-block-paragraph\">Les \u00e9tudiants honor\u00e9s ont \u00e9t\u00e9 inform\u00e9s du convoi \u00e9nerg\u00e9tique, \u00e9quip\u00e9 des derni\u00e8res technologies dans le domaine de l&rsquo;\u00e9nergie solaire photovolta\u00efque, en plus de visiter la station photovolta\u00efque mod\u00e8le situ\u00e9e au si\u00e8ge de l&rsquo;Agence nationale de ma\u00eetrise de l&rsquo;\u00c9nergie d\u00e9di\u00e9e \u00e0 la recharge d&rsquo;une voiture \u00e9lectrique respectueuse de l&rsquo;environnement.<\/p>\n","protected":false},"excerpt":{"rendered":"<p>Le mardi 25 mars 2025, \u00e0 Kobbet enhas de Manouba, M. Sofiane Tekia, Ministre du Tourisme, a pr\u00e9sid\u00e9 le d\u00e9but de la campagne publicitaire nationale ciblant les march\u00e9s europ\u00e9ens sous le slogan \u00ab vivez l\u2019instant pr\u00e9sent. Vivez le moment de la Tunisie \u00bb, organis\u00e9e par l\u2019Office national tunisien du tourisme. Cet \u00e9v\u00e9nement s&rsquo;est d\u00e9roul\u00e9 en [&hellip;]<\/p>\n","protected":false},"author":4,"featured_media":63406,"comment_status":"open","ping_status":"closed","sticky":false,"template":"","format":"standard","meta":{"content-type":"","jnews-multi-image_gallery":[],"jnews_single_post":{"format":"standard"},"jnews_primary_category":[],"jnews_override_bookmark_settings":[],"jnews_review":[],"enable_review":"","type":"","name":"","summary":"","brand":"","sku":"","good":[],"bad":[],"score_override":"","override_value":"","rating":[],"price":[],"jnews_post_split":[],"footnotes":""},"categories":[2],"tags":[14985,759,14986,54],"class_list":["post-63405","post","type-post","status-publish","format-standard","has-post-thumbnail","hentry","category-news-politique","tag-campagne-publicitaire-nationale","tag-lancement","tag-marches-europeens","tag-tunisie"],"_links":{"self":[{"href":"https:\/\/www.africanchallenges.com\/index.php?rest_route=\/wp\/v2\/posts\/63405","targetHints":{"allow":["GET"]}}],"collection":[{"href":"https:\/\/www.africanchallenges.com\/index.php?rest_route=\/wp\/v2\/posts"}],"about":[{"href":"https:\/\/www.africanchallenges.com\/index.php?rest_route=\/wp\/v2\/types\/post"}],"author":[{"embeddable":true,"href":"https:\/\/www.africanchallenges.com\/index.php?rest_route=\/wp\/v2\/users\/4"}],"replies":[{"embeddable":true,"href":"https:\/\/www.africanchallenges.com\/index.php?rest_route=%2Fwp%2Fv2%2Fcomments&post=63405"}],"version-history":[{"count":1,"href":"https:\/\/www.africanchallenges.com\/index.php?rest_route=\/wp\/v2\/posts\/63405\/revisions"}],"predecessor-version":[{"id":63407,"href":"https:\/\/www.africanchallenges.com\/index.php?rest_route=\/wp\/v2\/posts\/63405\/revisions\/63407"}],"wp:featuredmedia":[{"embeddable":true,"href":"https:\/\/www.africanchallenges.com\/index.php?rest_route=\/wp\/v2\/media\/63406"}],"wp:attachment":[{"href":"https:\/\/www.africanchallenges.com\/index.php?rest_route=%2Fwp%2Fv2%2Fmedia&parent=63405"}],"wp:term":[{"taxonomy":"category","embeddable":true,"href":"https:\/\/www.africanchallenges.com\/index.php?rest_route=%2Fwp%2Fv2%2Fcategories&post=63405"},{"taxonomy":"post_tag","embeddable":true,"href":"https:\/\/www.africanchallenges.com\/index.php?rest_route=%2Fwp%2Fv2%2Ftags&post=63405"}],"curies":[{"name":"wp","href":"https:\/\/api.w.org\/{rel}","templated":true}]}}