{"id":63392,"date":"2025-03-26T12:46:00","date_gmt":"2025-03-26T11:46:00","guid":{"rendered":"https:\/\/www.africanchallenges.com\/?p=63392"},"modified":"2025-03-26T13:19:29","modified_gmt":"2025-03-26T12:19:29","slug":"tunisie-journee-mondiale-de-leau-le-ministre-de-lagriculture-appelle-a-une-action-collective-pour-proteger-nos-ressources-en-eau-en-adoptant-des-pratiques-responsables-et-en-mettant-en-oeuvre-de","status":"publish","type":"post","link":"https:\/\/www.africanchallenges.com\/?p=63392","title":{"rendered":"Tunisie-Journ\u00e9e Mondiale de l&rsquo;Eau :Le ministre de l&rsquo;Agriculture appelle \u00e0 une action collective pour prot\u00e9ger nos ressources en eau, en adoptant des pratiques responsables et en mettant en \u0153uvre des technologies \u00e9conomes en eau"},"content":{"rendered":"\n<p class=\"wp-block-paragraph\">Pour marquer la Journ\u00e9e Mondiale de l&rsquo;Eau, c\u00e9l\u00e9br\u00e9e chaque 22 mars, le mardi 25 mars 2025, M. Ezzedine Ben Chikh, Ministre de l&rsquo;Agriculture, des Ressources hydrauliques et de la P\u00eache, a pr\u00e9sid\u00e9 une Journ\u00e9e d&rsquo;information et de Sensibilisation, avec la participation de M. Hammadi Habib, secr\u00e9taire d&rsquo;\u00c9tat aupr\u00e8s du ministre de l&rsquo;Agriculture, des Ressources hydrauliques et de la P\u00eache, charg\u00e9 des Ressources en eau.<\/p>\n\n\n\n<p class=\"wp-block-paragraph\">Cet \u00e9v\u00e9nement portait le slogan \u00ab\u00a0la gestion de la demande en eau entre r\u00e9duction des pertes en eau et utilisation de l&rsquo;eau non conventionnelle\u00a0\u00bb et a rassembl\u00e9 le Pr\u00e9sident, Directeur G\u00e9n\u00e9ral de la soci\u00e9t\u00e9 nationale d&rsquo;exploitation et de distribution de l&rsquo;eau, de nombreux v\u00e9t\u00e9rans du minist\u00e8re, des experts du domaine, ainsi que des repr\u00e9sentants d&rsquo;une majorit\u00e9 de minist\u00e8res et plusieurs membres d&rsquo;associations actives dans le secteur de l&rsquo;eau ainsi que des hauts fonctionnaires du minist\u00e8re.<\/p>\n\n\n\n<p class=\"wp-block-paragraph\">La journ\u00e9e a comport\u00e9 divers discours, centr\u00e9s principalement sur :<\/p>\n\n\n\n<p class=\"wp-block-paragraph\">&#8211; L&rsquo;\u00e9tat de l&rsquo;eau et les raisons qui motivent l&rsquo;utilisation de sources d&rsquo;eau non traditionnelles,<\/p>\n\n\n\n<p class=\"wp-block-paragraph\">&#8211; L&rsquo;am\u00e9lioration des performances des r\u00e9seaux afin de diminuer les pertes d&rsquo;eau,<\/p>\n\n\n\n<p class=\"wp-block-paragraph\">&#8211; L&rsquo;entretien des infrastructures et des syst\u00e8mes d&rsquo;eau,<\/p>\n\n\n\n<p class=\"wp-block-paragraph\">&#8211; La r\u00e9utilisation des eaux us\u00e9es trait\u00e9es dans le cadre du \u00ab\u00a0projet Tanit\u00a0\u00bb,<\/p>\n\n\n\n<p class=\"wp-block-paragraph\">&#8211; L&rsquo;exp\u00e9rience exemplaire d&rsquo;\u00e9conomie d&rsquo;eau dans le secteur textile avec la soci\u00e9t\u00e9 \u00ab\u00a0STARTEX\u00a0\u00bb \u00e0 Qasr Hilal,<\/p>\n\n\n\n<p class=\"wp-block-paragraph\">&#8211; Le mod\u00e8le d&rsquo;\u00e9conomie d&rsquo;eau dans l&rsquo;industrie touristique au sein des unit\u00e9s touristiques \u00ab\u00a0RESORT\u00a0\u00bb \u00e0 Hammamet et Monastir.<\/p>\n\n\n\n<p class=\"wp-block-paragraph\">Dans son allocution d&rsquo;ouverture, le ministre a mis en lumi\u00e8re les d\u00e9fis actuels pos\u00e9s par la raret\u00e9 croissante de l&rsquo;eau et la d\u00e9gradation de sa qualit\u00e9, exacerb\u00e9e par l&rsquo;augmentation de la consommation, le d\u00e9veloppement et la diversification des activit\u00e9s \u00e9conomiques qui lui sont li\u00e9es. Il a \u00e9galement soulign\u00e9 que les s\u00e9cheresses fr\u00e9quentes (8 \u00e0 9 ans) avaient entam\u00e9 les r\u00e9serves des barrages (actuellement \u00e0 35,5 %), entra\u00eenant un d\u00e9clin des niveaux des nappes phr\u00e9atiques et l\u2019\u00e9puisement de nombreux puits profonds. Dans le contexte des changements climatiques affectant la Tunisie, la r\u00e9gion et le monde entier, il est imp\u00e9ratif de recourir \u00e0 des ressources en eau non traditionnelles, notamment les eaux souterraines salines et l&rsquo;eau de mer apr\u00e8s dessalement, ainsi que d&rsquo;utiliser des eaux us\u00e9es trait\u00e9es pour l&rsquo;irrigation. Optimiser l\u2019usage de l\u2019eau, que ce soit pour des finalit\u00e9s domestiques, industrielles, touristiques ou agricoles, est une n\u00e9cessit\u00e9 incontournable dict\u00e9e par les enjeux futurs.<\/p>\n\n\n\n<p class=\"wp-block-paragraph\">Il a \u00e9galement mentionn\u00e9 que la signification de ces choix est valid\u00e9e d&rsquo;un point de vue social et \u00e9conomique dans la mesure o\u00f9 des initiatives sont en cours pour d\u00e9velopper des technologies qui permettent d&rsquo;offrir une eau de qualit\u00e9 \u00e0 un prix accessible pour les consommateurs, r\u00e9alisant ainsi l&rsquo;un des objectifs majeurs li\u00e9s au sixi\u00e8me Objectif de d\u00e9veloppement durable, \u00e0 savoir l&rsquo;acc\u00e8s universel \u00e0 une eau potable s\u00fbre et abordable.<\/p>\n\n\n\n<p class=\"wp-block-paragraph\">Concernant le secteur agricole, le ministre a indiqu\u00e9 que la mise en place de telles solutions pourrait augmenter la production d&rsquo;eau avec des rendements \u00e9conomiques et productifs consid\u00e9rables, renfor\u00e7ant ainsi la s\u00e9curit\u00e9 alimentaire. Il a ajout\u00e9 que l&rsquo;adoption d&rsquo;\u00e9nergies renouvelables pourrait aider \u00e0 contenir les co\u00fbts et \u00e0 r\u00e9duire les impacts sur l&rsquo;environnement, cr\u00e9ant ainsi une opportunit\u00e9 significative pour le financement, le d\u00e9veloppement et la diversification de ces solutions.<\/p>\n\n\n\n<p class=\"wp-block-paragraph\">Le ministre a \u00e9galement pr\u00e9cis\u00e9 que la Tunisie a commenc\u00e9, depuis les ann\u00e9es quatre-vingt, \u00e0 dessaler les eaux souterraines salines \u00e0 des fins de consommation, notamment dans le sud du pays, o\u00f9 l&rsquo;eau douce est rare. Il a soulign\u00e9 que la Soci\u00e9t\u00e9 Nationale d&rsquo;exploitation et de distribution d&rsquo;eau g\u00e8re actuellement 15 stations de dessalement, avec la cr\u00e9ation de 7 usines suppl\u00e9mentaires, et depuis 2018, la premi\u00e8re usine de dessalement d&rsquo;eau de mer a \u00e9t\u00e9 mise en service \u00e0 Djerba, suivie par deux autres usines \u00e0 Zarat et Sfax, ainsi qu&rsquo;une usine \u00e0 Sousse qui est en phase de finalisation.<\/p>\n\n\n\n<p class=\"wp-block-paragraph\">Dans ce cadre, le ministre a indiqu\u00e9 que la vision \u00e0 long terme se dirige vers une reliance accrue sur l&rsquo;eau de mer dessal\u00e9e pour r\u00e9pondre aux besoins en eau potable du pays, tout en poursuivant l&rsquo;ach\u00e8vement des installations de dessalement et en int\u00e9grant les \u00e9nergies renouvelables.<\/p>\n\n\n\n<p class=\"wp-block-paragraph\">En ce qui concerne l&#8217;emploi des technologies de dessalement de l&rsquo;eau sal\u00e9e dans le secteur agricole, le ministre a indiqu\u00e9 qu&rsquo;elles sont jug\u00e9es efficaces et \u00e9conomiquement viables, surtout lorsqu&rsquo;il s&rsquo;agit de cultiver des plantes \u00e0 forte rentabilit\u00e9, comme les l\u00e9gumes cultiv\u00e9s sous serre et les cultures cibl\u00e9es pour l&rsquo;exportation. Il a mentionn\u00e9 qu&rsquo;en 2015, la premi\u00e8re station exp\u00e9rimentale a \u00e9t\u00e9 mise en service dans la zone de Gounat, dans le gouvernorat de Mahdia, afin d&rsquo;\u00e9valuer sa rentabilit\u00e9 socio-\u00e9conomique, qui s&rsquo;est r\u00e9v\u00e9l\u00e9e positive tant pour la production que pour la productivit\u00e9 de l&rsquo;eau. Cela incite \u00e0 l&rsquo;\u00e9change d&rsquo;exp\u00e9riences dans d&rsquo;autres secteurs pour tirer parti de l&rsquo;eau sal\u00e9e et semi-saline pour l&rsquo;irrigation en tant que r\u00e9ponse aux changements climatiques. En 2023, une seconde station de dessalement a \u00e9t\u00e9 achev\u00e9e dans la zone de Bir ben kemla, dans le gouvernorat de Mahdia, avec une capacit\u00e9 de production quotidienne de 1000 m\u00e8tres cubes. Parall\u00e8lement, une troisi\u00e8me station utilisant la technologie de nanofiltration a \u00e9t\u00e9 mise en place avec une capacit\u00e9 de 20 m\u00e8tres cubes par jour, dans le but de comparer le co\u00fbt de production du m\u00e8tre cube d&rsquo;eau dessal\u00e9e selon diff\u00e9rentes technologies. Un programme a \u00e9galement \u00e9t\u00e9 \u00e9labor\u00e9, int\u00e9grant 19 nouvelles stations de dessalement aliment\u00e9es par \u00e9nergie solaire, totalisant une capacit\u00e9 de production de 32 800 m3 par jour et n\u00e9cessitant un investissement de pr\u00e8s de 95 millions de dinars pour une \u00e9valuation plus compl\u00e8te de ces solutions agricoles.<\/p>\n\n\n\n<p class=\"wp-block-paragraph\">Concernant les eaux us\u00e9es, le ministre a d\u00e9clar\u00e9 que la Tunisie se positionne en tant que pionni\u00e8re dans le traitement et la r\u00e9utilisation des eaux us\u00e9es, ayant r\u00e9alis\u00e9 des avanc\u00e9es notables depuis les ann\u00e9es 1960. La superficie des zones irrigu\u00e9es par de l&rsquo;eau trait\u00e9e a atteint 7590 hectares, avec un taux de r\u00e9utilisation en irrigation ne d\u00e9passant pas 8%. Dans ce contexte, un plan strat\u00e9gique a \u00e9t\u00e9 mis en place pour promouvoir l&rsquo;utilisation des eaux trait\u00e9es d&rsquo;ici 2050, englobant toutes les dimensions et modalit\u00e9s de r\u00e9utilisation dans divers secteurs. En ce qui concerne l&rsquo;irrigation, le plan ambitionne d&rsquo;atteindre un taux de r\u00e9utilisation d&rsquo;au moins 75% d&rsquo;ici 2050, en am\u00e9nageant 56 000 hectares de zones r\u00e9sidentielles, dont 26 000 hectares repr\u00e9sentent de nouveaux projets.<\/p>\n\n\n\n<p class=\"wp-block-paragraph\">Le ministre a \u00e9galement indiqu\u00e9 que la digitalisation et les technologies num\u00e9riques sont per\u00e7ues comme des facteurs de changement significatif et d&rsquo;augmentation de la transparence dans le secteur de l&rsquo;eau. Elles joueront un r\u00f4le cl\u00e9 dans l&rsquo;accompagnement des m\u00e9thodes de production et de consommation vers une gestion efficace, intelligente et durable de l&rsquo;eau. Il a soulign\u00e9 que la cha\u00eene de valeur dans le cycle de l&rsquo;eau doit inclure le citoyen, sp\u00e9cialement en tant que partenaire essentiel pour relever les d\u00e9fis en cours et orienter sa sensibilisation vers un changement de comportement fond\u00e9 sur l&rsquo;\u00e9conomie collective de l&rsquo;eau. Cela permettra de ma\u00eetriser la demande en eau et d&rsquo;assurer une utilisation rationnelle \u00e0 tous les niveaux, que ce soit domestique, industriel ou touristique.<\/p>\n\n\n\n<p class=\"wp-block-paragraph\">En conclusion, le ministre a rappel\u00e9 que la pr\u00e9servation de nos ressources en eau constitue une responsabilit\u00e9 partag\u00e9e qui exige des efforts collectifs de chacun. Il a exhort\u00e9 tous les citoyens \u00e0 r\u00e9duire leur consommation d&rsquo;eau et \u00e0 participer \u00e0 la sauvegarde de cette ressource pr\u00e9cieuse, en adoptant des comportements responsables et en recourant \u00e0 des technologies efficaces en mati\u00e8re d&rsquo;eau, d\u00e9clarant \u00ab\u00a0Unissons nos efforts pour garantir un avenir durable de l\u2019eau en Tunisie. \u00ab\u00a0<\/p>\n\n\n\n<p class=\"wp-block-paragraph\">Lors de cet \u00e9v\u00e9nement, l&rsquo;\u00e9quipe de la s\u00e9rie \u00ab\u00a0Ragouj\u00a0\u00bb a \u00e9t\u00e9 r\u00e9compens\u00e9e pour son r\u00f4le dans la sensibilisation et la mise en lumi\u00e8re de l&rsquo;importance de la conservation de l&rsquo;eau en tant que richesse naturelle.<\/p>\n\n\n\n<p class=\"wp-block-paragraph\"><\/p>\n","protected":false},"excerpt":{"rendered":"<p>Pour marquer la Journ\u00e9e Mondiale de l&rsquo;Eau, c\u00e9l\u00e9br\u00e9e chaque 22 mars, le mardi 25 mars 2025, M. Ezzedine Ben Chikh, Ministre de l&rsquo;Agriculture, des Ressources hydrauliques et de la P\u00eache, a pr\u00e9sid\u00e9 une Journ\u00e9e d&rsquo;information et de Sensibilisation, avec la participation de M. Hammadi Habib, secr\u00e9taire d&rsquo;\u00c9tat aupr\u00e8s du ministre de l&rsquo;Agriculture, des Ressources hydrauliques [&hellip;]<\/p>\n","protected":false},"author":4,"featured_media":63393,"comment_status":"open","ping_status":"closed","sticky":false,"template":"","format":"standard","meta":{"content-type":"","jnews-multi-image_gallery":[],"jnews_single_post":[],"jnews_primary_category":[],"jnews_override_bookmark_settings":[],"jnews_review":[],"enable_review":"","type":"","name":"","summary":"","brand":"","sku":"","good":[],"bad":[],"score_override":"","override_value":"","rating":[],"price":[],"jnews_post_split":[],"footnotes":""},"categories":[2],"tags":[14984,14983,14982,54],"class_list":["post-63392","post","type-post","status-publish","format-standard","has-post-thumbnail","hentry","category-news-politique","tag-ezzedine-ben-chikh","tag-journee-dinformation-et-de-sensibilisation","tag-journee-mondiale-de-leau-2","tag-tunisie"],"_links":{"self":[{"href":"https:\/\/www.africanchallenges.com\/index.php?rest_route=\/wp\/v2\/posts\/63392","targetHints":{"allow":["GET"]}}],"collection":[{"href":"https:\/\/www.africanchallenges.com\/index.php?rest_route=\/wp\/v2\/posts"}],"about":[{"href":"https:\/\/www.africanchallenges.com\/index.php?rest_route=\/wp\/v2\/types\/post"}],"author":[{"embeddable":true,"href":"https:\/\/www.africanchallenges.com\/index.php?rest_route=\/wp\/v2\/users\/4"}],"replies":[{"embeddable":true,"href":"https:\/\/www.africanchallenges.com\/index.php?rest_route=%2Fwp%2Fv2%2Fcomments&post=63392"}],"version-history":[{"count":1,"href":"https:\/\/www.africanchallenges.com\/index.php?rest_route=\/wp\/v2\/posts\/63392\/revisions"}],"predecessor-version":[{"id":63394,"href":"https:\/\/www.africanchallenges.com\/index.php?rest_route=\/wp\/v2\/posts\/63392\/revisions\/63394"}],"wp:featuredmedia":[{"embeddable":true,"href":"https:\/\/www.africanchallenges.com\/index.php?rest_route=\/wp\/v2\/media\/63393"}],"wp:attachment":[{"href":"https:\/\/www.africanchallenges.com\/index.php?rest_route=%2Fwp%2Fv2%2Fmedia&parent=63392"}],"wp:term":[{"taxonomy":"category","embeddable":true,"href":"https:\/\/www.africanchallenges.com\/index.php?rest_route=%2Fwp%2Fv2%2Fcategories&post=63392"},{"taxonomy":"post_tag","embeddable":true,"href":"https:\/\/www.africanchallenges.com\/index.php?rest_route=%2Fwp%2Fv2%2Ftags&post=63392"}],"curies":[{"name":"wp","href":"https:\/\/api.w.org\/{rel}","templated":true}]}}