{"id":63375,"date":"2025-03-26T12:16:30","date_gmt":"2025-03-26T11:16:30","guid":{"rendered":"https:\/\/www.africanchallenges.com\/?p=63375"},"modified":"2025-03-26T12:17:22","modified_gmt":"2025-03-26T11:17:22","slug":"tunisie-nomination-de-lancien-ministre-des-affaires-etrangeres-nabil-ammar-representant-permanent-de-la-tunisie-aupres-de-lonu","status":"publish","type":"post","link":"https:\/\/www.africanchallenges.com\/?p=63375","title":{"rendered":"Tunisie : Nomination de l&rsquo;Ancien ministre des Affaires \u00e9trang\u00e8res, Nabil Ammar,  Repr\u00e9sentant permanent de la Tunisie aupr\u00e8s de l\u2019ONU"},"content":{"rendered":"\n<p class=\"wp-block-paragraph\">Le pr\u00e9sident de la R\u00e9publique, Ka\u00efs Sa\u00efed, a remis, le mardi 25 mars 2025 apr\u00e8s-midi, au palais de Carthage, les lettres d&rsquo;accr\u00e9ditation \u00e0 Nabil Ammar en tant que Repr\u00e9sentant permanent de la Tunisie aupr\u00e8s de l&rsquo;Organisation des Nations unies \u00e0 New York.<\/p>\n\n\n\n<p class=\"wp-block-paragraph\">Cette annonce a \u00e9t\u00e9 faite le soir m\u00eame par un bref communiqu\u00e9 du minist\u00e8re des Affaires \u00e9trang\u00e8res, confirmant ainsi une rumeur qui circulait depuis plusieurs semaines sans validation officielle.<\/p>\n\n\n\n<p class=\"wp-block-paragraph\">Ancien ministre des Affaires \u00e9trang\u00e8res, Nabil Ammar avait occup\u00e9 cette fonction du 7 f\u00e9vrier 2023 au 25 ao\u00fbt 2024. Son d\u00e9part du minist\u00e8re et sa nomination \u00e0 New York avaient suscit\u00e9 de nombreuses sp\u00e9culations, d\u00e9sormais valid\u00e9es par cette d\u00e9signation officielle.<\/p>\n\n\n\n<p class=\"wp-block-paragraph\"><\/p>\n","protected":false},"excerpt":{"rendered":"<p>Le pr\u00e9sident de la R\u00e9publique, Ka\u00efs Sa\u00efed, a remis, le mardi 25 mars 2025 apr\u00e8s-midi, au palais de Carthage, les lettres d&rsquo;accr\u00e9ditation \u00e0 Nabil Ammar en tant que Repr\u00e9sentant permanent de la Tunisie aupr\u00e8s de l&rsquo;Organisation des Nations unies \u00e0 New York. Cette annonce a \u00e9t\u00e9 faite le soir m\u00eame par un bref communiqu\u00e9 du [&hellip;]<\/p>\n","protected":false},"author":4,"featured_media":52902,"comment_status":"open","ping_status":"closed","sticky":false,"template":"","format":"standard","meta":{"content-type":"","jnews-multi-image_gallery":[],"jnews_single_post":[],"jnews_primary_category":[],"jnews_override_bookmark_settings":[],"jnews_review":[],"enable_review":"","type":"","name":"","summary":"","brand":"","sku":"","good":[],"bad":[],"score_override":"","override_value":"","rating":[],"price":[],"jnews_post_split":[],"footnotes":""},"categories":[2],"tags":[3694,13121,9906,701],"class_list":["post-63375","post","type-post","status-publish","format-standard","has-post-thumbnail","hentry","category-news-politique","tag-kais-saied","tag-lorganisation-des-nations-unies","tag-nabil-ammar","tag-new-york"],"_links":{"self":[{"href":"https:\/\/www.africanchallenges.com\/index.php?rest_route=\/wp\/v2\/posts\/63375","targetHints":{"allow":["GET"]}}],"collection":[{"href":"https:\/\/www.africanchallenges.com\/index.php?rest_route=\/wp\/v2\/posts"}],"about":[{"href":"https:\/\/www.africanchallenges.com\/index.php?rest_route=\/wp\/v2\/types\/post"}],"author":[{"embeddable":true,"href":"https:\/\/www.africanchallenges.com\/index.php?rest_route=\/wp\/v2\/users\/4"}],"replies":[{"embeddable":true,"href":"https:\/\/www.africanchallenges.com\/index.php?rest_route=%2Fwp%2Fv2%2Fcomments&post=63375"}],"version-history":[{"count":3,"href":"https:\/\/www.africanchallenges.com\/index.php?rest_route=\/wp\/v2\/posts\/63375\/revisions"}],"predecessor-version":[{"id":63378,"href":"https:\/\/www.africanchallenges.com\/index.php?rest_route=\/wp\/v2\/posts\/63375\/revisions\/63378"}],"wp:featuredmedia":[{"embeddable":true,"href":"https:\/\/www.africanchallenges.com\/index.php?rest_route=\/wp\/v2\/media\/52902"}],"wp:attachment":[{"href":"https:\/\/www.africanchallenges.com\/index.php?rest_route=%2Fwp%2Fv2%2Fmedia&parent=63375"}],"wp:term":[{"taxonomy":"category","embeddable":true,"href":"https:\/\/www.africanchallenges.com\/index.php?rest_route=%2Fwp%2Fv2%2Fcategories&post=63375"},{"taxonomy":"post_tag","embeddable":true,"href":"https:\/\/www.africanchallenges.com\/index.php?rest_route=%2Fwp%2Fv2%2Ftags&post=63375"}],"curies":[{"name":"wp","href":"https:\/\/api.w.org\/{rel}","templated":true}]}}