{"id":63326,"date":"2025-03-10T23:44:14","date_gmt":"2025-03-10T22:44:14","guid":{"rendered":"https:\/\/www.africanchallenges.com\/?p=63326"},"modified":"2025-03-10T23:45:07","modified_gmt":"2025-03-10T22:45:07","slug":"tunisie-rejet-categorique-par-la-tunisie-de-toutes-les-tentatives-visant-a-deplacer-le-peuple-palestinien-et-a-liquider-sa-juste-cause","status":"publish","type":"post","link":"https:\/\/www.africanchallenges.com\/?p=63326","title":{"rendered":"Tunisie : Rejet cat\u00e9gorique par la Tunisie de toutes les tentatives visant \u00e0 d\u00e9placer le peuple palestinien et \u00e0 liquider sa juste cause"},"content":{"rendered":"\n<p class=\"wp-block-paragraph\">M. Mohamed Ali Nafti, Ministre des Affaires Etrang\u00e8res, de la Migration et des Tunisiens \u00e0 l&rsquo;Etranger, a prononc\u00e9, vendredi soir 07 mars 2025, le discours de la Tunisie \u00e0 la R\u00e9union Extraordinaire des Ministres des Affaires \u00e9trang\u00e8res de l&rsquo;Organisation de la Coop\u00e9ration Islamique (OCI) pour discuter de l&rsquo;agression isra\u00e9lienne continue contre le peuple palestinien et des appels \u00e0 le d\u00e9placer de sa terre. Dans son allocution, il a mis l\u2019accent en particulier sur ce qui suit :<\/p>\n\n\n\n<p class=\"wp-block-paragraph\">&#8211; La position ferme de la Tunisie en faveur des luttes du peuple palestinien pour recouvrer tous ses droits l\u00e9gitimes et \u00e9tablir son Etat ind\u00e9pendant sur l&rsquo;ensemble du territoire de la Palestine, avec Al-Quds Al-Sharif comme capitale.<\/p>\n\n\n\n<p class=\"wp-block-paragraph\">&#8211; Le rejet cat\u00e9gorique par la Tunisie de toutes les tentatives visant \u00e0 d\u00e9placer le peuple palestinien et \u00e0 liquider sa juste cause.<\/p>\n\n\n\n<p class=\"wp-block-paragraph\">&#8211; Le renouvellement de l&rsquo;enti\u00e8re solidarit\u00e9 avec le Royaume d&rsquo;Arabie Saoudite, la R\u00e9publique Arabe d&rsquo;Egypte et le Royaume Hach\u00e9mite de Jordanie face aux menaces qui p\u00e8sent sur leur souverainet\u00e9, leur s\u00e9curit\u00e9 et leur stabilit\u00e9.<\/p>\n\n\n\n<p class=\"wp-block-paragraph\">&#8211; Conform\u00e9ment aux r\u00e9sultats du Sommet arabe extraordinaire du Caire, l&rsquo;appel a \u00e9t\u00e9 renouvel\u00e9 \u00e0 la communaut\u00e9 internationale, en particulier aux Nations Unies, pour qu&rsquo;elle assume sa responsabilit\u00e9 juridique, humanitaire et morale et fasse pression pour que des mesures imm\u00e9diates et efficaces soient prises, et ce afin d&rsquo;assurer la protection internationale du peuple palestinien, de garantir la permanence du cessez-le-feu \u00e0 Gaza et de permettre au peuple palestinien d&rsquo;exercer son droit \u00e0 reconstruire sa terre et \u00e0 recevoir l&rsquo;aide humanitaire dont il a besoin.<\/p>\n\n\n\n<p class=\"wp-block-paragraph\">En marge de la R\u00e9union Extraordinaire des Ministres des Affaires Etrang\u00e8res de l&rsquo;OCI, le Ministre a tenu un certain nombre de r\u00e9unions avec ses Homologues, y compris les Ministres des Affaires Etrang\u00e8res de l&rsquo;Egypte, du Bahre\u00efn, de l&rsquo;Iran, de l&rsquo;Azerba\u00efdjan et de l&rsquo;Indon\u00e9sie, afin de discuter des moyens de d\u00e9velopper les relations de coop\u00e9ration existantes avec leurs pays et de bien pr\u00e9parer les \u00e9ch\u00e9ances bilat\u00e9rales \u00e0 venir ainsi que les questions internationales et r\u00e9gionales qui requi\u00e8rent une coordination et une consultation r\u00e9guli\u00e8res.<\/p>\n\n\n\n<p class=\"wp-block-paragraph\">Outre ces r\u00e9unions, M. Mohamed Ali Nafti a rencontr\u00e9 Dr. Bandar bin Fahd Al-Fuhaid, pr\u00e9sident de l&rsquo;Organisation arabe du tourisme (OAT).<\/p>\n\n\n\n<p class=\"wp-block-paragraph\">La r\u00e9union a port\u00e9 sur le r\u00f4le de l&rsquo;OAT dans le soutien du tourisme arabe et le d\u00e9veloppement de programmes de formation technique dans les domaines du tourisme et de l&rsquo;h\u00f4tellerie, en plus du renforcement de la pr\u00e9sence de la Tunisie \u00e0 des postes avanc\u00e9s au sein d&rsquo;organisations internationales, onusiennes et r\u00e9gionales sp\u00e9cialis\u00e9es dans le domaine du tourisme.<\/p>\n","protected":false},"excerpt":{"rendered":"<p>M. Mohamed Ali Nafti, Ministre des Affaires Etrang\u00e8res, de la Migration et des Tunisiens \u00e0 l&rsquo;Etranger, a prononc\u00e9, vendredi soir 07 mars 2025, le discours de la Tunisie \u00e0 la R\u00e9union Extraordinaire des Ministres des Affaires \u00e9trang\u00e8res de l&rsquo;Organisation de la Coop\u00e9ration Islamique (OCI) pour discuter de l&rsquo;agression isra\u00e9lienne continue contre le peuple palestinien et [&hellip;]<\/p>\n","protected":false},"author":4,"featured_media":63327,"comment_status":"open","ping_status":"closed","sticky":false,"template":"","format":"standard","meta":{"content-type":"","jnews-multi-image_gallery":[],"jnews_single_post":{"subtitle":"","format":"standard","video":"","gallery":"","source_name":"","source_url":"","via_name":"","via_url":"","override_template":"0","override":[{"template":"1","single_blog_custom":"","parallax":"1","fullscreen":"1","layout":"right-sidebar","sidebar":"default-sidebar","second_sidebar":"default-sidebar","sticky_sidebar":"1","share_position":"top","share_float_style":"share-monocrhome","show_share_counter":"1","show_view_counter":"1","show_featured":"1","show_post_meta":"1","show_post_author":"1","show_post_author_image":"1","show_post_date":"1","post_date_format":"default","post_date_format_custom":"Y\/m\/d","show_post_category":"1","show_post_reading_time":"0","post_reading_time_wpm":"300","show_zoom_button":"0","zoom_button_out_step":"2","zoom_button_in_step":"3","show_post_tag":"1","show_prev_next_post":"1","show_popup_post":"1","number_popup_post":"1","show_author_box":"0","show_post_related":"0","show_inline_post_related":"0"}],"override_image_size":"0","image_override":[{"single_post_thumbnail_size":"crop-500","single_post_gallery_size":"crop-500"}],"trending_post":"0","trending_post_position":"meta","trending_post_label":"Trending","sponsored_post":"0","sponsored_post_label":"Sponsored by","sponsored_post_name":"","sponsored_post_url":"","sponsored_post_logo_enable":"0","sponsored_post_logo":"","sponsored_post_desc":"","disable_ad":"0"},"jnews_primary_category":{"id":"","hide":""},"jnews_override_bookmark_settings":[],"jnews_review":[],"enable_review":"","type":"","name":"","summary":"","brand":"","sku":"","good":[],"bad":[],"score_override":"","override_value":"","rating":[],"price":[],"jnews_post_split":[],"footnotes":""},"categories":[2],"tags":[10991,14967,7653,54],"class_list":["post-63326","post","type-post","status-publish","format-standard","has-post-thumbnail","hentry","category-news-politique","tag-lorganisation-de-la-cooperation-islamique","tag-nafti","tag-peuple-palestinien","tag-tunisie"],"_links":{"self":[{"href":"https:\/\/www.africanchallenges.com\/index.php?rest_route=\/wp\/v2\/posts\/63326","targetHints":{"allow":["GET"]}}],"collection":[{"href":"https:\/\/www.africanchallenges.com\/index.php?rest_route=\/wp\/v2\/posts"}],"about":[{"href":"https:\/\/www.africanchallenges.com\/index.php?rest_route=\/wp\/v2\/types\/post"}],"author":[{"embeddable":true,"href":"https:\/\/www.africanchallenges.com\/index.php?rest_route=\/wp\/v2\/users\/4"}],"replies":[{"embeddable":true,"href":"https:\/\/www.africanchallenges.com\/index.php?rest_route=%2Fwp%2Fv2%2Fcomments&post=63326"}],"version-history":[{"count":1,"href":"https:\/\/www.africanchallenges.com\/index.php?rest_route=\/wp\/v2\/posts\/63326\/revisions"}],"predecessor-version":[{"id":63328,"href":"https:\/\/www.africanchallenges.com\/index.php?rest_route=\/wp\/v2\/posts\/63326\/revisions\/63328"}],"wp:featuredmedia":[{"embeddable":true,"href":"https:\/\/www.africanchallenges.com\/index.php?rest_route=\/wp\/v2\/media\/63327"}],"wp:attachment":[{"href":"https:\/\/www.africanchallenges.com\/index.php?rest_route=%2Fwp%2Fv2%2Fmedia&parent=63326"}],"wp:term":[{"taxonomy":"category","embeddable":true,"href":"https:\/\/www.africanchallenges.com\/index.php?rest_route=%2Fwp%2Fv2%2Fcategories&post=63326"},{"taxonomy":"post_tag","embeddable":true,"href":"https:\/\/www.africanchallenges.com\/index.php?rest_route=%2Fwp%2Fv2%2Ftags&post=63326"}],"curies":[{"name":"wp","href":"https:\/\/api.w.org\/{rel}","templated":true}]}}