{"id":63078,"date":"2025-03-01T01:30:01","date_gmt":"2025-03-01T00:30:01","guid":{"rendered":"https:\/\/www.africanchallenges.com\/?p=63078"},"modified":"2025-03-01T01:31:56","modified_gmt":"2025-03-01T00:31:56","slug":"tunisie-progres-dans-lexecution-du-projet-dinterconnexion-electrique-elmed-qui-relie-la-tunisie-a-litalie","status":"publish","type":"post","link":"https:\/\/www.africanchallenges.com\/?p=63078","title":{"rendered":"Tunisie: Progr\u00e8s dans l&rsquo;ex\u00e9cution du projet d&rsquo;interconnexion \u00e9lectrique Elmed, qui relie la Tunisie \u00e0 l&rsquo;Italie"},"content":{"rendered":"\n<p class=\"wp-block-paragraph\">Le secr\u00e9taire d&rsquo;\u00c9tat charg\u00e9 de la transition \u00e9nerg\u00e9tique, M. Wael Chouchane, a rencontr\u00e9 le 28 f\u00e9vrier 2025 au si\u00e8ge du minist\u00e8re, une d\u00e9l\u00e9gation du gestionnaire du r\u00e9seau \u00e9lectrique italien TERNA, dirig\u00e9e par Mme Maria Rosaria Guarniere, en pr\u00e9sence de l&rsquo;ambassadeur d&rsquo;Italie en Tunisie, M. Alessando Brunas, du pr\u00e9sident et directeur g\u00e9n\u00e9ral de la soci\u00e9t\u00e9 tunisienne d&rsquo;\u00e9lectricit\u00e9 et de gaz, M. Fayel Tarifa, ainsi que de plusieurs responsables du minist\u00e8re.<\/p>\n\n\n\n<p class=\"wp-block-paragraph\">Cette r\u00e9union a permis de faire le point sur l&rsquo;avancement du projet d&rsquo;interconnexion \u00e9lectrique Elmed entre la Tunisie et l&rsquo;Italie, y compris les appels d&rsquo;offres pour les diff\u00e9rentes composantes de ce projet, qui devrait \u00eatre op\u00e9rationnel d&rsquo;ici la fin de l&rsquo;ann\u00e9e 2028.<\/p>\n\n\n\n<p class=\"wp-block-paragraph\">Le projet consiste en la r\u00e9alisation d&rsquo;un c\u00e2ble sous-marin de 220 km de long avec un courant continu \u00e0 haute tension de 500 kV et d&rsquo;une capacit\u00e9 de 600 MW, ainsi que de deux stations de conversion reliant les r\u00e9seaux \u00e9lectriques tunisien et italien.<\/p>\n\n\n\n<p class=\"wp-block-paragraph\">Tous les efforts sont d\u00e9ploy\u00e9s par les parties concern\u00e9es pour r\u00e9aliser le projet dans les d\u00e9lais et atteindre les objectifs vis\u00e9s, en notant qu&rsquo;il permettra de d\u00e9velopper le r\u00e9seau \u00e9lectrique national en int\u00e9grant davantage de capacit\u00e9s de production d&rsquo;\u00e9nergies renouvelables, contribuant ainsi \u00e0 r\u00e9duire le d\u00e9ficit \u00e9nerg\u00e9tique.<\/p>\n","protected":false},"excerpt":{"rendered":"<p>Le secr\u00e9taire d&rsquo;\u00c9tat charg\u00e9 de la transition \u00e9nerg\u00e9tique, M. Wael Chouchane, a rencontr\u00e9 le 28 f\u00e9vrier 2025 au si\u00e8ge du minist\u00e8re, une d\u00e9l\u00e9gation du gestionnaire du r\u00e9seau \u00e9lectrique italien TERNA, dirig\u00e9e par Mme Maria Rosaria Guarniere, en pr\u00e9sence de l&rsquo;ambassadeur d&rsquo;Italie en Tunisie, M. Alessando Brunas, du pr\u00e9sident et directeur g\u00e9n\u00e9ral de la soci\u00e9t\u00e9 tunisienne [&hellip;]<\/p>\n","protected":false},"author":4,"featured_media":63079,"comment_status":"open","ping_status":"closed","sticky":false,"template":"","format":"standard","meta":{"content-type":"","jnews-multi-image_gallery":[],"jnews_single_post":{"subtitle":"","format":"standard","video":"","gallery":"","source_name":"","source_url":"","via_name":"","via_url":"","override_template":"0","override":[{"template":"1","single_blog_custom":"","parallax":"1","fullscreen":"1","layout":"right-sidebar","sidebar":"default-sidebar","second_sidebar":"default-sidebar","sticky_sidebar":"1","share_position":"top","share_float_style":"share-monocrhome","show_share_counter":"1","show_view_counter":"1","show_featured":"1","show_post_meta":"1","show_post_author":"1","show_post_author_image":"1","show_post_date":"1","post_date_format":"default","post_date_format_custom":"Y\/m\/d","show_post_category":"1","show_post_reading_time":"0","post_reading_time_wpm":"300","show_zoom_button":"0","zoom_button_out_step":"2","zoom_button_in_step":"3","show_post_tag":"1","show_prev_next_post":"1","show_popup_post":"1","number_popup_post":"1","show_author_box":"0","show_post_related":"0","show_inline_post_related":"0"}],"override_image_size":"0","image_override":[{"single_post_thumbnail_size":"crop-500","single_post_gallery_size":"crop-500"}],"trending_post":"0","trending_post_position":"meta","trending_post_label":"Trending","sponsored_post":"0","sponsored_post_label":"Sponsored by","sponsored_post_name":"","sponsored_post_url":"","sponsored_post_logo_enable":"0","sponsored_post_logo":"","sponsored_post_desc":"","disable_ad":"0"},"jnews_primary_category":{"id":"","hide":""},"jnews_override_bookmark_settings":[],"jnews_review":[],"enable_review":"","type":"","name":"","summary":"","brand":"","sku":"","good":[],"bad":[],"score_override":"","override_value":"","rating":[],"price":[],"jnews_post_split":[],"footnotes":""},"categories":[43,73],"tags":[3599,14509,54],"class_list":["post-63078","post","type-post","status-publish","format-standard","has-post-thumbnail","hentry","category-eco-business","category-eco","tag-italie","tag-projet-dinterconnexion-electrique-elmed","tag-tunisie"],"_links":{"self":[{"href":"https:\/\/www.africanchallenges.com\/index.php?rest_route=\/wp\/v2\/posts\/63078","targetHints":{"allow":["GET"]}}],"collection":[{"href":"https:\/\/www.africanchallenges.com\/index.php?rest_route=\/wp\/v2\/posts"}],"about":[{"href":"https:\/\/www.africanchallenges.com\/index.php?rest_route=\/wp\/v2\/types\/post"}],"author":[{"embeddable":true,"href":"https:\/\/www.africanchallenges.com\/index.php?rest_route=\/wp\/v2\/users\/4"}],"replies":[{"embeddable":true,"href":"https:\/\/www.africanchallenges.com\/index.php?rest_route=%2Fwp%2Fv2%2Fcomments&post=63078"}],"version-history":[{"count":2,"href":"https:\/\/www.africanchallenges.com\/index.php?rest_route=\/wp\/v2\/posts\/63078\/revisions"}],"predecessor-version":[{"id":63083,"href":"https:\/\/www.africanchallenges.com\/index.php?rest_route=\/wp\/v2\/posts\/63078\/revisions\/63083"}],"wp:featuredmedia":[{"embeddable":true,"href":"https:\/\/www.africanchallenges.com\/index.php?rest_route=\/wp\/v2\/media\/63079"}],"wp:attachment":[{"href":"https:\/\/www.africanchallenges.com\/index.php?rest_route=%2Fwp%2Fv2%2Fmedia&parent=63078"}],"wp:term":[{"taxonomy":"category","embeddable":true,"href":"https:\/\/www.africanchallenges.com\/index.php?rest_route=%2Fwp%2Fv2%2Fcategories&post=63078"},{"taxonomy":"post_tag","embeddable":true,"href":"https:\/\/www.africanchallenges.com\/index.php?rest_route=%2Fwp%2Fv2%2Ftags&post=63078"}],"curies":[{"name":"wp","href":"https:\/\/api.w.org\/{rel}","templated":true}]}}