{"id":63011,"date":"2025-02-27T12:50:28","date_gmt":"2025-02-27T11:50:28","guid":{"rendered":"https:\/\/www.africanchallenges.com\/?p=63011"},"modified":"2025-02-27T12:50:29","modified_gmt":"2025-02-27T11:50:29","slug":"tunisie-lancement-du-plan-national-de-la-politique-climatique-contributions-determinees-au-niveau-national-a-l-horizon-2025","status":"publish","type":"post","link":"https:\/\/www.africanchallenges.com\/?p=63011","title":{"rendered":"Tunisie :Lancement du plan national de la politique climatique-Contributions d\u00e9termin\u00e9es au niveau national \u00e0 l&rsquo; Horizon 2025"},"content":{"rendered":"\n<p class=\"wp-block-paragraph\">Le mercredi 26 f\u00e9vrier 2025, le ministre de l&rsquo;Agriculture, des Ressources hydrauliques et de la P\u00eache, M. Ezzedine Ben Cheikh, a particip\u00e9 au lancement du plan national de politique climatique &#8211; Contributions D\u00e9termin\u00e9es au Niveau national \u00e0 l&rsquo;horizon 2035&Prime;, organis\u00e9e par le Minist\u00e8re de l&rsquo;Environnement sous le patronage de chef de gouvernement Kamel Maddouri, en pr\u00e9sence du ministre de l&rsquo;Environnement, M. Habib Abid, du ministre des Finances, Mme Michkat Salama Khalidi, du ministre de l&rsquo;Industrie, des Mines et de l&rsquo;\u00e9nergie, Mme Fatima Thabet chiboub, du gouverneur de Tunis, M. Imed boukhris, de la repr\u00e9sentante r\u00e9sidente du Programme des Nations Unies pour le D\u00e9veloppement, Mme C\u00e9line MAYROUD, pr\u00e9sidente de l\u2019UTICA&nbsp;, M. Samir Majoul, le chef de Cabinet du ministre de l&rsquo;Economie et de Planification, M. Lotfi Fradi, et avec la participation de divers acteurs du secteur public et du secteur priv\u00e9, financier et bancaire ainsi que des organisations Institutions internationales et experts dans le domaine du changement climatique.<\/p>\n\n\n\n<p class=\"wp-block-paragraph\">&nbsp;Dans son intervention, le ministre a soulign\u00e9 que le secteur agricole occupe une place \u00e9minente dans l&rsquo;\u00e9conomie tunisienne et dans les choix nationaux en raison de son r\u00f4le fondamental pour assurer une s\u00e9curit\u00e9 alimentaire durable, mais qu&rsquo;il fait face \u00e0 de grands d\u00e9fis, dont les plus importants sont peut-\u00eatre les changements climatiques similaires \u00e0 ce que notre pays a connu au cours des derni\u00e8res ann\u00e9es de s\u00e9cheresse.<\/p>\n\n\n\n<p class=\"wp-block-paragraph\">\u00c0 cet \u00e9gard, le minist\u00e8re a \u00e9labor\u00e9 une strat\u00e9gie de l\u2019eau \u00e0 l\u2019horizon 2050 pour accompagner l\u2019adaptation du secteur face aux changements. en rendant l&rsquo;utilisation de l&rsquo;eau plus efficace, en valorisant l&rsquo;eau trait\u00e9e et en dessalant l&rsquo;eau.<\/p>\n\n\n\n<p class=\"wp-block-paragraph\">&nbsp;Il a soulign\u00e9 que la Gestion Int\u00e9gr\u00e9e de l&rsquo;Eau en Tunisie repr\u00e9sente une exp\u00e9rience unique d&rsquo;adaptation et de r\u00e9sistance aux changements climatiques.&nbsp;<\/p>\n\n\n\n<p class=\"wp-block-paragraph\">Dans ce contexte, il a \u00e9galement soulign\u00e9 la n\u00e9cessit\u00e9 d&rsquo;efforts concert\u00e9s pour fournir un financement pour la mise en \u0153uvre du plan pratique de la strat\u00e9gie de l&rsquo;eau, en particulier \u00e0 travers des fonds de financement climatique.<\/p>\n","protected":false},"excerpt":{"rendered":"<p>Le mercredi 26 f\u00e9vrier 2025, le ministre de l&rsquo;Agriculture, des Ressources hydrauliques et de la P\u00eache, M. Ezzedine Ben Cheikh, a particip\u00e9 au lancement du plan national de politique climatique &#8211; Contributions D\u00e9termin\u00e9es au Niveau national \u00e0 l&rsquo;horizon 2035&Prime;, organis\u00e9e par le Minist\u00e8re de l&rsquo;Environnement sous le patronage de chef de gouvernement Kamel Maddouri, en [&hellip;]<\/p>\n","protected":false},"author":4,"featured_media":63012,"comment_status":"open","ping_status":"closed","sticky":false,"template":"","format":"standard","meta":{"content-type":"","jnews-multi-image_gallery":[],"jnews_single_post":{"subtitle":"","format":"standard","video":"","gallery":"","source_name":"","source_url":"","via_name":"","via_url":"","override_template":"0","override":[{"template":"1","single_blog_custom":"","parallax":"1","fullscreen":"1","layout":"right-sidebar","sidebar":"default-sidebar","second_sidebar":"default-sidebar","sticky_sidebar":"1","share_position":"top","share_float_style":"share-monocrhome","show_share_counter":"1","show_view_counter":"1","show_featured":"1","show_post_meta":"1","show_post_author":"1","show_post_author_image":"1","show_post_date":"1","post_date_format":"default","post_date_format_custom":"Y\/m\/d","show_post_category":"1","show_post_reading_time":"0","post_reading_time_wpm":"300","show_zoom_button":"0","zoom_button_out_step":"2","zoom_button_in_step":"3","show_post_tag":"1","show_prev_next_post":"1","show_popup_post":"1","number_popup_post":"1","show_author_box":"0","show_post_related":"0","show_inline_post_related":"0"}],"override_image_size":"0","image_override":[{"single_post_thumbnail_size":"crop-500","single_post_gallery_size":"crop-500"}],"trending_post":"0","trending_post_position":"meta","trending_post_label":"Trending","sponsored_post":"0","sponsored_post_label":"Sponsored by","sponsored_post_name":"","sponsored_post_url":"","sponsored_post_logo_enable":"0","sponsored_post_logo":"","sponsored_post_desc":"","disable_ad":"0"},"jnews_primary_category":{"id":"","hide":""},"jnews_override_bookmark_settings":[],"jnews_review":[],"enable_review":"","type":"","name":"","summary":"","brand":"","sku":"","good":[],"bad":[],"score_override":"","override_value":"","rating":[],"price":[],"jnews_post_split":[],"footnotes":""},"categories":[2],"tags":[14573,759,14859,54],"class_list":["post-63011","post","type-post","status-publish","format-standard","has-post-thumbnail","hentry","category-news-politique","tag-ezzedine-ben-cheikh","tag-lancement","tag-plan-national-de-la-politique-climatique","tag-tunisie"],"_links":{"self":[{"href":"https:\/\/www.africanchallenges.com\/index.php?rest_route=\/wp\/v2\/posts\/63011","targetHints":{"allow":["GET"]}}],"collection":[{"href":"https:\/\/www.africanchallenges.com\/index.php?rest_route=\/wp\/v2\/posts"}],"about":[{"href":"https:\/\/www.africanchallenges.com\/index.php?rest_route=\/wp\/v2\/types\/post"}],"author":[{"embeddable":true,"href":"https:\/\/www.africanchallenges.com\/index.php?rest_route=\/wp\/v2\/users\/4"}],"replies":[{"embeddable":true,"href":"https:\/\/www.africanchallenges.com\/index.php?rest_route=%2Fwp%2Fv2%2Fcomments&post=63011"}],"version-history":[{"count":1,"href":"https:\/\/www.africanchallenges.com\/index.php?rest_route=\/wp\/v2\/posts\/63011\/revisions"}],"predecessor-version":[{"id":63013,"href":"https:\/\/www.africanchallenges.com\/index.php?rest_route=\/wp\/v2\/posts\/63011\/revisions\/63013"}],"wp:featuredmedia":[{"embeddable":true,"href":"https:\/\/www.africanchallenges.com\/index.php?rest_route=\/wp\/v2\/media\/63012"}],"wp:attachment":[{"href":"https:\/\/www.africanchallenges.com\/index.php?rest_route=%2Fwp%2Fv2%2Fmedia&parent=63011"}],"wp:term":[{"taxonomy":"category","embeddable":true,"href":"https:\/\/www.africanchallenges.com\/index.php?rest_route=%2Fwp%2Fv2%2Fcategories&post=63011"},{"taxonomy":"post_tag","embeddable":true,"href":"https:\/\/www.africanchallenges.com\/index.php?rest_route=%2Fwp%2Fv2%2Ftags&post=63011"}],"curies":[{"name":"wp","href":"https:\/\/api.w.org\/{rel}","templated":true}]}}