{"id":62980,"date":"2025-02-26T22:13:16","date_gmt":"2025-02-26T21:13:16","guid":{"rendered":"https:\/\/www.africanchallenges.com\/?p=62980"},"modified":"2025-02-26T22:13:19","modified_gmt":"2025-02-26T21:13:19","slug":"la-tunisie-annonce-son-plan-national-de-la-politique-climatique","status":"publish","type":"post","link":"https:\/\/www.africanchallenges.com\/?p=62980","title":{"rendered":"La Tunisie annonce son plan national de la politique climatique"},"content":{"rendered":"\n<p class=\"wp-block-paragraph\">\u00a0Sous l&rsquo;\u00e9gide du chef de gouvernement, M. Kamel Madouri, le Minist\u00e8re de l&rsquo;Environnement a lanc\u00e9, le mercredi 26 f\u00e9vrier 2025, la pr\u00e9paration du plan national de la politique climatique \u2013 la Contribution D\u00e9termin\u00e9e au Niveau National \u00ab\u00a03. 0\u00a0\u00bb.<\/p>\n\n\n\n<p class=\"wp-block-paragraph\">La ministre de l&rsquo;Industrie, des Mines et de l&rsquo;\u00e9nergie, Mme Fatma Thabet Chiboub, a particip\u00e9 \u00e0 l&rsquo;atelier minist\u00e9riel organis\u00e9 en marge de la conf\u00e9rence nationale d\u00e9di\u00e9e \u00e0 cette annonce, pr\u00e9sid\u00e9 par le ministre de l&rsquo;Environnement, M. Habib Abid..<\/p>\n\n\n\n<p class=\"wp-block-paragraph\">L&rsquo;atelier a r\u00e9uni le ministre des Finances, Mme Mishkat Salama Khalidi, le ministre de l&rsquo;Agriculture, des Ressources hydrauliques et de la P\u00eache, M. Ezzedine Ben Cheikh, le pr\u00e9sident de l\u2019utica, M. Samir Majoul, le gouverneur de Tunis, M. Imed Boukhris, le chef de Cabinet du Minist\u00e8re de l&rsquo;Economie et du Planification, M. Lotfi Fradi, la repr\u00e9sentante r\u00e9sidente du Programme des Nations Unies pour le d\u00e9veloppement, Mme C\u00e9line Moreaud, ainsi qu&rsquo;un nombre important de repr\u00e9sentants des minist\u00e8res et des structures nationales concern\u00e9s par le changement climatique, de repr\u00e9sentants des instances internationales, des organisations partenaires, du secteur priv\u00e9, d&rsquo;experts sur le terrain et de hauts fonctionnaires financiers et bancaires.<\/p>\n\n\n\n<p class=\"wp-block-paragraph\">&nbsp;Dans son discours, la ministre a soulign\u00e9 l&rsquo;importance de cette initiative, qui t\u00e9moigne de la volont\u00e9 de la Tunisie de respecter ses engagements en mati\u00e8re de protection de l&rsquo;environnement et de l&rsquo;oc\u00e9an, et a \u00e9voqu\u00e9 les efforts nationaux pour garantir une transition rapide vers un mod\u00e8le \u00e9nerg\u00e9tique ax\u00e9 sur les \u00e9nergies renouvelables, diversifier le mix \u00e9nerg\u00e9tique et moderniser les infrastructures afin de renforcer la souverainet\u00e9 \u00e9nerg\u00e9tique nationale.<\/p>\n\n\n\n<p class=\"wp-block-paragraph\">Dans ce contexte, elle a insist\u00e9 sur la n\u00e9cessit\u00e9 d&rsquo;une int\u00e9gration entre les secteurs public et priv\u00e9, tout en continuant d&rsquo;activer la contribution des donateurs pour accompagner les programmes de transition \u00e9nerg\u00e9tique gr\u00e2ce \u00e0 des m\u00e9canismes de financement efficaces, d&rsquo;autant plus que notre pays vise \u00e0 r\u00e9duire les \u00e9missions de carbone et de gaz \u00e0 effet de serre tout en stimulant davantage les investissements dans les \u00e9nergies renouvelables, en plus d&rsquo;impl\u00e9menter des programmes d&rsquo;efficacit\u00e9 \u00e9nerg\u00e9tique et de production d&rsquo;\u00e9nergie recombinante dans le secteur industriel, ainsi que la collecte et la valorisation des d\u00e9chets de phosphogypse dans le secteur minier.<\/p>\n\n\n\n<p class=\"wp-block-paragraph\">La ministre a \u00e9galement appel\u00e9 \u00e0 adopter une approche de d\u00e9veloppement plus int\u00e9gr\u00e9e pour les r\u00e9gions int\u00e9rieures, fond\u00e9e sur des investissements accrus dans des projets prioritaires et sur la mise en \u0153uvre d&rsquo;une approche environnementale int\u00e9gr\u00e9e pour garantir la croissance \u00e9conomique et r\u00e9aliser la justice sociale.<\/p>\n\n\n\n<p class=\"wp-block-paragraph\">Dans ce contexte, elle a examin\u00e9 les r\u00e9formes structurelles et les m\u00e9canismes les plus importants mis en \u0153uvre par les diff\u00e9rentes entit\u00e9s du minist\u00e8re, notamment la cr\u00e9ation d&rsquo;un organisme de r\u00e9gulation pour le secteur de l&rsquo;\u00e9lectricit\u00e9 et le lancement d&rsquo;un magazine d\u00e9di\u00e9 aux \u00e9nergies renouvelables, visant \u00e0 harmoniser les textes juridiques actuels du secteur ainsi que les avanc\u00e9es en mati\u00e8re de connectivit\u00e9 \u00e9lectrique avec l&rsquo;Europe.<\/p>\n\n\n\n<p class=\"wp-block-paragraph\">Ces initiatives s&rsquo;inscrivent dans les grandes lignes de la Strat\u00e9gie \u00e9nerg\u00e9tique nationale pour faciliter la transition vers une \u00e9conomie neutre en carbone, renforcer la comp\u00e9titivit\u00e9 et promouvoir la transformation \u00e9cologique.<\/p>\n\n\n\n<p class=\"wp-block-paragraph\">&nbsp;En parall\u00e8le de cette conf\u00e9rence nationale, des tables rondes ont \u00e9t\u00e9 organis\u00e9es pour discuter des enjeux et des opportunit\u00e9s que la nouvelle politique climatique pourrait offrir au secteur de l&rsquo;\u00e9nergie en Tunisie.<\/p>\n","protected":false},"excerpt":{"rendered":"<p>\u00a0Sous l&rsquo;\u00e9gide du chef de gouvernement, M. Kamel Madouri, le Minist\u00e8re de l&rsquo;Environnement a lanc\u00e9, le mercredi 26 f\u00e9vrier 2025, la pr\u00e9paration du plan national de la politique climatique \u2013 la Contribution D\u00e9termin\u00e9e au Niveau National \u00ab\u00a03. 0\u00a0\u00bb. La ministre de l&rsquo;Industrie, des Mines et de l&rsquo;\u00e9nergie, Mme Fatma Thabet Chiboub, a particip\u00e9 \u00e0 l&rsquo;atelier [&hellip;]<\/p>\n","protected":false},"author":4,"featured_media":62981,"comment_status":"open","ping_status":"closed","sticky":false,"template":"","format":"standard","meta":{"content-type":"","jnews-multi-image_gallery":[],"jnews_single_post":{"subtitle":"","format":"standard","video":"","gallery":"","source_name":"","source_url":"","via_name":"","via_url":"","override_template":"0","override":[{"template":"1","single_blog_custom":"","parallax":"1","fullscreen":"1","layout":"right-sidebar","sidebar":"default-sidebar","second_sidebar":"default-sidebar","sticky_sidebar":"1","share_position":"top","share_float_style":"share-monocrhome","show_share_counter":"1","show_view_counter":"1","show_featured":"1","show_post_meta":"1","show_post_author":"1","show_post_author_image":"1","show_post_date":"1","post_date_format":"default","post_date_format_custom":"Y\/m\/d","show_post_category":"1","show_post_reading_time":"0","post_reading_time_wpm":"300","show_zoom_button":"0","zoom_button_out_step":"2","zoom_button_in_step":"3","show_post_tag":"1","show_prev_next_post":"1","show_popup_post":"1","number_popup_post":"1","show_author_box":"0","show_post_related":"0","show_inline_post_related":"0"}],"override_image_size":"0","image_override":[{"single_post_thumbnail_size":"crop-500","single_post_gallery_size":"crop-500"}],"trending_post":"0","trending_post_position":"meta","trending_post_label":"Trending","sponsored_post":"0","sponsored_post_label":"Sponsored by","sponsored_post_name":"","sponsored_post_url":"","sponsored_post_logo_enable":"0","sponsored_post_logo":"","sponsored_post_desc":"","disable_ad":"0"},"jnews_primary_category":{"id":"","hide":""},"jnews_override_bookmark_settings":[],"jnews_review":[],"enable_review":"","type":"","name":"","summary":"","brand":"","sku":"","good":[],"bad":[],"score_override":"","override_value":"","rating":[],"price":[],"jnews_post_split":[],"footnotes":""},"categories":[2],"tags":[11889,9732,4331,14849,54],"class_list":["post-62980","post","type-post","status-publish","format-standard","has-post-thumbnail","hentry","category-news-politique","tag-fatma-thabet-chiboub","tag-kamel-madouri","tag-plan-national","tag-politique-climatique","tag-tunisie"],"_links":{"self":[{"href":"https:\/\/www.africanchallenges.com\/index.php?rest_route=\/wp\/v2\/posts\/62980","targetHints":{"allow":["GET"]}}],"collection":[{"href":"https:\/\/www.africanchallenges.com\/index.php?rest_route=\/wp\/v2\/posts"}],"about":[{"href":"https:\/\/www.africanchallenges.com\/index.php?rest_route=\/wp\/v2\/types\/post"}],"author":[{"embeddable":true,"href":"https:\/\/www.africanchallenges.com\/index.php?rest_route=\/wp\/v2\/users\/4"}],"replies":[{"embeddable":true,"href":"https:\/\/www.africanchallenges.com\/index.php?rest_route=%2Fwp%2Fv2%2Fcomments&post=62980"}],"version-history":[{"count":1,"href":"https:\/\/www.africanchallenges.com\/index.php?rest_route=\/wp\/v2\/posts\/62980\/revisions"}],"predecessor-version":[{"id":62982,"href":"https:\/\/www.africanchallenges.com\/index.php?rest_route=\/wp\/v2\/posts\/62980\/revisions\/62982"}],"wp:featuredmedia":[{"embeddable":true,"href":"https:\/\/www.africanchallenges.com\/index.php?rest_route=\/wp\/v2\/media\/62981"}],"wp:attachment":[{"href":"https:\/\/www.africanchallenges.com\/index.php?rest_route=%2Fwp%2Fv2%2Fmedia&parent=62980"}],"wp:term":[{"taxonomy":"category","embeddable":true,"href":"https:\/\/www.africanchallenges.com\/index.php?rest_route=%2Fwp%2Fv2%2Fcategories&post=62980"},{"taxonomy":"post_tag","embeddable":true,"href":"https:\/\/www.africanchallenges.com\/index.php?rest_route=%2Fwp%2Fv2%2Ftags&post=62980"}],"curies":[{"name":"wp","href":"https:\/\/api.w.org\/{rel}","templated":true}]}}